{"id":176760,"date":"2025-12-05T15:37:25","date_gmt":"2025-12-05T15:37:25","guid":{"rendered":"https:\/\/www.europesays.com\/pt\/176760\/"},"modified":"2025-12-05T15:37:25","modified_gmt":"2025-12-05T15:37:25","slug":"mafalda-castro-revela-como-esta-a-viver-fase-de-descanso-em-televisao","status":"publish","type":"post","link":"https:\/\/www.europesays.com\/pt\/176760\/","title":{"rendered":"Mafalda Castro &#8211; Revela como est\u00e1 a viver fase de descanso em televis\u00e3o"},"content":{"rendered":"<p><strong>Estamos a chegar ao Natal. J\u00e1 sabe como vai passar esta \u00e9poca?<\/strong><\/p>\n<p>Sim, vamos juntar a fam\u00edlia toda em nossa casa, e olhar o tempo todo para o Manel [risos]. Acho que as aten\u00e7\u00f5es estar\u00e3o 100% direcionadas para ele.<\/p>\n<p><strong>\u00c9 a \u00fanica crian\u00e7a na fam\u00edlia?<\/strong><\/p>\n<p>Sim, \u00e9 a \u00fanica crian\u00e7a, portanto vai ter toda a aten\u00e7\u00e3o. Vamos divertir-nos, n\u00f3s mais do que ele, porque ele n\u00e3o vai perceber muito bem o que \u00e9 que se est\u00e1 a passar. Mas tenho a certeza de que vai adorar, porque adora pessoas, a casa cheia, festa, palmas, luzes, e adora comer tamb\u00e9m, portanto vai amar o Natal.<\/p>\n<p><strong>J\u00e1 tem uma veia art\u00edstica, ent\u00e3o?<\/strong><\/p>\n<p>Sim, est\u00e1 pronto para os palcos.<\/p>\n<p><strong>O Manel j\u00e1 tem no\u00e7\u00e3o do que o rodeia, como o Natal?<\/strong><\/p>\n<p>N\u00e3o, ainda n\u00e3o faz ideia o que \u00e9 que se passa na vida. Est\u00e1 noutra.<\/p>\n<p><strong>Tem alguma tradi\u00e7\u00e3o na Consoada?<\/strong><\/p>\n<p>Acho que n\u00e3o. No fundo, s\u00f3 damos mesmo valor a estar em fam\u00edlia. Sei que isto \u00e9 um clich\u00ea gigante, mas n\u00e3o temos nada daquelas tradi\u00e7\u00f5es divertid\u00edssimas que as fam\u00edlias t\u00eam. S\u00f3 gostamos muito de estar \u00e0 mesa a falar uns com os outros.<\/p>\n<p><strong>E presentes?<\/strong><\/p>\n<p>Tamb\u00e9m n\u00e3o acho que ser\u00e1 a coisa mais importante, apesar de eu adorar dar presentes.<\/p>\n<p><strong>Mais do que receber?<\/strong><\/p>\n<p>Sim, mais do que de receber. At\u00e9 porque raramente acertam, e nem eu sei o que \u00e9 que quero [risos]. Gosto muito de dar presentes, mas n\u00e3o acho que seja a coisa mais importante do Natal. N\u00e3o estou nada ansiosa para saber que presentes \u00e9 que vou receber, mas j\u00e1 tenho quase todos os presentes prontos para dar.<\/p>\n<p><strong>Mas assim com tanta anteced\u00eancia? H\u00e1 algum especial para o Rui?<\/strong><\/p>\n<p>Sim, h\u00e1 um especial para o Rui. E j\u00e1 sei o que \u00e9, mas ainda n\u00e3o est\u00e1 comprado. O meu maior p\u00e2nico \u00e9 ir nas v\u00e9speras comprar presentes de Natal, isso n\u00e3o vai acontecer.<\/p>\n<p><strong>\u00c9 muito organizada?<\/strong><\/p>\n<p>Nada, n\u00e3o sou nada organizada.<\/p>\n<p><strong>Mas quem trabalha com as redes sociais precisa de ter uma rotina\u2026<\/strong><\/p>\n<p>Sim, mas tenho pessoas que fazem isso por mim. Toda essa parte que envolve ser organizada n\u00e3o \u00e9 comigo. Nem pode ser, porque vai falhar [risos].<\/p>\n<p><strong>E tem facilidade em delegar as coisas?<\/strong><\/p>\n<p>Sim, porque vai ficar melhor se for feito pelos outros do que por mim. Ou seja, sou eu que trato do conte\u00fado, obviamente, mas a parte da organiza\u00e7\u00e3o, do g\u00e9nero \u201ctemos que publicar neste dia, temos que fazer isto ou aquilo\u201d, isso n\u00e3o. H\u00e1 sempre pessoas que fazem por mim, da minha ag\u00eancia, porque eu n\u00e3o sou nada boa nessas coisas. Eu s\u00f3 sou organizada a n\u00edvel pessoal. Com o meu filho nada me escapa, nunca me esqueci de nada, sou sempre certinha com tudo, tenho uma rotina que quase nunca falha. Agora a n\u00edvel profissional preciso sempre de ajuda.<\/p>\n<p><strong>Neste momento est\u00e1 num per\u00edodo de pausa televisiva. Como \u00e9 que est\u00e1 a ser?<\/strong><\/p>\n<p>Estou muito bem, a aproveitar mais o meu filho e tamb\u00e9m os projetos que tenho no digital. Sinto que tenho mais tempo para me dedicar e pensar em coisas que quero fazer. Acho que a televis\u00e3o \u00e9 muito assim: numa altura, temos muito trabalho, parece que o mundo vai acabar amanh\u00e3, com muita coisa a acontecer; e h\u00e1 outras alturas em que n\u00e3o temos tanta coisa. Portanto, sinto que estou numa dessas fases.<\/p>\n<p>Leia esta mat\u00e9ria na \u00edntegra na sua NOVA GENTE desta semana. J\u00e1 nas bancas<\/p>\n<p><img decoding=\"async\" alt=\"\" src=\"https:\/\/www.europesays.com\/pt\/wp-content\/uploads\/2025\/12\/1764949043_197_1.55711-e1764760791428.jpg .jpeg\" style=\"width: 350px; height: 451px;\"\/><\/p>\n<p>Texto: LU\u00cdS DUARTE SOUSA; Fotos: NUNO MOREIRA e Arquivo Impala.\u00a0<\/p>\n<p class=\"intagram-text\">Siga a Nova Gente no Instagram<\/p>\n<p>                        <a href=\"https:\/\/www.instagram.com\/revistanovagente\/\" target=\"_blank\" aria-label=\"instagram\" rel=\"noopener nofollow\"><img decoding=\"async\" style=\"display: block; margin-left: auto; margin-right: auto; width: 250px; height: 83px;\" src=\"https:\/\/www.europesays.com\/pt\/wp-content\/uploads\/2025\/11\/Instagram_NG.png\" alt=\"instagram\"\/><\/a><br \/>\n                    <script async src=\"\/\/www.instagram.com\/embed.js\"><\/script><\/p>\n","protected":false},"excerpt":{"rendered":"Estamos a chegar ao Natal. J\u00e1 sabe como vai passar esta \u00e9poca? Sim, vamos juntar a fam\u00edlia toda&hellip;\n","protected":false},"author":2,"featured_media":176761,"comment_status":"","ping_status":"","sticky":false,"template":"","format":"standard","meta":{"footnotes":""},"categories":[145],"tags":[211,210,114,115,1326,32,33,1327,162],"class_list":{"0":"post-176760","1":"post","2":"type-post","3":"status-publish","4":"format-standard","5":"has-post-thumbnail","7":"category-celebridades","8":"tag-celebridades","9":"tag-celebrities","10":"tag-entertainment","11":"tag-entretenimento","12":"tag-mafalda-castro","13":"tag-portugal","14":"tag-pt","15":"tag-rui-simoes","16":"tag-tvi"},"share_on_mastodon":{"url":"https:\/\/pubeurope.com\/@pt\/115667707322850620","error":""},"_links":{"self":[{"href":"https:\/\/www.europesays.com\/pt\/wp-json\/wp\/v2\/posts\/176760","targetHints":{"allow":["GET"]}}],"collection":[{"href":"https:\/\/www.europesays.com\/pt\/wp-json\/wp\/v2\/posts"}],"about":[{"href":"https:\/\/www.europesays.com\/pt\/wp-json\/wp\/v2\/types\/post"}],"author":[{"embeddable":true,"href":"https:\/\/www.europesays.com\/pt\/wp-json\/wp\/v2\/users\/2"}],"replies":[{"embeddable":true,"href":"https:\/\/www.europesays.com\/pt\/wp-json\/wp\/v2\/comments?post=176760"}],"version-history":[{"count":0,"href":"https:\/\/www.europesays.com\/pt\/wp-json\/wp\/v2\/posts\/176760\/revisions"}],"wp:featuredmedia":[{"embeddable":true,"href":"https:\/\/www.europesays.com\/pt\/wp-json\/wp\/v2\/media\/176761"}],"wp:attachment":[{"href":"https:\/\/www.europesays.com\/pt\/wp-json\/wp\/v2\/media?parent=176760"}],"wp:term":[{"taxonomy":"category","embeddable":true,"href":"https:\/\/www.europesays.com\/pt\/wp-json\/wp\/v2\/categories?post=176760"},{"taxonomy":"post_tag","embeddable":true,"href":"https:\/\/www.europesays.com\/pt\/wp-json\/wp\/v2\/tags?post=176760"}],"curies":[{"name":"wp","href":"https:\/\/api.w.org\/{rel}","templated":true}]}}