{"id":176768,"date":"2025-12-05T15:49:09","date_gmt":"2025-12-05T15:49:09","guid":{"rendered":"https:\/\/www.europesays.com\/pt\/176768\/"},"modified":"2025-12-05T15:49:09","modified_gmt":"2025-12-05T15:49:09","slug":"portuenses-poderao-ter-transportes-publicos-gratuitos-ja-no-segundo-semestre-de-2026-mobilidade","status":"publish","type":"post","link":"https:\/\/www.europesays.com\/pt\/176768\/","title":{"rendered":"Portuenses poder\u00e3o ter transportes p\u00fablicos gratuitos j\u00e1 no segundo semestre de 2026 | Mobilidade"},"content":{"rendered":"<p>Estava previsto para o in\u00edcio de 2027, mas \u00e9 poss\u00edvel que seja antecipado: os transportes p\u00fablicos gratuitos para todos os portuenses podem estar dispon\u00edveis j\u00e1 \u201cno segundo semestre\u201d de 2026, avan\u00e7ou Pedro Duarte esta sexta-feira, dia em que assinala um m\u00eas de presid\u00eancia na C\u00e2mara do Porto.<\/p>\n<p>\u00c0 margem de uma visita ao Hospital Joaquim Urbano, e \u00e0 semelhan\u00e7a do que dissera ao Jornal de Not\u00edcias, o autarca do Porto partilhou que \u201cas reuni\u00f5es [de trabalho] t\u00eam corrido muito bem\u201d e \u00e9 muito prov\u00e1vel que seja poss\u00edvel antecipar a primeira data que avan\u00e7ara para a efectividade da medida. \u201cAgora \u00e9 uma quest\u00e3o t\u00e9cnica e temos a vontade que seja o mais cedo poss\u00edvel\u201d, afirmou.<\/p>\n<p>O passe Andante ser\u00e1 gratuito para os portuenses, mas \u201cvai custar dinheiro\u201d e a C\u00e2mara do Porto est\u00e1 a trabalhar no processo tecnol\u00f3gico que vai permitir \u201ccontabilizar\u201d as entradas para, depois, \u201cacertar contas\u201d, explicou. A medida, tal como j\u00e1 tinha avan\u00e7ado, ser\u00e1 paga pela taxa tur\u00edstica.<\/p>\n<p>Em 2026, os bilhetes de bordo e os t\u00edtulos ocasionais do Andante, dos transportes p\u00fablicos da \u00c1rea Metropolitana do Porto v\u00e3o <a href=\"https:\/\/www.publico.pt\/2025\/11\/28\/local\/noticia\/bilhetes-bordo-andante-ocasional-aumento-2026-passes-mantem-preco-2156406\" rel=\"nofollow noopener\" target=\"_blank\">aumentar o pre\u00e7o<\/a>, mas os valores dos passes mensais v\u00e3o manter-se. O valor dos aumentos ser\u00e1 definido ainda neste m\u00eas de Dezembro.<\/p>\n","protected":false},"excerpt":{"rendered":"Estava previsto para o in\u00edcio de 2027, mas \u00e9 poss\u00edvel que seja antecipado: os transportes p\u00fablicos gratuitos para&hellip;\n","protected":false},"author":2,"featured_media":176769,"comment_status":"","ping_status":"","sticky":false,"template":"","format":"standard","meta":{"footnotes":""},"categories":[10],"tags":[27,28,15,16,14,25,26,352,21,22,4998,12,13,19,20,18043,462,32,23,24,33,17,18,2588,29,30,31],"class_list":{"0":"post-176768","1":"post","2":"type-post","3":"status-publish","4":"format-standard","5":"has-post-thumbnail","7":"category-portugal","8":"tag-breaking-news","9":"tag-breakingnews","10":"tag-featured-news","11":"tag-featurednews","12":"tag-headlines","13":"tag-latest-news","14":"tag-latestnews","15":"tag-local","16":"tag-main-news","17":"tag-mainnews","18":"tag-mobilidade","19":"tag-news","20":"tag-noticias","21":"tag-noticias-principais","22":"tag-noticiasprincipais","23":"tag-pedro-duarte","24":"tag-porto","25":"tag-portugal","26":"tag-principais-noticias","27":"tag-principaisnoticias","28":"tag-pt","29":"tag-top-stories","30":"tag-topstories","31":"tag-transportes","32":"tag-ultimas","33":"tag-ultimas-noticias","34":"tag-ultimasnoticias"},"share_on_mastodon":{"url":"https:\/\/pubeurope.com\/@pt\/115667754265639341","error":""},"_links":{"self":[{"href":"https:\/\/www.europesays.com\/pt\/wp-json\/wp\/v2\/posts\/176768","targetHints":{"allow":["GET"]}}],"collection":[{"href":"https:\/\/www.europesays.com\/pt\/wp-json\/wp\/v2\/posts"}],"about":[{"href":"https:\/\/www.europesays.com\/pt\/wp-json\/wp\/v2\/types\/post"}],"author":[{"embeddable":true,"href":"https:\/\/www.europesays.com\/pt\/wp-json\/wp\/v2\/users\/2"}],"replies":[{"embeddable":true,"href":"https:\/\/www.europesays.com\/pt\/wp-json\/wp\/v2\/comments?post=176768"}],"version-history":[{"count":0,"href":"https:\/\/www.europesays.com\/pt\/wp-json\/wp\/v2\/posts\/176768\/revisions"}],"wp:featuredmedia":[{"embeddable":true,"href":"https:\/\/www.europesays.com\/pt\/wp-json\/wp\/v2\/media\/176769"}],"wp:attachment":[{"href":"https:\/\/www.europesays.com\/pt\/wp-json\/wp\/v2\/media?parent=176768"}],"wp:term":[{"taxonomy":"category","embeddable":true,"href":"https:\/\/www.europesays.com\/pt\/wp-json\/wp\/v2\/categories?post=176768"},{"taxonomy":"post_tag","embeddable":true,"href":"https:\/\/www.europesays.com\/pt\/wp-json\/wp\/v2\/tags?post=176768"}],"curies":[{"name":"wp","href":"https:\/\/api.w.org\/{rel}","templated":true}]}}