{"id":176778,"date":"2025-12-05T16:00:14","date_gmt":"2025-12-05T16:00:14","guid":{"rendered":"https:\/\/www.europesays.com\/pt\/176778\/"},"modified":"2025-12-05T16:00:14","modified_gmt":"2025-12-05T16:00:14","slug":"renata-reis-revela-o-seu-palpite-para-a-expulsao-do-secret-story-desta-semana","status":"publish","type":"post","link":"https:\/\/www.europesays.com\/pt\/176778\/","title":{"rendered":"Renata Reis revela o seu palpite para a expuls\u00e3o do Secret Story desta semana"},"content":{"rendered":"<p>\t\t\t\t\t\t\t\t\t\t\t\t<a href=\"#\" onclick=\"window.open('http:\/\/www.facebook.com\/sharer.php?u=https:\/\/cusquices.com\/renata-reis-revela-o-seu-palpite-para-a-expulsao-do-secret-story-desta-semana\/&amp;t=Renata Reis revela o seu palpite para a expuls\u00e3o do Secret Story desta semana', 'facebookShare', 'width=626,height=436'); return false;\" title=\"Share on Facebook\"><\/p>\n<p>Share<\/p>\n<p><\/a><br \/>\n\t\t\t\t\t\t\t\t\t\t\t\t<a href=\"#\" onclick=\"window.open('http:\/\/twitter.com\/share?text=Renata Reis revela o seu palpite para a expuls\u00e3o do Secret Story desta semana -&amp;url=https:\/\/cusquices.com\/renata-reis-revela-o-seu-palpite-para-a-expulsao-do-secret-story-desta-semana\/', 'twitterShare', 'width=626,height=436'); return false;\" title=\"Tweet This Post\"><\/p>\n<p>Tweet<\/p>\n<p><\/a><br \/>\n\t\t\t\t\t\t\t\t\t\t\t\t<a href=\"whatsapp:\/\/send?text=Renata Reis revela o seu palpite para a expuls\u00e3o do Secret Story desta semana https:\/\/cusquices.com\/renata-reis-revela-o-seu-palpite-para-a-expulsao-do-secret-story-desta-semana\/\" rel=\"nofollow\"><\/p>\n<p>Share<\/p>\n<p><\/a><br \/>\n\t\t\t\t\t\t\t\t\t\t\t\t<a href=\"#\" onclick=\"window.open('http:\/\/pinterest.com\/pin\/create\/button\/?url=https:\/\/cusquices.com\/renata-reis-revela-o-seu-palpite-para-a-expulsao-do-secret-story-desta-semana\/&amp;media=https:\/\/cusquices.com\/wp-content\/uploads\/2025\/12\/renatareis-nomeados-1000x600.jpg&amp;description=Renata Reis revela o seu palpite para a expuls\u00e3o do Secret Story desta semana', 'pinterestShare', 'width=750,height=350'); return false;\" title=\"Pin This Post\"><\/p>\n<p>Share<\/p>\n<p><\/a><br \/>\n\t\t\t\t\t\t\t\t\t\t\t\t<a href=\"mailto:?subject=Renata Reis revela o seu palpite para a expuls\u00e3o do Secret Story desta semana&amp;BODY=I found this article interesting and thought of sharing it with you. Check it out: https:\/\/cusquices.com\/renata-reis-revela-o-seu-palpite-para-a-expulsao-do-secret-story-desta-semana\/\"><\/p>\n<p>Email<\/p>\n<p><\/a><br \/>\n\t\t\t\t\t\t\t\t\t\t\t\t\t\t\t\t\t\t\t\t\t\t\t\t\t\t\t\t\t\t\t\t\t\t\t\t\t\t\t\t\t\t\t\t\t\t\t\t\t\t\t\t\t<a href=\"https:\/\/cusquices.com\/renata-reis-revela-o-seu-palpite-para-a-expulsao-do-secret-story-desta-semana\/#respond\" rel=\"nofollow noopener\" target=\"_blank\"><\/p>\n<p>Renata n\u00e3o tem d\u00favidas e revela quem ser\u00e1 para si o pr\u00f3ximo concorrente a abandonar a casa mais vigiada do pa\u00eds.<\/p>\n<p>Esta manh\u00e3, 5 de dezembro, <strong>Cl\u00e1udio Ramos<\/strong> recebeu no <strong>\u2018Dois \u00e0s 10\u2019<\/strong>, alguns ex-concorrentes de reality shows: <strong>Renata Reis, Gon\u00e7alo Quinaz e J\u00e9ssica Vieira, <\/strong>para comentarem os \u00faltimos acontecimentos da casa mais vigiada do pa\u00eds.<\/p>\n<p>Logo no in\u00edcio da tert\u00falia,<strong> Cl\u00e1udio Ramos, <\/strong>questionou os comentadores sobre os seus palpites para a expuls\u00e3o deste domingo. Recordamos que em risco temos,<strong> Bruna, Liliana, Marisa e Pedro jorge.<\/strong><\/p>\n<p>Renata Reis apontou o nome de Bruna, e justificou: <strong>\u201cA Bruna. Pedro j\u00e1 vimos que \u00e9 um dos favoritos, j\u00e1 vimos que n\u00e3o sai. Marisa tamb\u00e9m n\u00e3o me acredito que sai porque fica sempre salva nos primeiros ligares, a Liliana da \u00faltima vez que foi a nomea\u00e7\u00f5es esteve quase para sair, mas como o F\u00e1bio n\u00e3o est\u00e1 nomeado acredito que v\u00e3o juntar os apoiantes, ela n\u00e3o vai sair.\u201d<\/strong><\/p>\n<p><strong>\u201cA Bruna, aquilo est\u00e1 a ficar muito negro, ela n\u00e3o est\u00e1 com uma imagem que a favore\u00e7a muito, acredito que ser\u00e1 ela a sair.<\/strong>\u201c, acrescentou Renata Reis.<\/p>\n<p><strong>Leia tamb\u00e9m:<\/strong><\/p>\n<p>\t\t\t\t\t\t\t\t\t\t\t\t\t\t\t\t\t\t\t\t\t\t\t\t\t<img decoding=\"async\" src=\"https:\/\/www.europesays.com\/pt\/wp-content\/uploads\/2025\/10\/cusquices-logo-52x.png\" class=\"webpexpress-processed\"\/><\/p>\n<p>\t\t\t\t\t\t\t\t\t\t\t\t\t\t\t\t\t\t\t\t\t            \t\t\t\t\t\t\t\t\t\t\t\t\t\t\t\t\t\t\t\t\t\t\t\t\t\t\t\t\t\t\t\t\t\t\t\t\t\t\t<script async src=\"https:\/\/platform.twitter.com\/widgets.js\" charset=\"utf-8\"><\/script><\/p>\n","protected":false},"excerpt":{"rendered":"Share Tweet Share Share Email Renata n\u00e3o tem d\u00favidas e revela quem ser\u00e1 para si o pr\u00f3ximo concorrente&hellip;\n","protected":false},"author":2,"featured_media":176779,"comment_status":"","ping_status":"","sticky":false,"template":"","format":"standard","meta":{"footnotes":""},"categories":[85],"tags":[2632,49,114,115,32,33,2115],"class_list":{"0":"post-176778","1":"post","2":"type-post","3":"status-publish","4":"format-standard","5":"has-post-thumbnail","7":"category-entretenimento","8":"tag-casa-dos-segredos","9":"tag-destaques","10":"tag-entertainment","11":"tag-entretenimento","12":"tag-portugal","13":"tag-pt","14":"tag-renata-reis"},"share_on_mastodon":{"url":"https:\/\/pubeurope.com\/@pt\/115667797979504223","error":""},"_links":{"self":[{"href":"https:\/\/www.europesays.com\/pt\/wp-json\/wp\/v2\/posts\/176778","targetHints":{"allow":["GET"]}}],"collection":[{"href":"https:\/\/www.europesays.com\/pt\/wp-json\/wp\/v2\/posts"}],"about":[{"href":"https:\/\/www.europesays.com\/pt\/wp-json\/wp\/v2\/types\/post"}],"author":[{"embeddable":true,"href":"https:\/\/www.europesays.com\/pt\/wp-json\/wp\/v2\/users\/2"}],"replies":[{"embeddable":true,"href":"https:\/\/www.europesays.com\/pt\/wp-json\/wp\/v2\/comments?post=176778"}],"version-history":[{"count":0,"href":"https:\/\/www.europesays.com\/pt\/wp-json\/wp\/v2\/posts\/176778\/revisions"}],"wp:featuredmedia":[{"embeddable":true,"href":"https:\/\/www.europesays.com\/pt\/wp-json\/wp\/v2\/media\/176779"}],"wp:attachment":[{"href":"https:\/\/www.europesays.com\/pt\/wp-json\/wp\/v2\/media?parent=176778"}],"wp:term":[{"taxonomy":"category","embeddable":true,"href":"https:\/\/www.europesays.com\/pt\/wp-json\/wp\/v2\/categories?post=176778"},{"taxonomy":"post_tag","embeddable":true,"href":"https:\/\/www.europesays.com\/pt\/wp-json\/wp\/v2\/tags?post=176778"}],"curies":[{"name":"wp","href":"https:\/\/api.w.org\/{rel}","templated":true}]}}