{"id":176814,"date":"2025-12-05T16:21:25","date_gmt":"2025-12-05T16:21:25","guid":{"rendered":"https:\/\/www.europesays.com\/pt\/176814\/"},"modified":"2025-12-05T16:21:25","modified_gmt":"2025-12-05T16:21:25","slug":"residencia-mo-heritage-mo-he-studio","status":"publish","type":"post","link":"https:\/\/www.europesays.com\/pt\/176814\/","title":{"rendered":"Resid\u00eancia M\u00d4 He\u2019ritage \/ M\u00d4 he studio"},"content":{"rendered":"<p><a class=\"js-image-size__link \" href=\"https:\/\/www.archdaily.com.br\/br\/1036503\/residencia-mo-heritage-mo-he-studio\/69286506049e220001083833-mo-heritage-villa-mo-he-studio-photo\" rel=\"attachment nofollow noopener\" style=\"width: 100%; height: 100%;\" target=\"_blank\"><img decoding=\"async\" alt=\"Resid\u00eancia M\u00d4 He\u2019ritage \/ M\u00d4 he studio - Fotografia de Exterior, Madeira\" data-nr-picture-id=\"69286506049e220001083833\" fetchpriority=\"high\" height=\"479\" itemprop=\"image\" loading=\"eager\" longdesc=\"https:\/\/www.archdaily.com.br\/br\/1036503\/residencia-mo-heritage-mo-he-studio\/69286506049e220001083833-mo-heritage-villa-mo-he-studio-photo\" src=\"https:\/\/www.europesays.com\/pt\/wp-content\/uploads\/2025\/12\/4.jpg\" style=\"min-height: var(--featured-height, auto); aspect-ratio: auto 640 \/ 479\" width=\"640\"\/><\/a>\u00a9 Cao Xuan Hoa<\/p>\n<p class=\"thumbs afd-desktop-e clearfix\"><a class=\"thumbs__link\" data-nr-picture-id=\"69286506049e220001083838\" href=\"https:\/\/www.archdaily.com.br\/br\/1036503\/residencia-mo-heritage-mo-he-studio\/69286506049e220001083838-mo-heritage-villa-mo-he-studio-photo\" rel=\"attachment nofollow noopener\" target=\"_blank\"><img loading=\"lazy\" decoding=\"async\" alt=\"Resid\u00eancia M\u00d4 He\u2019ritage \/ M\u00d4 he studio - Imagem 2 de 33\" class=\"thumbs__img b-lazy\" data-nr-picture-id=\"69286506049e220001083838\" data-pin-nopin=\"true\" src=\"https:\/\/www.europesays.com\/pt\/wp-content\/uploads\/2025\/12\/11.jpg\" height=\"125\" longdesc=\"https:\/\/www.archdaily.com.br\/br\/1036503\/residencia-mo-heritage-mo-he-studio\/69286506049e220001083838-mo-heritage-villa-mo-he-studio-photo\" title=\"\u00a9 Cao Xuan Hoa\" width=\"125\"\/><\/a><a class=\"thumbs__link\" data-nr-picture-id=\"69286506049e220001083839\" href=\"https:\/\/www.archdaily.com.br\/br\/1036503\/residencia-mo-heritage-mo-he-studio\/69286506049e220001083839-mo-heritage-villa-mo-he-studio-photo\" rel=\"attachment nofollow noopener\" target=\"_blank\"><img loading=\"lazy\" decoding=\"async\" alt=\"Resid\u00eancia M\u00d4 He\u2019ritage \/ M\u00d4 he studio - Imagem 3 de 33\" class=\"thumbs__img b-lazy\" data-nr-picture-id=\"69286506049e220001083839\" data-pin-nopin=\"true\" src=\"https:\/\/www.europesays.com\/pt\/wp-content\/uploads\/2025\/12\/12.jpg\" height=\"125\" longdesc=\"https:\/\/www.archdaily.com.br\/br\/1036503\/residencia-mo-heritage-mo-he-studio\/69286506049e220001083839-mo-heritage-villa-mo-he-studio-photo\" title=\"\u00a9 Cao Xuan Hoa\" width=\"125\"\/><\/a><a class=\"thumbs__link\" data-nr-picture-id=\"69286505049e22000108382b\" href=\"https:\/\/www.archdaily.com.br\/br\/1036503\/residencia-mo-heritage-mo-he-studio\/69286505049e22000108382b-mo-heritage-villa-mo-he-studio-photo\" rel=\"attachment nofollow noopener\" target=\"_blank\"><img loading=\"lazy\" decoding=\"async\" alt=\"Resid\u00eancia M\u00d4 He\u2019ritage \/ M\u00d4 he studio - Fotografia de Interiores, Madeira, Ilumina\u00e7\u00e3o, Viga, Dormit\u00f3rio\" class=\"thumbs__img b-lazy\" data-nr-picture-id=\"69286505049e22000108382b\" data-pin-nopin=\"true\" src=\"https:\/\/www.europesays.com\/pt\/wp-content\/uploads\/2025\/12\/23.jpg\" height=\"125\" longdesc=\"https:\/\/www.archdaily.com.br\/br\/1036503\/residencia-mo-heritage-mo-he-studio\/69286505049e22000108382b-mo-heritage-villa-mo-he-studio-photo\" title=\"\u00a9 Cao Xuan Hoa\" width=\"125\"\/><\/a><a class=\"thumbs__link\" data-nr-picture-id=\"69286506049e220001083831\" href=\"https:\/\/www.archdaily.com.br\/br\/1036503\/residencia-mo-heritage-mo-he-studio\/69286506049e220001083831-mo-heritage-villa-mo-he-studio-photo\" rel=\"attachment nofollow noopener\" target=\"_blank\"><img loading=\"lazy\" decoding=\"async\" alt=\"Resid\u00eancia M\u00d4 He\u2019ritage \/ M\u00d4 he studio - Fotografia de Exterior, Concreto\" class=\"thumbs__img b-lazy\" data-nr-picture-id=\"69286506049e220001083831\" data-pin-nopin=\"true\" src=\"https:\/\/www.europesays.com\/pt\/wp-content\/uploads\/2025\/12\/2.jpg\" height=\"125\" longdesc=\"https:\/\/www.archdaily.com.br\/br\/1036503\/residencia-mo-heritage-mo-he-studio\/69286506049e220001083831-mo-heritage-villa-mo-he-studio-photo\" title=\"\u00a9 Cao Xuan Hoa\" width=\"125\"\/><\/a><a class=\"gallery-link afd-desktop-e\" href=\"https:\/\/www.archdaily.com.br\/br\/1036503\/residencia-mo-heritage-mo-he-studio\/69286506049e220001083833-mo-heritage-villa-mo-he-studio-photo\" rel=\"nofollow noopener\" target=\"_blank\"><img decoding=\"async\" alt=\"Resid\u00eancia M\u00d4 He\u2019ritage \/ M\u00d4 he studio - Mais Imagens\" class=\"thumbs__img b-lazy\" src=\"https:\/\/www.europesays.com\/pt\/wp-content\/uploads\/2025\/12\/4.jpg\" itemprop=\"image\" bad-src=\"data:image\/gif;base64,R0lGODlhAQABAIAAAAUEBAAAACwAAAAAAQABAAACAkQBADs=\"\/>+ 28<\/a><\/p>\n<p>    Compartilhar<\/p>\n<p>Compartilhar<\/p>\n<ul class=\"afd-share__networks clearfix\">\n<li class=\"afd-share__social\"><a aria-label=\"Facebook\" class=\"afd-share__button\" data-insights-category=\"share\" data-insights-label=\"facebook_sharing_options\" data-insights-value=\"1036503\" data-social=\"facebook\" href=\"https:\/\/www.facebook.com\/sharer\/sharer.php?u=https:\/\/www.archdaily.com.br\/br\/1036503\/residencia-mo-heritage-mo-he-studio\" rel=\"nofollow noopener\" target=\"_blank\"><\/a>\n<p>Facebook<\/p>\n<\/li>\n<li class=\"afd-share__social\"><a aria-label=\"Twitter\" class=\"afd-share__button\" data-insights-category=\"share\" data-insights-label=\"twitter_sharing_options\" data-insights-value=\"1036503\" data-social=\"twitter\" href=\"https:\/\/twitter.com\/intent\/tweet?text=Resid%C3%AAncia%20M%C3%94%20He%E2%80%99ritage%20%2F%20M%C3%94%20he%20studio&amp;url=https:\/\/www.archdaily.com.br\/br\/1036503\/residencia-mo-heritage-mo-he-studio&amp;via=archdailybr\" rel=\"nofollow noopener\" target=\"_blank\"><\/a>\n<p>Twitter<\/p>\n<\/li>\n<li class=\"afd-share__social\"><a class=\"afd-share__button\" data-insights-category=\"share\" data-insights-label=\"email_sharing_options\" data-insights-value=\"1036503\" data-social=\"email\" href=\"mailto:?subject=Resid\u00eancia M\u00d4 He\u2019ritage \/ M\u00d4 he studio&amp;body=https:\/\/www.archdaily.com.br\/br\/1036503\/residencia-mo-heritage-mo-he-studio\"><\/a>\n<p>Mail<\/p>\n<\/li>\n<li class=\"afd-share__social\"><a aria-label=\"Pinterest\" class=\"afd-share__button\" data-insights-category=\"share\" data-insights-label=\"pinterest_sharing_options\" data-insights-value=\"1036503\" data-social=\"pinterest\" href=\"https:\/\/pinterest.com\/pin\/create\/button\/?url=https%3A%2F%2Fwww.archdaily.com.br%2Fbr%2F1036503%2Fresidencia-mo-heritage-mo-he-studio&amp;media=https%3A%2F%2Fimages.adsttc.com%2Fmedia%2Fimages%2F6928%2F6506%2F049e%2F2200%2F0108%2F3833%2Flarge_jpg%2F4.jpg%3F1764257613&amp;description=Resid%C3%AAncia%20M%C3%94%20He%E2%80%99ritage%20%2F%20M%C3%94%20he%20studio\" rel=\"nofollow noopener\" target=\"_blank\"><\/a>\n<p>Pinterest<\/p>\n<\/li>\n<li class=\"afd-share__social\"><a aria-label=\"Whatsapp\" class=\"afd-share__button\" data-action=\"share\/whatsapp\/share\" data-insights-category=\"share\" data-insights-label=\"whatsapp_sharing_options\" data-insights-value=\"1036503\" data-social=\"whatsapp\" href=\"whatsapp:\/\/send?text=Resid%C3%AAncia+M%C3%94+He%E2%80%99ritage+%2F+M%C3%94+he+studio+%7C+https%3A%2F%2Fwww.archdaily.com.br%2Fbr%2F1036503%2Fresidencia-mo-heritage-mo-he-studio%3Futm_source%3DWhatsapp%26utm_medium%3DIM%26utm_campaign%3Dshare-button\" rel=\"nofollow\"><\/a>\n<p>Whatsapp<\/p>\n<\/li>\n<\/ul>\n<p>Ou<\/p>\n<p>https:\/\/www.archdaily.com.br\/br\/1036503\/residencia-mo-heritage-mo-he-studio<\/p>\n<ul class=\"afd-char-list afd-specs__item-container js-char-list\">\n<li class=\"afd-specs__item\">\n<\/li>\n<li class=\"afd-specs__item\">\n  \u00c1rea<br \/>\n  \u00c1rea deste projeto de arquitetura<\/p>\n<p>\u00c1rea:\u00a0<br \/>\n        <a href=\"https:\/\/www.archdaily.com.br\/search\/br\/projects\/min_area\/245\/max_area\/368?ad_name=project-specs&amp;ad_medium=single\" rel=\"nofollow noopener\" target=\"_blank\">307<\/a> m\u00b2<\/li>\n<li class=\"afd-specs__item\">\n<p>  Ano<br \/>\n  Ano de conclus\u00e3o deste projeto de arquitetura<\/p>\n<p>            Ano:\u00a0<\/p>\n<p>                    <a href=\"https:\/\/www.archdaily.com.br\/search\/br\/projects\/year\/2025?ad_name=project-specs&amp;ad_medium=single\" rel=\"nofollow noopener\" target=\"_blank\"><br \/>\n          2025<br \/>\n        <\/a><\/p>\n<\/li>\n<li class=\"afd-specs__item\">\n<p>  Fot\u00f3grafo<\/p>\n<\/li>\n<\/ul>\n<p><a class=\"js-image-size__link lazy-anchor\" href=\"https:\/\/www.archdaily.com.br\/br\/1036503\/residencia-mo-heritage-mo-he-studio\/69286506049e220001083831-mo-heritage-villa-mo-he-studio-photo\" rel=\"nofollow noopener\" target=\"_blank\"><img decoding=\"async\" alt=\"Resid\u00eancia M\u00d4 He\u2019ritage \/ M\u00d4 he studio - Fotografia de Exterior, Concreto\" data-nr-picture-id=\"69286506049e220001083831\" height=\"427\" itemprop=\"image\" loading=\"lazy\" longdesc=\"https:\/\/www.archdaily.com.br\/br\/1036503\/residencia-mo-heritage-mo-he-studio\/69286506049e220001083831-mo-heritage-villa-mo-he-studio-photo\" src=\"https:\/\/www.europesays.com\/pt\/wp-content\/uploads\/2025\/12\/1764951681_611_2.jpg\" width=\"640\"\/>\u00a9 Cao Xuan Hoa<\/a><\/p>\n<p>Descri\u00e7\u00e3o enviada pela equipe de projeto. MICROSCOPIOS \u2013 \u201cA arquitetura \u00e9 um microcosmo.\u201d O conceito de \u201clugar\u201d e de \u201ceu\u201d na arquitetura tornou-se um tema recorrente na produ\u00e7\u00e3o contempor\u00e2nea nas \u00faltimas d\u00e9cadas. O M\u00d4he\u2019ritage n\u00e3o exagera, n\u00e3o transforma a arquitetura em uma marca datada; pelo contr\u00e1rio, \u00e9 simples, pr\u00f3ximo e delicado, como a inf\u00e2ncia inocente e sens\u00edvel de algu\u00e9m. Parte de uma s\u00e9rie de vilas de resort e pequenos homestays, \u201cM\u00d4\u201d vem da palavra \u201conde\u201d no dialeto do Vietn\u00e3 Central \u2014 tamb\u00e9m soando como um convite acolhedor dos habitantes locais.<\/p>\n<p><a class=\"js-image-size__link lazy-anchor\" href=\"https:\/\/www.archdaily.com.br\/br\/1036503\/residencia-mo-heritage-mo-he-studio\/69286506049e220001083834-mo-heritage-villa-mo-he-studio-photo\" rel=\"nofollow noopener\" target=\"_blank\"><img decoding=\"async\" alt=\"Resid\u00eancia M\u00d4 He\u2019ritage \/ M\u00d4 he studio - Fotografia de Exterior, Madeira\" data-nr-picture-id=\"69286506049e220001083834\" height=\"427\" itemprop=\"image\" loading=\"lazy\" longdesc=\"https:\/\/www.archdaily.com.br\/br\/1036503\/residencia-mo-heritage-mo-he-studio\/69286506049e220001083834-mo-heritage-villa-mo-he-studio-photo\" src=\"https:\/\/www.europesays.com\/pt\/wp-content\/uploads\/2025\/12\/5.jpg\" width=\"640\"\/>\u00a9 Cao Xuan Hoa<\/a><a class=\"js-image-size__link lazy-anchor\" href=\"https:\/\/www.archdaily.com.br\/br\/1036503\/residencia-mo-heritage-mo-he-studio\/69286506049e22000108383f-mo-heritage-villa-mo-he-studio-photo\" rel=\"nofollow noopener\" target=\"_blank\"><img decoding=\"async\" alt=\"Resid\u00eancia M\u00d4 He\u2019ritage \/ M\u00d4 he studio - Fotografia de Exterior, Jardim\" data-nr-picture-id=\"69286506049e22000108383f\" height=\"427\" itemprop=\"image\" loading=\"lazy\" longdesc=\"https:\/\/www.archdaily.com.br\/br\/1036503\/residencia-mo-heritage-mo-he-studio\/69286506049e22000108383f-mo-heritage-villa-mo-he-studio-photo\" src=\"https:\/\/www.europesays.com\/pt\/wp-content\/uploads\/2025\/12\/7.jpg\" width=\"640\"\/>\u00a9 Cao Xuan Hoa<\/a><\/p>\n<p>Localizado na terra natal de dois reis, na regi\u00e3o oeste de Han\u00f3i (Sontay, ou Doai), o projeto \u00e9 um ponto de conex\u00e3o entre diversos s\u00edtios hist\u00f3ricos e paisagens da regi\u00e3o, como o Templo Va, a antiga vila de Duong Lam e a montanha Ba Vi. Sob o tema \u201creescrever a hist\u00f3ria do patrim\u00f4nio\u201d, o autor transforma valores materiais e imateriais de Doai em uma obra contempor\u00e2nea.<\/p>\n<p><a class=\"js-image-size__link lazy-anchor\" href=\"https:\/\/www.archdaily.com.br\/br\/1036503\/residencia-mo-heritage-mo-he-studio\/69286506049e220001083838-mo-heritage-villa-mo-he-studio-photo\" rel=\"nofollow noopener\" target=\"_blank\"><img decoding=\"async\" alt=\"Resid\u00eancia M\u00d4 He\u2019ritage \/ M\u00d4 he studio - Imagem 2 de 33\" data-nr-picture-id=\"69286506049e220001083838\" height=\"427\" itemprop=\"image\" loading=\"lazy\" longdesc=\"https:\/\/www.archdaily.com.br\/br\/1036503\/residencia-mo-heritage-mo-he-studio\/69286506049e220001083838-mo-heritage-villa-mo-he-studio-photo\" src=\"https:\/\/www.europesays.com\/pt\/wp-content\/uploads\/2025\/12\/1764951682_898_11.jpg\" width=\"640\"\/>\u00a9 Cao Xuan Hoa<\/a><a class=\"js-image-size__link lazy-anchor\" href=\"https:\/\/www.archdaily.com.br\/br\/1036503\/residencia-mo-heritage-mo-he-studio\/69286506049e22000108383a-mo-heritage-villa-mo-he-studio-photo\" rel=\"nofollow noopener\" target=\"_blank\"><img decoding=\"async\" alt=\"Resid\u00eancia M\u00d4 He\u2019ritage \/ M\u00d4 he studio - Fotografia de Interiores, Madeira, Ilumina\u00e7\u00e3o\" data-nr-picture-id=\"69286506049e22000108383a\" height=\"427\" itemprop=\"image\" loading=\"lazy\" longdesc=\"https:\/\/www.archdaily.com.br\/br\/1036503\/residencia-mo-heritage-mo-he-studio\/69286506049e22000108383a-mo-heritage-villa-mo-he-studio-photo\" src=\"https:\/\/www.europesays.com\/pt\/wp-content\/uploads\/2025\/12\/13.jpg\" width=\"640\"\/>\u00a9 Cao Xuan Hoa<\/a><\/p>\n<p>ESPACO DA MENTE \u2013 Duong Lam \u00e9 conhecida por suas pedras later\u00edticas, pelas casas tradicionais do norte e pela cl\u00e1ssica configura\u00e7\u00e3o das aldeias antigas: \u201c\u00e1rvore de figueira, cais e p\u00e1tio da casa comunal\u201d. Quem cresceu em Doai visualiza de olhos fechados a textura fresca e \u00e1spera da laterita, o cheiro antigo da madeira nos pilares, caibros e vigas. No M\u00d4he\u2019ritage, basta deixar a mente vagar por cada canto, por cada material, para perceber que a arquitetura antiga ainda est\u00e1 ali \u2014 bela, \u00edntegra, moderna e plenamente confort\u00e1vel.intacta, muito moderna e ainda muito confort\u00e1vel.<\/p>\n<p><a class=\"js-image-size__link lazy-anchor\" href=\"https:\/\/www.archdaily.com.br\/br\/1036503\/residencia-mo-heritage-mo-he-studio\/69286506049e22000108383c-mo-heritage-villa-mo-he-studio-photo\" rel=\"nofollow noopener\" target=\"_blank\"><img decoding=\"async\" alt=\"Resid\u00eancia M\u00d4 He\u2019ritage \/ M\u00d4 he studio - Fotografia de Interiores, Sala de Jantar, Madeira, Mesa, Cadeira, Viga\" data-nr-picture-id=\"69286506049e22000108383c\" height=\"427\" itemprop=\"image\" loading=\"lazy\" longdesc=\"https:\/\/www.archdaily.com.br\/br\/1036503\/residencia-mo-heritage-mo-he-studio\/69286506049e22000108383c-mo-heritage-villa-mo-he-studio-photo\" src=\"https:\/\/www.europesays.com\/pt\/wp-content\/uploads\/2025\/12\/15.jpg\" width=\"640\"\/>\u00a9 Cao Xuan Hoa<\/a><a class=\"js-image-size__link lazy-anchor\" href=\"https:\/\/www.archdaily.com.br\/br\/1036503\/residencia-mo-heritage-mo-he-studio\/69286506049e220001083837-mo-heritage-villa-mo-he-studio-photo\" rel=\"nofollow noopener\" target=\"_blank\"><img decoding=\"async\" alt=\"Resid\u00eancia M\u00d4 He\u2019ritage \/ M\u00d4 he studio - Fotografia de Interiores, Madeira, Ilumina\u00e7\u00e3o, Cadeira, Viga\" data-nr-picture-id=\"69286506049e220001083837\" height=\"427\" itemprop=\"image\" loading=\"lazy\" longdesc=\"https:\/\/www.archdaily.com.br\/br\/1036503\/residencia-mo-heritage-mo-he-studio\/69286506049e220001083837-mo-heritage-villa-mo-he-studio-photo\" src=\"https:\/\/www.europesays.com\/pt\/wp-content\/uploads\/2025\/12\/1764951682_711_10.jpg\" width=\"640\"\/>\u00a9 Cao Xuan Hoa<\/a><\/p>\n<p>FRAGMENTO DE PATRIM\u00d4NIO \u2013 A instala\u00e7\u00e3o art\u00edstica \u00e9 frequentemente entendida como parte da arquitetura contempor\u00e2nea; o reuso tamb\u00e9m \u00e9 uma pr\u00e1tica consolidada na arquitetura sustent\u00e1vel. O M\u00d4he\u2019ritage, contudo, n\u00e3o rotula sua abordagem: o autor prefere preservar seu car\u00e1ter \u00fanico, seu \u201cego\u201d pr\u00f3prio. Entre espa\u00e7os de exposi\u00e7\u00e3o da mem\u00f3ria arquitet\u00f4nica, o patrim\u00f4nio \u00e9 recriado de forma renovada, por meio de preserva\u00e7\u00e3o, narrativas e novas interpreta\u00e7\u00f5es. Os \u201cfragmentos de patrim\u00f4nio\u201d evocam lembran\u00e7as e transmitem um \u201cesp\u00edrito cultural\u201d, fazendo com que heran\u00e7as materiais e imateriais habitem o espa\u00e7o. Componentes de madeira com valor hist\u00f3rico \u2014 partes entalhadas de antigas casas tradicionais, pe\u00e7as de madeira com s\u00e9culos de idade \u2014 s\u00e3o acolhidos no projeto como bancos, apoios e pequenos assentos no canto da casa. As hist\u00f3rias desses fragmentos s\u00e3o simples e diretas.<\/p>\n<p><a class=\"js-image-size__link lazy-anchor\" href=\"https:\/\/www.archdaily.com.br\/br\/1036503\/residencia-mo-heritage-mo-he-studio\/6928686e7d3e95018a349d29-mo-heritage-villa-mo-he-studio-1st-floor-plan\" rel=\"nofollow noopener\" target=\"_blank\"><img decoding=\"async\" alt=\"Resid\u00eancia M\u00d4 He\u2019ritage \/ M\u00d4 he studio - Imagem 29 de 33\" data-nr-picture-id=\"6928686e7d3e95018a349d29\" height=\"427\" itemprop=\"image\" loading=\"lazy\" longdesc=\"https:\/\/www.archdaily.com.br\/br\/1036503\/residencia-mo-heritage-mo-he-studio\/6928686e7d3e95018a349d29-mo-heritage-villa-mo-he-studio-1st-floor-plan\" src=\"https:\/\/www.europesays.com\/pt\/wp-content\/uploads\/2025\/12\/mbt1-32.jpg\" width=\"640\"\/>Planta &#8211; 1\u00b0 Andar<\/a><a class=\"js-image-size__link lazy-anchor\" href=\"https:\/\/www.archdaily.com.br\/br\/1036503\/residencia-mo-heritage-mo-he-studio\/6928686f7d3e95018a349d2b-mo-heritage-villa-mo-he-studio-section\" rel=\"nofollow noopener\" target=\"_blank\"><img decoding=\"async\" alt=\"Resid\u00eancia M\u00d4 He\u2019ritage \/ M\u00d4 he studio - Imagem 32 de 33\" data-nr-picture-id=\"6928686f7d3e95018a349d2b\" height=\"427\" itemprop=\"image\" loading=\"lazy\" longdesc=\"https:\/\/www.archdaily.com.br\/br\/1036503\/residencia-mo-heritage-mo-he-studio\/6928686f7d3e95018a349d2b-mo-heritage-villa-mo-he-studio-section\" src=\"https:\/\/www.europesays.com\/pt\/wp-content\/uploads\/2025\/12\/mc-34.jpg\" width=\"640\"\/>Se\u00e7\u00e3o<\/a><\/p>\n<p>OS CINCO ELEMENTOS E O FLUXO DE ENERGIA \u2013 A arquitetura tradicional vietnamita \u00e9, por natureza, integrada ao ambiente. Os cinco elementos do Feng Shui se inserem no microcosmo humano sem imposi\u00e7\u00e3o. Segundo o princ\u00edpio de \u201cretorno ao c\u00edrculo original\u201d, a casa \u00e9 o lugar onde as pessoas se re\u00fanem ao redor do fogo para suas atividades comunit\u00e1rias \u2014 comer, aquecer-se, conversar \u2014, onde se formam o compartilhamento e a prote\u00e7\u00e3o m\u00fatua. Assim como nas casas tradicionais do Vietn\u00e3, o Fogo (a Cozinha) n\u00e3o \u00e9 apenas uma fun\u00e7\u00e3o, mas o cora\u00e7\u00e3o da casa \u2014 o centro da vitalidade, da mem\u00f3ria e da conex\u00e3o.<\/p>\n<p><a class=\"js-image-size__link lazy-anchor\" href=\"https:\/\/www.archdaily.com.br\/br\/1036503\/residencia-mo-heritage-mo-he-studio\/69286504049e220001083827-mo-heritage-villa-mo-he-studio-photo\" rel=\"nofollow noopener\" target=\"_blank\"><img decoding=\"async\" alt=\"Resid\u00eancia M\u00d4 He\u2019ritage \/ M\u00d4 he studio - Fotografia de Interiores, Madeira, Ilumina\u00e7\u00e3o, Mesa, Viga, Cadeira\" data-nr-picture-id=\"69286504049e220001083827\" height=\"427\" itemprop=\"image\" loading=\"lazy\" longdesc=\"https:\/\/www.archdaily.com.br\/br\/1036503\/residencia-mo-heritage-mo-he-studio\/69286504049e220001083827-mo-heritage-villa-mo-he-studio-photo\" src=\"https:\/\/www.europesays.com\/pt\/wp-content\/uploads\/2025\/12\/18.jpg\" width=\"640\"\/>\u00a9 Cao Xuan Hoa<\/a><a class=\"js-image-size__link lazy-anchor\" href=\"https:\/\/www.archdaily.com.br\/br\/1036503\/residencia-mo-heritage-mo-he-studio\/69286506049e22000108383b-mo-heritage-villa-mo-he-studio-photo\" rel=\"nofollow noopener\" target=\"_blank\"><img decoding=\"async\" alt=\"Resid\u00eancia M\u00d4 He\u2019ritage \/ M\u00d4 he studio - Fotografia de Interiores, Madeira, Ilumina\u00e7\u00e3o, Mesa, Cadeira, Viga\" data-nr-picture-id=\"69286506049e22000108383b\" height=\"427\" itemprop=\"image\" loading=\"lazy\" longdesc=\"https:\/\/www.archdaily.com.br\/br\/1036503\/residencia-mo-heritage-mo-he-studio\/69286506049e22000108383b-mo-heritage-villa-mo-he-studio-photo\" src=\"https:\/\/www.europesays.com\/pt\/wp-content\/uploads\/2025\/12\/14.jpg\" width=\"640\"\/>\u00a9 Cao Xuan Hoa<\/a><\/p>\n<p>O Fogo (Cozinha) age como o eixo do universo na cultura oriental, em torno do qual se organizam os demais ambientes. O braseiro central, sagrado e ao mesmo tempo \u00edntimo, traz consigo o cheiro da lenha, o calor e as risadas das crian\u00e7as \u2014 conduzindo a mente pela fuma\u00e7a at\u00e9 as mem\u00f3rias doces da inf\u00e2ncia. \u00c9 ali que o fogo se mant\u00e9m vivo de gera\u00e7\u00e3o em gera\u00e7\u00e3o, despertando todos os sentidos com sua energia Yang.<\/p>\n<p><a class=\"js-image-size__link lazy-anchor\" href=\"https:\/\/www.archdaily.com.br\/br\/1036503\/residencia-mo-heritage-mo-he-studio\/69286504049e220001083826-mo-heritage-villa-mo-he-studio-photo\" rel=\"nofollow noopener\" target=\"_blank\"><img decoding=\"async\" alt=\"Resid\u00eancia M\u00d4 He\u2019ritage \/ M\u00d4 he studio - Fotografia de Interiores\" data-nr-picture-id=\"69286504049e220001083826\" height=\"427\" itemprop=\"image\" loading=\"lazy\" longdesc=\"https:\/\/www.archdaily.com.br\/br\/1036503\/residencia-mo-heritage-mo-he-studio\/69286504049e220001083826-mo-heritage-villa-mo-he-studio-photo\" src=\"https:\/\/www.europesays.com\/pt\/wp-content\/uploads\/2025\/12\/17.jpg\" width=\"640\"\/>\u00a9 Cao Xuan Hoa<\/a><\/p>\n<p>A \u00c1gua aparece em um tanque pequeno, mas suficiente para brincar, seguro como os bra\u00e7os de uma m\u00e3e, e que se liga simbolicamente ao lago da aldeia, ao grande lago e at\u00e9 ao Rio Vermelho. Pequeno, mas verde o bastante, ele equilibra a energia suave do Yin.<\/p>\n<p><a class=\"js-image-size__link lazy-anchor\" href=\"https:\/\/www.archdaily.com.br\/br\/1036503\/residencia-mo-heritage-mo-he-studio\/69286505049e220001083828-mo-heritage-villa-mo-he-studio-photo\" rel=\"nofollow noopener\" target=\"_blank\"><img decoding=\"async\" alt=\"Resid\u00eancia M\u00d4 He\u2019ritage \/ M\u00d4 he studio - Imagem 17 de 33\" data-nr-picture-id=\"69286505049e220001083828\" height=\"427\" itemprop=\"image\" loading=\"lazy\" longdesc=\"https:\/\/www.archdaily.com.br\/br\/1036503\/residencia-mo-heritage-mo-he-studio\/69286505049e220001083828-mo-heritage-villa-mo-he-studio-photo\" src=\"https:\/\/www.europesays.com\/pt\/wp-content\/uploads\/2025\/12\/19.jpg\" width=\"640\"\/>\u00a9 Cao Xuan Hoa<\/a><\/p>\n<p>As colunas e estruturas de madeira, respons\u00e1veis pela longevidade das constru\u00e7\u00f5es tradicionais, s\u00e3o reutilizadas aqui a partir de antigas casas danificadas. Representam o elemento Madeira, que carrega energia Yang leve. Junto \u00e0s \u00e1rvores do entorno, criam corredores, linhas espaciais e objetos ao mesmo tempo funcionais e hist\u00f3ricos.<\/p>\n<p><a class=\"js-image-size__link lazy-anchor\" href=\"https:\/\/www.archdaily.com.br\/br\/1036503\/residencia-mo-heritage-mo-he-studio\/69286505049e22000108382b-mo-heritage-villa-mo-he-studio-photo\" rel=\"nofollow noopener\" target=\"_blank\"><img decoding=\"async\" alt=\"Resid\u00eancia M\u00d4 He\u2019ritage \/ M\u00d4 he studio - Fotografia de Interiores, Madeira, Ilumina\u00e7\u00e3o, Viga, Dormit\u00f3rio\" data-nr-picture-id=\"69286505049e22000108382b\" height=\"427\" itemprop=\"image\" loading=\"lazy\" longdesc=\"https:\/\/www.archdaily.com.br\/br\/1036503\/residencia-mo-heritage-mo-he-studio\/69286505049e22000108382b-mo-heritage-villa-mo-he-studio-photo\" src=\"https:\/\/www.europesays.com\/pt\/wp-content\/uploads\/2025\/12\/1764951684_502_23.jpg\" width=\"640\"\/>\u00a9 Cao Xuan Hoa<\/a><a class=\"js-image-size__link lazy-anchor\" href=\"https:\/\/www.archdaily.com.br\/br\/1036503\/residencia-mo-heritage-mo-he-studio\/69286505049e22000108382c-mo-heritage-villa-mo-he-studio-photo\" rel=\"nofollow noopener\" target=\"_blank\"><img decoding=\"async\" alt=\"Resid\u00eancia M\u00d4 He\u2019ritage \/ M\u00d4 he studio - Fotografia de Interiores, Dormit\u00f3rio, Madeira, Ilumina\u00e7\u00e3o, Viga, Cama\" data-nr-picture-id=\"69286505049e22000108382c\" height=\"427\" itemprop=\"image\" loading=\"lazy\" longdesc=\"https:\/\/www.archdaily.com.br\/br\/1036503\/residencia-mo-heritage-mo-he-studio\/69286505049e22000108382c-mo-heritage-villa-mo-he-studio-photo\" src=\"https:\/\/www.europesays.com\/pt\/wp-content\/uploads\/2025\/12\/25.jpg\" width=\"640\"\/>\u00a9 Cao Xuan Hoa<\/a><\/p>\n<p>O elemento Metal surge na arquitetura contempor\u00e2nea por meio de estruturas de a\u00e7o, telhados de zinco e outros materiais met\u00e1licos \u2014 componentes indispens\u00e1veis para durabilidade e resist\u00eancia. O autor utiliza pintura de cor nativa nos grandes telhados e chapas de duas camadas para garantir est\u00e9tica, economia de energia e otimiza\u00e7\u00e3o de custos. O som da chuva e do vento no telhado met\u00e1lico aproxima o espa\u00e7o do ambiente natural, especialmente no sil\u00eancio caracter\u00edstico de Doai, onde at\u00e9 os ru\u00eddos dos insetos se tornam parte da experi\u00eancia. O Metal carrega energia neutra, fazendo a transi\u00e7\u00e3o e harmonia entre yin e yang.<\/p>\n<p><a class=\"js-image-size__link lazy-anchor\" href=\"https:\/\/www.archdaily.com.br\/br\/1036503\/residencia-mo-heritage-mo-he-studio\/69286506049e22000108382d-mo-heritage-villa-mo-he-studio-photo\" rel=\"nofollow noopener\" target=\"_blank\"><img decoding=\"async\" alt=\"Resid\u00eancia M\u00d4 He\u2019ritage \/ M\u00d4 he studio - Fotografia de Interiores, Dormit\u00f3rio, Madeira, Ilumina\u00e7\u00e3o, Cama\" data-nr-picture-id=\"69286506049e22000108382d\" height=\"427\" itemprop=\"image\" loading=\"lazy\" longdesc=\"https:\/\/www.archdaily.com.br\/br\/1036503\/residencia-mo-heritage-mo-he-studio\/69286506049e22000108382d-mo-heritage-villa-mo-he-studio-photo\" src=\"https:\/\/www.europesays.com\/pt\/wp-content\/uploads\/2025\/12\/26.jpg\" width=\"640\"\/>\u00a9 Cao Xuan Hoa<\/a><\/p>\n<p>O elemento Terra aparece nos materiais terrosos. Paredes de terra tradicionais, com cores locais reinterpretadas de forma contempor\u00e2nea, criam um ambiente acolhedor, com excelente isolamento t\u00e9rmico e ac\u00fastico. Trata-se de uma t\u00e9cnica t\u00edpica do autor, empregada em v\u00e1rios projetos. As paredes artesanais de terra criam um microclima natural, refrescando os ambientes de forma passiva e contribuindo para constru\u00e7\u00f5es verdes e sustent\u00e1veis.<\/p>\n<p><a class=\"js-image-size__link lazy-anchor\" href=\"https:\/\/www.archdaily.com.br\/br\/1036503\/residencia-mo-heritage-mo-he-studio\/69286506049e220001083835-mo-heritage-villa-mo-he-studio-photo\" rel=\"nofollow noopener\" target=\"_blank\"><img decoding=\"async\" alt=\"Resid\u00eancia M\u00d4 He\u2019ritage \/ M\u00d4 he studio - Fotografia de Exterior, Madeira\" data-nr-picture-id=\"69286506049e220001083835\" height=\"427\" itemprop=\"image\" loading=\"lazy\" longdesc=\"https:\/\/www.archdaily.com.br\/br\/1036503\/residencia-mo-heritage-mo-he-studio\/69286506049e220001083835-mo-heritage-villa-mo-he-studio-photo\" src=\"https:\/\/www.europesays.com\/pt\/wp-content\/uploads\/2025\/12\/6.jpg\" width=\"640\"\/>\u00a9 Cao Xuan Hoa<\/a><\/p>\n<p>*O nome Sontay surgiu em 1469, durante a dinastia Le. Atualmente, Sontay \u00e9 um bairro de Han\u00f3i \u2014 uma antiga \u00e1rea urbana conhecida anteriormente como Doai (Terra Ocidental) \u2014 e \u00e9 nesse territ\u00f3rio que se localiza a antiga vila de Duong Lam.<\/p>\n<p><a class=\"js-image-size__link lazy-anchor\" href=\"https:\/\/www.archdaily.com.br\/br\/1036503\/residencia-mo-heritage-mo-he-studio\/69286506049e220001083836-mo-heritage-villa-mo-he-studio-photo\" rel=\"nofollow noopener\" target=\"_blank\"><img decoding=\"async\" alt=\"Resid\u00eancia M\u00d4 He\u2019ritage \/ M\u00d4 he studio - Imagem 26 de 33\" data-nr-picture-id=\"69286506049e220001083836\" height=\"427\" itemprop=\"image\" loading=\"lazy\" longdesc=\"https:\/\/www.archdaily.com.br\/br\/1036503\/residencia-mo-heritage-mo-he-studio\/69286506049e220001083836-mo-heritage-villa-mo-he-studio-photo\" src=\"https:\/\/www.europesays.com\/pt\/wp-content\/uploads\/2025\/12\/8.jpg\" width=\"640\"\/>\u00a9 Cao Xuan Hoa<\/a><script async src=\"https:\/\/platform.twitter.com\/widgets.js\" charset=\"utf-8\"><\/script><\/p>\n","protected":false},"excerpt":{"rendered":"\u00a9 Cao Xuan Hoa + 28 Compartilhar Compartilhar Facebook Twitter Mail Pinterest Whatsapp Ou https:\/\/www.archdaily.com.br\/br\/1036503\/residencia-mo-heritage-mo-he-studio \u00c1rea \u00c1rea deste&hellip;\n","protected":false},"author":2,"featured_media":176815,"comment_status":"","ping_status":"","sticky":false,"template":"","format":"standard","meta":{"footnotes":""},"categories":[144],"tags":[304,207,205,206,203,201,202,204,114,115,36624,9844,32,33],"class_list":{"0":"post-176814","1":"post","2":"type-post","3":"status-publish","4":"format-standard","5":"has-post-thumbnail","7":"category-arte-e-design","8":"tag-arquitetura","9":"tag-arte","10":"tag-arte-e-design","11":"tag-artedesign","12":"tag-arts","13":"tag-arts-and-design","14":"tag-artsanddesign","15":"tag-design","16":"tag-entertainment","17":"tag-entretenimento","18":"tag-hanoi","19":"tag-hospitalidade-e-entretenimento","20":"tag-portugal","21":"tag-pt"},"share_on_mastodon":{"url":"https:\/\/pubeurope.com\/@pt\/115667880725553569","error":""},"_links":{"self":[{"href":"https:\/\/www.europesays.com\/pt\/wp-json\/wp\/v2\/posts\/176814","targetHints":{"allow":["GET"]}}],"collection":[{"href":"https:\/\/www.europesays.com\/pt\/wp-json\/wp\/v2\/posts"}],"about":[{"href":"https:\/\/www.europesays.com\/pt\/wp-json\/wp\/v2\/types\/post"}],"author":[{"embeddable":true,"href":"https:\/\/www.europesays.com\/pt\/wp-json\/wp\/v2\/users\/2"}],"replies":[{"embeddable":true,"href":"https:\/\/www.europesays.com\/pt\/wp-json\/wp\/v2\/comments?post=176814"}],"version-history":[{"count":0,"href":"https:\/\/www.europesays.com\/pt\/wp-json\/wp\/v2\/posts\/176814\/revisions"}],"wp:featuredmedia":[{"embeddable":true,"href":"https:\/\/www.europesays.com\/pt\/wp-json\/wp\/v2\/media\/176815"}],"wp:attachment":[{"href":"https:\/\/www.europesays.com\/pt\/wp-json\/wp\/v2\/media?parent=176814"}],"wp:term":[{"taxonomy":"category","embeddable":true,"href":"https:\/\/www.europesays.com\/pt\/wp-json\/wp\/v2\/categories?post=176814"},{"taxonomy":"post_tag","embeddable":true,"href":"https:\/\/www.europesays.com\/pt\/wp-json\/wp\/v2\/tags?post=176814"}],"curies":[{"name":"wp","href":"https:\/\/api.w.org\/{rel}","templated":true}]}}