{"id":176839,"date":"2025-12-05T16:51:14","date_gmt":"2025-12-05T16:51:14","guid":{"rendered":"https:\/\/www.europesays.com\/pt\/176839\/"},"modified":"2025-12-05T16:51:14","modified_gmt":"2025-12-05T16:51:14","slug":"nota-de-7e-a-homenagear-cristiano-ronaldo-e-falsa-alerta-banco-de-portugal","status":"publish","type":"post","link":"https:\/\/www.europesays.com\/pt\/176839\/","title":{"rendered":"Nota de 7\u20ac a homenagear Cristiano Ronaldo \u00e9 falsa, alerta Banco de Portugal"},"content":{"rendered":"<p>Ap\u00f3s publica\u00e7\u00f5es falsas, nas redes sociais, sobre a emiss\u00e3o de uma nota de sete euros em homenagem a Cristiano Ronaldo, o Banco de Portugal publicou um comunicado, no qual esclarece n\u00e3o ter emitido algo assim.<\/p>\n<p><a target=\"_blank\" href=\"https:\/\/pplware.sapo.pt\/wp-content\/uploads\/2025\/12\/cris_nota.webp\" rel=\"nofollow noopener\"><img fetchpriority=\"high\" decoding=\"async\" src=\"https:\/\/www.europesays.com\/pt\/wp-content\/uploads\/2025\/12\/cris_nota-720x405.webp.webp\" alt=\"\" width=\"720\" height=\"405\" class=\"aligncenter size-medium wp-image-1091955\"  \/><\/a>\n<\/p>\n<p>Na quinta-feira, o Banco de Portugal alertou para publica\u00e7\u00f5es falsas, nas redes sociais, sobre a emiss\u00e3o de uma nota em homenagem ao futebolista Cristiano Ronaldo, esclarecendo que n\u00e3o o fez nem tem previsto fazer algo assim.<\/p>\n<blockquote>\n<p>O Banco de Portugal tem tomado conhecimento de publica\u00e7\u00f5es falsas, divulgadas nas redes sociais, relativamente \u00e0 emiss\u00e3o, pelo Banco de Portugal, de uma nota, no valor de 7 euros, em homenagem ao futebolista Cristiano Ronaldo. O Banco de Portugal esclarece que n\u00e3o emitiu nem colocou em circula\u00e7\u00e3o, nem tem previsto emitir ou colocar em circula\u00e7\u00e3o, qualquer nota alusiva \u00e0 personalidade em quest\u00e3o.<\/p>\n<\/blockquote>\n<p>Escreveu a entidade, numa <a target=\"_blank\" href=\"https:\/\/www.bportugal.pt\/comunicado\/banco-de-portugal-alerta-para-publicacoes-falsas-sobre-emissao-de-nota-de-homenagem\" rel=\"nofollow noopener\">publica\u00e7\u00e3o<\/a> no seu website oficial, referindo-se \u00e0 fraude abaixo:<\/p>\n<p><a target=\"_blank\" href=\"https:\/\/www.europesays.com\/pt\/wp-content\/uploads\/2025\/12\/7euros_cristianoronaldo_nota-falsa.webp.webp\"><img loading=\"lazy\" decoding=\"async\" src=\"https:\/\/www.europesays.com\/pt\/wp-content\/uploads\/2025\/12\/7euros_cristianoronaldo_nota-falsa.webp.webp\" alt=\"\" width=\"720\" height=\"720\" class=\"aligncenter size-full wp-image-1091931\"  \/><\/a><\/p>\n<p>No mesmo comunicado, esclareceu &#8220;que a emiss\u00e3o de notas de euro pelo Banco de Portugal \u00e9 feita no quadro do Eurosistema&#8221;.<\/p>\n","protected":false},"excerpt":{"rendered":"Ap\u00f3s publica\u00e7\u00f5es falsas, nas redes sociais, sobre a emiss\u00e3o de uma nota de sete euros em homenagem a&hellip;\n","protected":false},"author":2,"featured_media":176840,"comment_status":"","ping_status":"","sticky":false,"template":"","format":"standard","meta":{"footnotes":""},"categories":[87],"tags":[474,667,135,36625,32,33,134],"class_list":{"0":"post-176839","1":"post","2":"type-post","3":"status-publish","4":"format-standard","5":"has-post-thumbnail","7":"category-desporto","8":"tag-banco-de-portugal","9":"tag-cristiano-ronaldo","10":"tag-desporto","11":"tag-nota","12":"tag-portugal","13":"tag-pt","14":"tag-sports"},"share_on_mastodon":{"url":"https:\/\/pubeurope.com\/@pt\/115667998546007944","error":""},"_links":{"self":[{"href":"https:\/\/www.europesays.com\/pt\/wp-json\/wp\/v2\/posts\/176839","targetHints":{"allow":["GET"]}}],"collection":[{"href":"https:\/\/www.europesays.com\/pt\/wp-json\/wp\/v2\/posts"}],"about":[{"href":"https:\/\/www.europesays.com\/pt\/wp-json\/wp\/v2\/types\/post"}],"author":[{"embeddable":true,"href":"https:\/\/www.europesays.com\/pt\/wp-json\/wp\/v2\/users\/2"}],"replies":[{"embeddable":true,"href":"https:\/\/www.europesays.com\/pt\/wp-json\/wp\/v2\/comments?post=176839"}],"version-history":[{"count":0,"href":"https:\/\/www.europesays.com\/pt\/wp-json\/wp\/v2\/posts\/176839\/revisions"}],"wp:featuredmedia":[{"embeddable":true,"href":"https:\/\/www.europesays.com\/pt\/wp-json\/wp\/v2\/media\/176840"}],"wp:attachment":[{"href":"https:\/\/www.europesays.com\/pt\/wp-json\/wp\/v2\/media?parent=176839"}],"wp:term":[{"taxonomy":"category","embeddable":true,"href":"https:\/\/www.europesays.com\/pt\/wp-json\/wp\/v2\/categories?post=176839"},{"taxonomy":"post_tag","embeddable":true,"href":"https:\/\/www.europesays.com\/pt\/wp-json\/wp\/v2\/tags?post=176839"}],"curies":[{"name":"wp","href":"https:\/\/api.w.org\/{rel}","templated":true}]}}