{"id":176849,"date":"2025-12-05T17:00:26","date_gmt":"2025-12-05T17:00:26","guid":{"rendered":"https:\/\/www.europesays.com\/pt\/176849\/"},"modified":"2025-12-05T17:00:26","modified_gmt":"2025-12-05T17:00:26","slug":"filha-de-gisele-bundchen-e-a-cara-da-mae-e-novas-fotos-comprovam-isso","status":"publish","type":"post","link":"https:\/\/www.europesays.com\/pt\/176849\/","title":{"rendered":"Filha de Gisele B\u00fcndchen \u00e9 a cara da m\u00e3e e novas fotos comprovam isso"},"content":{"rendered":"<p>Filha da modelo <strong>Gisele B\u00fcndchen<\/strong> e do jogador de futebol americano <strong>Tom Brady<\/strong>, a jovem <strong>Vivian Lake<\/strong> completou 13 anos de idade e mostrou que est\u00e1 cada dia mais parecida com sua m\u00e3e. Nesta sexta-feira, 5, o pai dela abriu um \u00e1lbum de fotos com a herdeira e a semelhan\u00e7a dela com a m\u00e3e roubou a cena.<\/p>\n<p>Nas imagens, Vivian apareceu em v\u00e1rios momentos de divers\u00e3o e da rotina ao lado do pai coruja. Em uma das fotos, ela apareceu em uma selfie com o pai e a semelhan\u00e7a com a m\u00e3e surpreendeu a todos, j\u00e1 que ela herdou a mesma cor do cabelo, dos olhos e do formato do rosto de sua m\u00e3e famosa.<\/p>\n<p>Na legenda do post, Brady se declarou para a filha ao contar o orgulho que sente de ser o pai dela. \u201cFeliz anivers\u00e1rio de 13 anos para a minha preciosa e eterna filhinha. Uma adolescente. Eu \u200b\u200bte amo mais do que as palavras podem descrever, e voc\u00ea \u00e9 uma b\u00ean\u00e7\u00e3o para mim e para nossa fam\u00edlia todos os dias. Seu sorriso ilumina a minha vida, e ouvir sua risada \u00e9 a minha trilha sonora favorita. Tenho muito orgulho de voc\u00ea e de como voc\u00ea se dedica aos estudos e aos esportes. Voc\u00ea coloca o cora\u00e7\u00e3o em tudo o que faz. Voc\u00ea sempre foi uma irm\u00e3, neta, sobrinha e prima t\u00e3o amorosa, trazendo tanta alegria para todos na nossa fam\u00edlia. Mal posso esperar para te ver prosperar neste pr\u00f3ximo ano, se tornando a pessoa incr\u00edvel que voc\u00ea \u00e9. Adoro nossas aventuras juntos, voc\u00ea \u00e9 a melhor companheira de viagem, e fico igualmente impressionado com a sua capacidade de transformar cada viagem em uma ca\u00e7a ao tesouro \u00e9pica pelo melhor sorvete ou matcha latte. Mal posso esperar por todas as lembran\u00e7as divertidas que ainda est\u00e3o por vir\u201c, afirmou ele.<\/p>\n<p> <img loading=\"lazy\" decoding=\"async\" class=\"wp-image-1040080 size-full img-fluid lazy\" alt=\"Gisele B\u00fcndchen e Vivian Lake - Foto: Reprodu\u00e7\u00e3o \/ Instagram\" width=\"1920\" height=\"1080\" src=\"https:\/\/www.europesays.com\/pt\/wp-content\/uploads\/2025\/12\/gisele-bundchen-e-vivian-1.jpg\"  \/>Gisele B\u00fcndchen e Vivian Lake \u2013 Foto: Getty Images e Reprodu\u00e7\u00e3o \/ Instagram <img loading=\"lazy\" decoding=\"async\" class=\"wp-image-1040077 size-full img-fluid lazy\" alt=\"Tom Brady mostra fotos recentes de Vivian, sua filha com Gisele B\u00fcndchen - Foto: Reprodu\u00e7\u00e3o \/ Instagram\" width=\"1080\" height=\"1440\" src=\"https:\/\/www.europesays.com\/pt\/wp-content\/uploads\/2025\/12\/fotos-de-vivian-filha-de-gisele-e-tom-brady-5.jpg\"  \/>Tom Brady mostra fotos recentes de Vivian, sua filha com Gisele B\u00fcndchen \u2013 Foto: Reprodu\u00e7\u00e3o \/ Instagram <img loading=\"lazy\" decoding=\"async\" class=\"wp-image-1040079 size-full img-fluid lazy\" alt=\"Tom Brady mostra fotos recentes de Vivian, sua filha com Gisele B\u00fcndchen - Foto: Reprodu\u00e7\u00e3o \/ Instagram\" width=\"1080\" height=\"1433\" src=\"https:\/\/www.europesays.com\/pt\/wp-content\/uploads\/2025\/12\/fotos-de-vivian-filha-de-gisele-e-tom-brady.jpg\"  \/>Tom Brady mostra fotos recentes de Vivian, sua filha com Gisele B\u00fcndchen \u2013 Foto: Reprodu\u00e7\u00e3o \/ Instagram <img loading=\"lazy\" decoding=\"async\" class=\"wp-image-1040076 size-full img-fluid lazy\" alt=\"Tom Brady mostra fotos recentes de Vivian, sua filha com Gisele B\u00fcndchen - Foto: Reprodu\u00e7\u00e3o \/ Instagram\" width=\"1080\" height=\"1433\" src=\"https:\/\/www.europesays.com\/pt\/wp-content\/uploads\/2025\/12\/fotos-de-vivian-filha-de-gisele-e-tom-brady-4.jpg\"  \/>Tom Brady mostra fotos recentes de Vivian, sua filha com Gisele B\u00fcndchen \u2013 Foto: Reprodu\u00e7\u00e3o \/ Instagram <img loading=\"lazy\" decoding=\"async\" class=\"wp-image-1040075 size-full img-fluid lazy\" alt=\"Tom Brady mostra fotos recentes de Vivian, sua filha com Gisele B\u00fcndchen - Foto: Reprodu\u00e7\u00e3o \/ Instagram\" width=\"1080\" height=\"1440\" src=\"https:\/\/www.europesays.com\/pt\/wp-content\/uploads\/2025\/12\/fotos-de-vivian-filha-de-gisele-e-tom-brady-3.jpg\"  \/>Tom Brady mostra fotos recentes de Vivian, sua filha com Gisele B\u00fcndchen \u2013 Foto: Reprodu\u00e7\u00e3o \/ Instagram <img loading=\"lazy\" decoding=\"async\" class=\"wp-image-1040074 size-full img-fluid lazy\" alt=\"Tom Brady mostra fotos recentes de Vivian, sua filha com Gisele B\u00fcndchen - Foto: Reprodu\u00e7\u00e3o \/ Instagram\" width=\"1080\" height=\"1433\" src=\"https:\/\/www.europesays.com\/pt\/wp-content\/uploads\/2025\/12\/fotos-de-vivian-filha-de-gisele-e-tom-brady-2.jpg\"  \/>Tom Brady mostra fotos recentes de Vivian, sua filha com Gisele B\u00fcndchen \u2013 Foto: Reprodu\u00e7\u00e3o \/ Instagram <img loading=\"lazy\" decoding=\"async\" class=\"wp-image-1040078 size-full img-fluid lazy\" alt=\"Tom Brady mostra fotos recentes de Vivian, sua filha com Gisele B\u00fcndchen - Foto: Reprodu\u00e7\u00e3o \/ Instagram\" width=\"1080\" height=\"1433\" src=\"https:\/\/www.europesays.com\/pt\/wp-content\/uploads\/2025\/12\/fotos-de-vivian-filha-de-gisele-e-tom-brady-6.jpg\"  \/>Tom Brady mostra fotos recentes de Vivian, sua filha com Gisele B\u00fcndchen \u2013 Foto: Reprodu\u00e7\u00e3o \/ Instagram <\/p>\n<blockquote class=\"instagram-media\" style=\"background: #FFF; border: 0; border-radius: 3px; box-shadow: 0 0 1px 0 rgba(0,0,0,0.5),0 1px 10px 0 rgba(0,0,0,0.15); margin: 1px; max-width: 540px; min-width: 326px; padding: 0; width: calc(100% - 2px);\" data-instgrm-captioned=\"\" data-instgrm-permalink=\"https:\/\/www.instagram.com\/p\/DR4nvp1jXm1\/?utm_source=ig_embed&amp;utm_campaign=loading\" data-instgrm-version=\"14\"><\/blockquote>\n<p>\t Curiosidades sobre os tr\u00eas filhos de Gisele B\u00fcndchen Vivian Lake B\u00fcndchen Brady (Nascida em 2012) <\/p>\n<ul>\n<li>Idade: 13 anos.<\/li>\n<li>Conex\u00e3o com a \u00c1gua: O segundo nome, Lake (Lago), se conecta com a tem\u00e1tica aqu\u00e1tica da fam\u00edlia, e o nome Vivian significa \u201ccheia de vida\u201d.<\/li>\n<li>Parceira de ioga: Gisele j\u00e1 mencionou que Vivian \u00e9 sua \u201cparceira\u201d de ioga desde muito pequena, compartilhando fotos dela praticando a atividade.<\/li>\n<li>Paix\u00e3o por animais: Vivian \u00e9 apaixonada por animais e j\u00e1 se envolveu em atividades de voluntariado em ONGs que visam acabar com a crueldade animal, ao lado do pai.<\/li>\n<li>Equita\u00e7\u00e3o e moda: Ela tamb\u00e9m demonstra interesse por equita\u00e7\u00e3o e j\u00e1 participou de sess\u00f5es de fotos com a m\u00e3e, inclusive em Paris.<\/li>\n<\/ul>\n<p> Benjamin Rein B\u00fcndchen Brady (Nascido em 2009) <\/p>\n<ul>\n<li>Idade: 15 anos.<\/li>\n<li>Significado: O segundo nome, Rein, al\u00e9m de se assemelhar a \u201cchuva\u201d (rain), \u00e9 uma homenagem ao pai de Gisele, Reinoldo B\u00fcndchen.<\/li>\n<li>Interesses: Embora o pai, Tom Brady, seja um lend\u00e1rio jogador de futebol americano (NFL), Benjamin demonstrou interesse em seguir os passos dele no esporte na escola, chegando a usar a camisa n\u00famero 12, a mesma que o pai usava.<\/li>\n<li>Habilidades art\u00edsticas: Al\u00e9m dos esportes, Gisele j\u00e1 compartilhou que Benjamin gosta de cantar e tocar piano.<\/li>\n<li>Parto em casa: Gisele optou por um parto domiciliar de Benjamin, algo que ela compartilhou ter sido uma experi\u00eancia muito importante e apoiada pela m\u00e3e dela.<\/li>\n<\/ul>\n<p> Beb\u00ea ca\u00e7ula (Nascido em 2025) <\/p>\n<ul>\n<li>O nome do terceiro filho de Gisele ainda n\u00e3o foi revelado publicamente. Os f\u00e3s apenas sabem que \u00e9 um menino.<\/li>\n<li>Pai: O beb\u00ea \u00e9 o primeiro filho de Gisele B\u00fcndchen com o instrutor de jiu-j\u00edtsu, Joaquim Valente.<\/li>\n<li>Nome do meio: Seu segundo nome \u00e9 River (Rio), completando a sequ\u00eancia aqu\u00e1tica com \u201cRein\u201d (Chuva) e \u201cLake\u201d (Lago).<\/li>\n<li>Nascimento discreto: O nascimento em fevereiro de 2025 foi mantido em sigilo por um per\u00edodo, sendo confirmado por fontes pr\u00f3ximas \u00e0 fam\u00edlia.<\/li>\n<\/ul>\n<p> <img loading=\"lazy\" decoding=\"async\" class=\"wp-image-1016960 size-full img-fluid lazy\" alt=\"Filhos de Gisele B\u00fcndchen - Foto: Reprodu\u00e7\u00e3o \/ Instagram\" width=\"1080\" height=\"1439\" src=\"https:\/\/www.europesays.com\/pt\/wp-content\/uploads\/2025\/12\/filhos-de-gisele-bundchen.jpg\"  \/>Filhos de Gisele B\u00fcndchen \u2013 Foto: Reprodu\u00e7\u00e3o \/ Instagram <\/p>\n<p><strong>Leia tamb\u00e9m<\/strong>: <a href=\"https:\/\/caras.com.br\/fashion\/gisele-bundchen-exibe-foto-inedita-com-o-namorado-em-evento-internacional.phtml\" rel=\"nofollow noopener\" target=\"_blank\">Gisele B\u00fcndchen exibe foto in\u00e9dita com o namorado em evento internacional<\/a><\/p>\n<p>        <a href=\"https:\/\/caras.com.br\/autor\/priscilla-comoti\" rel=\"nofollow noopener\" target=\"_blank\">&#13;<br \/>\n          <img alt=\"Priscilla Comoti\" src=\"https:\/\/www.europesays.com\/pt\/wp-content\/uploads\/2025\/12\/1764954026_44_e53883bdf02c542f6517b68879e8cb08b27a1d55c4dfd53577e47d3ab6331a06\"  class=\"avatar avatar-115 photo rounded-circle mr-3\" height=\"115\" width=\"115\" loading=\"lazy\" decoding=\"async\"\/>        <\/a><\/p>\n<p>Priscilla Comoti \u00e9 editora de conte\u00fado do site CARAS. Ela \u00e9 formada em jornalismo e em audiovisual, j\u00e1 passou pelos sites Contigo!, Minha Novela, TiTiTi, Mais Novela e Portal M\u00e1rcia Piovesan. Escreve sobre celebridades, not\u00edcias sobre a fam\u00edlia real brit\u00e2nica, TV, reality show e novelas.<\/p>\n<p>\t                                            <script async src=\"\/\/www.instagram.com\/embed.js\"><\/script><\/p>\n","protected":false},"excerpt":{"rendered":"Filha da modelo Gisele B\u00fcndchen e do jogador de futebol americano Tom Brady, a jovem Vivian Lake completou&hellip;\n","protected":false},"author":2,"featured_media":176850,"comment_status":"","ping_status":"","sticky":false,"template":"","format":"standard","meta":{"footnotes":""},"categories":[145],"tags":[211,210,114,115,36626,12115,32,33,36256,36627],"class_list":{"0":"post-176849","1":"post","2":"type-post","3":"status-publish","4":"format-standard","5":"has-post-thumbnail","7":"category-celebridades","8":"tag-celebridades","9":"tag-celebrities","10":"tag-entertainment","11":"tag-entretenimento","12":"tag-filha-de-gisele-bundchen","13":"tag-gisele-bundchen","14":"tag-portugal","15":"tag-pt","16":"tag-tom-brady","17":"tag-vivian-lake"},"share_on_mastodon":{"url":"https:\/\/pubeurope.com\/@pt\/115668034867242400","error":""},"_links":{"self":[{"href":"https:\/\/www.europesays.com\/pt\/wp-json\/wp\/v2\/posts\/176849","targetHints":{"allow":["GET"]}}],"collection":[{"href":"https:\/\/www.europesays.com\/pt\/wp-json\/wp\/v2\/posts"}],"about":[{"href":"https:\/\/www.europesays.com\/pt\/wp-json\/wp\/v2\/types\/post"}],"author":[{"embeddable":true,"href":"https:\/\/www.europesays.com\/pt\/wp-json\/wp\/v2\/users\/2"}],"replies":[{"embeddable":true,"href":"https:\/\/www.europesays.com\/pt\/wp-json\/wp\/v2\/comments?post=176849"}],"version-history":[{"count":0,"href":"https:\/\/www.europesays.com\/pt\/wp-json\/wp\/v2\/posts\/176849\/revisions"}],"wp:featuredmedia":[{"embeddable":true,"href":"https:\/\/www.europesays.com\/pt\/wp-json\/wp\/v2\/media\/176850"}],"wp:attachment":[{"href":"https:\/\/www.europesays.com\/pt\/wp-json\/wp\/v2\/media?parent=176849"}],"wp:term":[{"taxonomy":"category","embeddable":true,"href":"https:\/\/www.europesays.com\/pt\/wp-json\/wp\/v2\/categories?post=176849"},{"taxonomy":"post_tag","embeddable":true,"href":"https:\/\/www.europesays.com\/pt\/wp-json\/wp\/v2\/tags?post=176849"}],"curies":[{"name":"wp","href":"https:\/\/api.w.org\/{rel}","templated":true}]}}