{"id":176854,"date":"2025-12-05T17:08:09","date_gmt":"2025-12-05T17:08:09","guid":{"rendered":"https:\/\/www.europesays.com\/pt\/176854\/"},"modified":"2025-12-05T17:08:09","modified_gmt":"2025-12-05T17:08:09","slug":"rejuvenescer-o-coracao-pode-ser-resposta-contra-a-insuficiencia-cardiaca","status":"publish","type":"post","link":"https:\/\/www.europesays.com\/pt\/176854\/","title":{"rendered":"&#8220;Rejuvenescer&#8221; o cora\u00e7\u00e3o pode ser resposta contra a insufici\u00eancia card\u00edaca"},"content":{"rendered":"<p>&#13;<\/p>\n<p>\t\t\t\t\t\t\t\t\t\t\tInvestigadores do i3S e da Universidade de Coimbra recorreram a f\u00e1rmaco que elimina as c\u00e9lulas envelhecidas e verificaram um al\u00edvio simult\u00e2neo de v\u00e1rios sintomas.<br \/>\n\t\t\t\t\t\t\t\t<img width=\"768\" height=\"506\" src=\"https:\/\/www.europesays.com\/pt\/wp-content\/uploads\/2025\/12\/i3S-e-CNC-UC-1-768x506.jpg\" class=\"img-responsive wp-post-image\" alt=\"\" decoding=\"async\" fetchpriority=\"high\"  \/>\t\t\t\t\t\t\t<\/p>\n<p>Diana Nascimento (i3S e ICBAS) e Lino Ferreira (CNC-UC) lideraram o trabalho. Elsa Silva (i3S) e In\u00eas Tom\u00e9 (CNC-UC) s\u00e3o as primeiras autoras do artigo agora publicado. Foto: DR<\/p>\n<p>\t\t\t\t&#13;<br \/>\n&#13;<br \/>\n\t\t\t&#13;<\/p>\n<p>Uma equipa de investigadores do <strong>Instituto de Investiga\u00e7\u00e3o e Inova\u00e7\u00e3o em Sa\u00fade da Universidade do Porto (i3S)<\/strong> e do Centro de Neuroci\u00eancias e Biologia Celular da Universidade de Coimbra (CNC-UC), integrado no Centro de Inova\u00e7\u00e3o de Biomedicina e Biotecnologia (CIBB), fez uma <strong>descoberta que pode transformar o futuro da medicina card\u00edaca<\/strong>. Atrav\u00e9s de uma estrat\u00e9gia inovadora inspirada na medicina de rejuvenescimento, os cientistas encontraram uma forma de combater uma das variantes mais graves da insufici\u00eancia card\u00edaca: a insufici\u00eancia card\u00edaca com fra\u00e7\u00e3o de eje\u00e7\u00e3o preservada (HFpEF).<\/p>\n<p>Nesta condi\u00e7\u00e3o, embora o cora\u00e7\u00e3o mantenha a capacidade de bombear sangue, o ventr\u00edculo esquerdo perde a flexibilidade necess\u00e1ria para relaxar e encher-se adequadamente. As consequ\u00eancias s\u00e3o devastadoras: falta de ar, fadiga incapacitante, limita\u00e7\u00e3o para tarefas simples do quotidiano e, sobretudo, uma taxa de mortalidade equipar\u00e1vel \u00e0 de v\u00e1rios tipos de cancro.<\/p>\n<p>Esta forma de insufici\u00eancia card\u00edaca est\u00e1 a aumentar a um ritmo alarmante e, devido ao envelhecimento da popula\u00e7\u00e3o, prev\u00ea-se que se torne dominante num futuro pr\u00f3ximo. A sua gravidade \u00e9 agravada pelo facto de estar frequentemente associada a outras patologias prevalentes, como hipertens\u00e3o, diabetes e obesidade, tornando a HFpEF um dos maiores desafios da medicina cardiovascular contempor\u00e2nea.<\/p>\n<p>Neste estudo, publicado na prestigiada revista <a href=\"https:\/\/academic.oup.com\/cardiovascres\/advance-article\/doi\/10.1093\/cvr\/cvaf208\/8362249\" rel=\"nofollow noopener\" target=\"_blank\">Cardiovascular Research<\/a>, e <a href=\"https:\/\/academic.oup.com\/cardiovascres\/advance-article\/doi\/10.1093\/cvr\/cvaf220\/8317127\" rel=\"nofollow noopener\" target=\"_blank\">destacado no editorial<\/a>, os investigadores usaram um modelo animal que mimetiza a HFpEF humana em contexto cardiometab\u00f3lico, e observaram uma acumula\u00e7\u00e3o de c\u00e9lulas senescentes no sistema imunit\u00e1rio, nos vasos sangu\u00edneos e no cora\u00e7\u00e3o. Trata-se de c\u00e9lulas envelhecidas que pararam de se dividir, mas que permanecem no corpo e libertam subst\u00e2ncias inflamat\u00f3rias que prejudicam as c\u00e9lulas de tecidos vizinhos, acelerando o processo de envelhecimento e contribuindo para o desenvolvimento de doen\u00e7as.<\/p>\n<p>\u201cAp\u00f3s a administra\u00e7\u00e3o de um f\u00e1rmaco senol\u00edtico, que elimina especificamente estas c\u00e9lulas senescentes, verific\u00e1mos um al\u00edvio simult\u00e2neo dos m\u00faltiplos sintomas da HFpEF, ou seja, h\u00e1 um impacto direto na sa\u00fade cardiovascular e sist\u00e9mica\u00bb, afirma <strong>Diana S. Nascimento<\/strong>, coordenadora da equipa do i3S, que \u00e9 tamb\u00e9m investigadora do Instituto de Ci\u00eancias Biom\u00e9dicas Abel Salazar (ICBAS).<\/p>\n<p>\u201cEste trabalho real\u00e7a o enorme potencial da medicina de rejuvenescimento como abordagem terap\u00eautica para doen\u00e7as complexas e multifatoriais como a HFpEF\u201d, explica por sua vez investigador <strong>Lino Ferreira<\/strong>, l\u00edder da equipa do CNC-UC\/CIBB e da Faculdade de Medicina da Universidade de Coimbra.<\/p>\n<p>\u201cH\u00e1 d\u00e9cadas que olhamos para o envelhecimento como um processo inevit\u00e1vel. Este estudo mostra que \u00e9 poss\u00edvel intervir diretamente nos mecanismos celulares do envelhecimento para tratar doen\u00e7as altamente incapacitantes\u201d, acrescenta In\u00eas Tom\u00e9, investigadora da Universidade de Coimbra .<\/p>\n<p>Os investigadores destacam ainda que n\u00edveis elevados de leuc\u00f3citos (c\u00e9lulas sangu\u00edneas do nosso sistema imunit\u00e1rio) senescentes em circula\u00e7\u00e3o foram observados em doentes com HFpEF, estando associados a uma maior severidade da doen\u00e7a, sugerindo assim que esta abordagem poder\u00e1 ter relev\u00e2ncia cl\u00ednica direta.<\/p>\n<p>\u201cEstamos a transformar o paradigma da terap\u00eautica cardiovascular: n\u00e3o se trata apenas de aliviar sintomas, mas de atuar diretamente sobre os mecanismos celulares do envelhecimento, que est\u00e3o na origem da disfun\u00e7\u00e3o org\u00e2nica associada \u00e0 idade\u201d, conclui <strong>Elsa Silva<\/strong>, investigadora do i3S e primeira autora do artigo.<\/p>\n<p>O trabalho, sublinham os autores, \u201crepresenta um marco na converg\u00eancia da medicina antienvelhecimento e cardiovascular, apenas poss\u00edvel atrav\u00e9s de uma forte colabora\u00e7\u00e3o entre tr\u00eas institui\u00e7\u00f5es portuguesas de refer\u00eancia em investiga\u00e7\u00e3o cardiovascular, medicina regenerativa e envelhecimento: i3S, CNC-UC\/CIBB e Faculdade de Medicina da U.Porto (FMUP)\u201d.<\/p>\n<p>As equipas est\u00e3o j\u00e1 a planear os pr\u00f3ximos passos para avaliar os mecanismos que causam o envelhecimento precoce em contexto cardiovascular e desenvolver novas terapias mais personalizadas, com vista \u00e0 sua futura transla\u00e7\u00e3o cl\u00ednica.<\/p>\n","protected":false},"excerpt":{"rendered":"&#13; Investigadores do i3S e da Universidade de Coimbra recorreram a f\u00e1rmaco que elimina as c\u00e9lulas envelhecidas e&hellip;\n","protected":false},"author":2,"featured_media":176855,"comment_status":"","ping_status":"","sticky":false,"template":"","format":"standard","meta":{"footnotes":""},"categories":[86],"tags":[36628,116,7304,10837,36629,32,33,117],"class_list":{"0":"post-176854","1":"post","2":"type-post","3":"status-publish","4":"format-standard","5":"has-post-thumbnail","7":"category-saude","8":"tag-diana-nascimento","9":"tag-health","10":"tag-i3s","11":"tag-insuficiencia-cardiaca","12":"tag-medicina-de-rejuvenescimento","13":"tag-portugal","14":"tag-pt","15":"tag-saude"},"share_on_mastodon":{"url":"https:\/\/pubeurope.com\/@pt\/115668065296450303","error":""},"_links":{"self":[{"href":"https:\/\/www.europesays.com\/pt\/wp-json\/wp\/v2\/posts\/176854","targetHints":{"allow":["GET"]}}],"collection":[{"href":"https:\/\/www.europesays.com\/pt\/wp-json\/wp\/v2\/posts"}],"about":[{"href":"https:\/\/www.europesays.com\/pt\/wp-json\/wp\/v2\/types\/post"}],"author":[{"embeddable":true,"href":"https:\/\/www.europesays.com\/pt\/wp-json\/wp\/v2\/users\/2"}],"replies":[{"embeddable":true,"href":"https:\/\/www.europesays.com\/pt\/wp-json\/wp\/v2\/comments?post=176854"}],"version-history":[{"count":0,"href":"https:\/\/www.europesays.com\/pt\/wp-json\/wp\/v2\/posts\/176854\/revisions"}],"wp:featuredmedia":[{"embeddable":true,"href":"https:\/\/www.europesays.com\/pt\/wp-json\/wp\/v2\/media\/176855"}],"wp:attachment":[{"href":"https:\/\/www.europesays.com\/pt\/wp-json\/wp\/v2\/media?parent=176854"}],"wp:term":[{"taxonomy":"category","embeddable":true,"href":"https:\/\/www.europesays.com\/pt\/wp-json\/wp\/v2\/categories?post=176854"},{"taxonomy":"post_tag","embeddable":true,"href":"https:\/\/www.europesays.com\/pt\/wp-json\/wp\/v2\/tags?post=176854"}],"curies":[{"name":"wp","href":"https:\/\/api.w.org\/{rel}","templated":true}]}}