{"id":176856,"date":"2025-12-05T17:09:27","date_gmt":"2025-12-05T17:09:27","guid":{"rendered":"https:\/\/www.europesays.com\/pt\/176856\/"},"modified":"2025-12-05T17:09:27","modified_gmt":"2025-12-05T17:09:27","slug":"o-que-fazer-sexta-e-dia-de-choques-lena-dagua-e-musica-em-igrejas-lazer","status":"publish","type":"post","link":"https:\/\/www.europesays.com\/pt\/176856\/","title":{"rendered":"O que fazer? Sexta \u00e9 dia de choques, Lena d\u2019\u00c1gua e m\u00fasica em igrejas | Lazer"},"content":{"rendered":"<p>Eu Quero \u00c9 Andar de Carrinhos de Choque<\/p>\n<p dir=\"ltr\"><strong>VILA NOVA DE FAMALIC\u00c3O Casa das Artes. Dias 4\/12 e 5\/12, \u00e0s 21h30. M\/16. 6\u20ac<\/strong><\/p>\n<p dir=\"ltr\">A cria\u00e7\u00e3o do INAC &#8211; Instituto Nacional de Artes do Circo reflecte \u201csobre os choques culturais, os limites da tradi\u00e7\u00e3o e a constru\u00e7\u00e3o da identidade\u201d, num \u201cdel\u00edrio de corpo e voz\u201d, onde o confronto e o absurdo ganham espa\u00e7o perform\u00e1tico no paralelo com um tempo \u201cmarcado por conflitos, deslocamentos e preconceitos\u201d. A direc\u00e7\u00e3o art\u00edstica \u00e9 de Bruno Machado; a interpreta\u00e7\u00e3o, de Tjasa Dobravec, S\u00f3 Filipe, Mau Jara e Fab\u00edola Fernandes.<\/p>\n<p>        &#13;<\/p>\n<p>&#13;<br \/>\n                &#13;\n            <\/p>\n<p>&#13;<\/p>\n<p>Prec\u00f3pio<\/p>\n<p dir=\"ltr\"><strong>AVEIRO Teatro Aveirense. De 5\/12 a 7\/12. Sexta, \u00e0s 21h30; s\u00e1bado, \u00e0s 18h; domingo, \u00e0s 17h. M\/12. 5\u20ac<\/strong><\/p>\n<p dir=\"ltr\">Escrito e encenado por Jorge Loura\u00e7o Figueira, a pe\u00e7a da Red Cloud Teatro de Marionetas fica algures entre o grand guignol e o p\u00f3s-25 de Abril, para mostrar \u201cv\u00edcios e virtudes, a guerra e a paz, a revolu\u00e7\u00e3o e a democracia\u201d.<\/p>\n<p>Lena d\u2019\u00c1gua<\/p>\n<p dir=\"ltr\"><strong>PORTO Galeria Municipal. Dia 5\/12, \u00e0s 21h30. Gr\u00e1tis<\/strong><\/p>\n<p dir=\"ltr\">Depois do \u00e9pico regresso \u00e0 ribalta que foi Desalmadamente, em 2019, Lena d\u2019\u00c1gua lan\u00e7ou, no ano passado, Tropical Glaciar, o segundo disco escrito para ela por Pedro da Silva Martins, com can\u00e7\u00f5es como Pop toma, O que fomos e o que somos ou Sem pressa. \u201cO outro \u00e1lbum era mais eu; este \u00e9 mais eu no mundo\u201d, resumiu a cantora ao \u00cdpsilon. Neste concerto, e j\u00e1 com um Globo de Ouro de melhor int\u00e9rprete arrecadado este ano, promete cruzar temas recentes com \u00eaxitos do passado.<\/p>\n<p>        &#13;<\/p>\n<p>&#13;<br \/>\n                &#13;\n            <\/p>\n<p>&#13;<\/p>\n<p>Delfins<\/p>\n<p dir=\"ltr\"><strong>COIMBRA Convento S\u00e3o Francisco. Dia 5\/12, \u00e0s 21h30. M\/6. 25\u20ac a 40\u20ac<\/strong><\/p>\n<p dir=\"ltr\">Mais um concerto da digress\u00e3o U Outro Lado, em que \u201cacordes esquecidos ganham nova vida\u201d. Pr\u00f3ximas paragens: Braga (12 de Dezembro), Porto (27 e 28) e Aveiro (17 de Janeiro).<\/p>\n<p>M\u00fasica nas Igrejas<\/p>\n<p dir=\"ltr\"><strong>De 5\/12 a 14\/12. Sexta, \u00e0s 21h; domingo, \u00e0s 17h. <\/strong><\/p>\n<p dir=\"ltr\">As <a href=\"https:\/\/egeac.pt\/festas\/festas-de-natal\/\" rel=\"nofollow noopener\" target=\"_blank\">Festas de Natal de Lisboa<\/a>, que come\u00e7am hoje e se prolongam at\u00e9 dia 19 de Dezembro, ecoam neste ciclo de concertos em igrejas da capital, sob a direc\u00e7\u00e3o art\u00edstica de Filipe Faria. A de S\u00e3o Vicente de Fora recebe o agrupamento Concerto Campestre (dia 5); a de Santa Isabel, o ensemble Sete L\u00e1grimas (dia 7); a de Nossa Senhora dos Navegantes, os grupos Altos do Bairro e Coro Alto (dia 12); e a do Semin\u00e1rio de Nossa Senhora da Concei\u00e7\u00e3o da Luz, o Coro de C\u00e2mara do Instituto Gregoriano de Lisboa.<\/p>\n<p>        &#13;<\/p>\n<p>&#13;<br \/>\n                &#13;\n            <\/p>\n<p>&#13;<\/p>\n<p>Gaerea<\/p>\n<p dir=\"ltr\"><strong>LISBOA Lisboa ao Vivo. Dia 5\/12, \u00e0s 21h. M\/6. 27\u20ac<\/strong><\/p>\n<p dir=\"ltr\">Nasceram no Porto h\u00e1 quase dez anos, forjaram sucesso fora de portas e transformaram-se em grandes embaixadores do black metal portugu\u00eas. Apesar do reconhecimento, permanecem an\u00f3nimos sob as m\u00e1scaras que cobrem de mist\u00e9rio as identidades. Depois da apari\u00e7\u00e3o na \u00faltima edi\u00e7\u00e3o do festival Evil Live e de terem andado numa extensa digress\u00e3o europeia, os Gaerea voltam \u00e0 p\u00e1tria para levantar o v\u00e9u sobre Loss, o quinto longa-dura\u00e7\u00e3o, com lan\u00e7amento marcado para Mar\u00e7o do ano que vem. Os progressivos Apotheus abrem as hostilidades.<\/p>\n<p>        &#13;<\/p>\n<p>&#13;<br \/>\n                &#13;\n            <\/p>\n<p>&#13;<\/p>\n<p>Auto das Anfitri\u00e3s<\/p>\n<p dir=\"ltr\"><strong>BEJA Pax Julia &#8211; Teatro Municipal. Dia 5\/12, \u00e0s 21h. M\/12. 5\u20ac<\/strong><\/p>\n<p dir=\"ltr\">Assinada por In\u00eas Vaz e Pedro Baptista, a pe\u00e7a tem por base o Auto Chamado dos Enfatri\u00f5es, uma com\u00e9dia de Cam\u00f5es por sua vez radicada na obra do dramaturgo romano Plauto e no mito em que se funda. S\u00f3 que a hist\u00f3ria de enganos de Anfitri\u00e3o e Almena, \u201ccom influ\u00eancias, pilhagens, desvios e inspira\u00e7\u00f5es greco-latinas\u201d, \u00e9 reformulada pondo em causa \u201calguns dos alicerces da actualidade e dan\u00e7ando ao som do zeitgeist do s\u00e9culo XXI\u201d. A interpreta\u00e7\u00e3o cabe a Cire Ndiaye, In\u00eas Vaz, Jo\u00e3o Grosso e Jos\u00e9 Neves, aos quais se junta Tita Maravilha. Da cenografia trata Pedro Azevedo; B\u00e9hen encarrega-se dos figurinos.<\/p>\n<p>        &#13;<\/p>\n<p>&#13;<br \/>\n                &#13;\n            <\/p>\n<p>&#13;<\/p>\n<p>        &#13;<\/p>\n<p>&#13;<br \/>\n                &#13;\n            <\/p>\n<p>&#13;<\/p>\n","protected":false},"excerpt":{"rendered":"Eu Quero \u00c9 Andar de Carrinhos de Choque VILA NOVA DE FAMALIC\u00c3O Casa das Artes. Dias 4\/12 e&hellip;\n","protected":false},"author":2,"featured_media":176857,"comment_status":"","ping_status":"","sticky":false,"template":"","format":"standard","meta":{"footnotes":""},"categories":[85],"tags":[36630,114,115,287,294,150,1633,32,33,291,2387],"class_list":{"0":"post-176856","1":"post","2":"type-post","3":"status-publish","4":"format-standard","5":"has-post-thumbnail","7":"category-entretenimento","8":"tag-circo","9":"tag-entertainment","10":"tag-entretenimento","11":"tag-fugas","12":"tag-lazer","13":"tag-musica","14":"tag-o-que-fazer","15":"tag-portugal","16":"tag-pt","17":"tag-relaxar","18":"tag-teatro"},"share_on_mastodon":{"url":"https:\/\/pubeurope.com\/@pt\/115668068769388365","error":""},"_links":{"self":[{"href":"https:\/\/www.europesays.com\/pt\/wp-json\/wp\/v2\/posts\/176856","targetHints":{"allow":["GET"]}}],"collection":[{"href":"https:\/\/www.europesays.com\/pt\/wp-json\/wp\/v2\/posts"}],"about":[{"href":"https:\/\/www.europesays.com\/pt\/wp-json\/wp\/v2\/types\/post"}],"author":[{"embeddable":true,"href":"https:\/\/www.europesays.com\/pt\/wp-json\/wp\/v2\/users\/2"}],"replies":[{"embeddable":true,"href":"https:\/\/www.europesays.com\/pt\/wp-json\/wp\/v2\/comments?post=176856"}],"version-history":[{"count":0,"href":"https:\/\/www.europesays.com\/pt\/wp-json\/wp\/v2\/posts\/176856\/revisions"}],"wp:featuredmedia":[{"embeddable":true,"href":"https:\/\/www.europesays.com\/pt\/wp-json\/wp\/v2\/media\/176857"}],"wp:attachment":[{"href":"https:\/\/www.europesays.com\/pt\/wp-json\/wp\/v2\/media?parent=176856"}],"wp:term":[{"taxonomy":"category","embeddable":true,"href":"https:\/\/www.europesays.com\/pt\/wp-json\/wp\/v2\/categories?post=176856"},{"taxonomy":"post_tag","embeddable":true,"href":"https:\/\/www.europesays.com\/pt\/wp-json\/wp\/v2\/tags?post=176856"}],"curies":[{"name":"wp","href":"https:\/\/api.w.org\/{rel}","templated":true}]}}