{"id":176858,"date":"2025-12-05T17:13:15","date_gmt":"2025-12-05T17:13:15","guid":{"rendered":"https:\/\/www.europesays.com\/pt\/176858\/"},"modified":"2025-12-05T17:13:15","modified_gmt":"2025-12-05T17:13:15","slug":"imigrantes-governo-propoe-eliminar-notificacao-de-abandono-voluntario-e-aumentar-tempos-de-detencao-para-ate-18-meses","status":"publish","type":"post","link":"https:\/\/www.europesays.com\/pt\/176858\/","title":{"rendered":"Imigrantes. Governo prop\u00f5e eliminar notifica\u00e7\u00e3o de abandono volunt\u00e1rio e aumentar tempos de deten\u00e7\u00e3o para at\u00e9 18 meses"},"content":{"rendered":"<p>Tal como o <strong><a aria-label=\"content\" target=\"_blank\" href=\"https:\/\/www.dn.pt\/pol%C3%ADtica\/acelerar-retornos-%C3%A9-recomenda%C3%A7%C3%A3o-de-grupo-de-trabalho-com-ex-diretor-do-sef-pj-aima-e-mai\" rel=\"nofollow noopener\">jornal tinha antecipado em maio, algumas destas propostas resultam das recomenda\u00e7\u00f5es de um grupo de trabalho criado pelo Governo<\/a>.<\/strong> Ap\u00f3s a aprova\u00e7\u00e3o da Lei dos Estrangeiros e da Lei da Nacionalidade, chega agora a terceira etapa da revis\u00e3o das pol\u00edticas migrat\u00f3rias em Portugal. O ministro Ant\u00f3nio Leit\u00e3o Amaro classificou esta proposta como \u201ca \u00faltima grande pe\u00e7a legislativa da reforma da pol\u00edtica migrat\u00f3ria\u201d.<\/p>\n<p>Entre as medidas, consta o <strong>aumento do prazo de deten\u00e7\u00e3o<\/strong> para afastamento do territ\u00f3rio nacional de 60 para 180 dias, com possibilidade de prorroga\u00e7\u00e3o por mais 180 dias e, posteriormente, mais 180 dias. <strong>No total, os imigrantes com decis\u00e3o de abandonar o pa\u00eds poder\u00e3o permanecer detidos at\u00e9 540 dias, o equivalente a 18 meses<\/strong>. Segundo o documento, estes prazos est\u00e3o \u201cem linha com o enquadramento legal europeu e com as recomenda\u00e7\u00f5es da \u00faltima avalia\u00e7\u00e3o Schengen\u201d.<\/p>\n<p>Simultaneamente, <strong>\u00e9 sugerida a aplica\u00e7\u00e3o de medidas alternativas \u00e0 deten\u00e7\u00e3o, como cau\u00e7\u00e3o ou entrega do documento de viagem, reservando a priva\u00e7\u00e3o de liberdade como \u00faltimo recurso<\/strong>. Haver\u00e1 ainda altera\u00e7\u00f5es nos crit\u00e9rios para a an\u00e1lise de expuls\u00e3o do territ\u00f3rio nacional, incluindo a \u201cefetiva e s\u00f3lida liga\u00e7\u00e3o do cidad\u00e3o estrangeiro ao pa\u00eds\u201d, atualmente prevista na lei. O documento d\u00e1 como exemplo que o simples <strong>facto de nascer em Portugal deixar\u00e1 de ser suficiente para impedir a expuls\u00e3o, sendo necess\u00e1rio tamb\u00e9m residir no pa\u00eds nos \u00faltimos cinco anos<\/strong>.<\/p>\n<p>A nova lei tamb\u00e9m mexe no acesso \u00e0 justi\u00e7a. &#8220;Consagrar definitivamente o efeito devolutivo do recurso judicial do processo de afastamento para <strong>evitar o recurso judicial abusivo como forma de limite a expuls\u00e3o&#8221;. Na pr\u00e1tica, significa<\/strong> estabelecer que o <strong>recurso judicial n\u00e3o suspende a decis\u00e3o de afastamento<\/strong>, para impedir que as pessoas usem recursos  para atrasar ou bloquear a decis\u00e3o de afastamento ou expuls\u00e3o.<\/p>\n<p>Para os que tiverem esta decis\u00e3o, aumentar\u00e1 de cinco para at\u00e9 20 anos o per\u00edodo de interdita\u00e7\u00e3o de entrada e perman\u00eancia no pa\u00eds. Segundo o Governo, este prazo est\u00e1 &#8220;<strong>em linha com a proposta de regulamento de retorno&#8221; da Uni\u00e3o Europeia (UE)&#8221;.<\/strong><\/p>\n<p>Ainda neste sentido, constar\u00e1 na lei que passar\u00e1 a ser obrigat\u00f3rio o <strong> reembolso das despesas com as condi\u00e7\u00f5es de acolhimento<\/strong>, &#8220;caso se comprove que o requerente de asilo possui rendimentos pr\u00f3prios ou se tiver sido detetado em situa\u00e7\u00e3o irregular noutro Estado-Membro&#8221;. Por fim, ser\u00e1 &#8220;privilegiado o retorno volunt\u00e1rio sempre que o cidad\u00e3o estrangeiro cooperar nesse sentido&#8221;.<\/p>\n<p><strong>Ap\u00f3s a consulta pr\u00e9via, o diploma ser\u00e1 enviado ao Parlamento, possivelmente em janeiro<\/strong>. Antes, ser\u00e1 ouvido o Conselho Nacional das Migra\u00e7\u00f5es, j\u00e1 na pr\u00f3xima semana. O ministro Ant\u00f3nio Leit\u00e3o Amaro, em confer\u00eancia de imprensa para anunciar esta aprova\u00e7\u00e3o em Conselho de Ministros, <strong>afastou que o Chega seja o &#8220;parceiro preferencial&#8221;<\/strong> para aprova\u00e7\u00e3o na Assembleia da Rep\u00fablica. Mesmo que as primeiras <strong>&#8220;grandes primeiras pe\u00e7as&#8221; da mudan\u00e7a pol\u00edtica migrat\u00f3ria<\/strong>, a <strong><a aria-label=\"content\" target=\"_blank\" href=\"https:\/\/www.dn.pt\/pol%C3%ADtica\/acompanhe-aqui-a-discusso-no-parlamento-sobre-a-lei-dos-estrangeiros\" rel=\"nofollow noopener\">Lei dos Estrangeiros<\/a><\/strong> (j\u00e1 em vigor) e a <strong><a aria-label=\"content\" target=\"_blank\" href=\"https:\/\/www.dn.pt\/pol%C3%ADtica\/hoje-portugal-fica-mais-portugal-nova-lei-da-nacionalidade-aprovada-no-parlamento\" rel=\"nofollow noopener\">Lei da Nacionalidade<\/a> <\/strong>(atualmente no Tribunal Constitucional), s\u00f3 foram aprovadas por causa do partido de Andr\u00e9 Ventura.<\/p>\n<p>amanda.lima@dn.pt<\/p>\n","protected":false},"excerpt":{"rendered":"Tal como o jornal tinha antecipado em maio, algumas destas propostas resultam das recomenda\u00e7\u00f5es de um grupo de&hellip;\n","protected":false},"author":2,"featured_media":176859,"comment_status":"","ping_status":"","sticky":false,"template":"","format":"standard","meta":{"footnotes":""},"categories":[10],"tags":[1964,27,28,15,16,14,1481,9366,1865,25,26,21,22,12,13,19,20,32,23,24,33,17,18,29,30,31],"class_list":{"0":"post-176858","1":"post","2":"type-post","3":"status-publish","4":"format-standard","5":"has-post-thumbnail","7":"category-portugal","8":"tag-aima","9":"tag-breaking-news","10":"tag-breakingnews","11":"tag-featured-news","12":"tag-featurednews","13":"tag-headlines","14":"tag-imigracao","15":"tag-imigracao-ilegal","16":"tag-imigrantes","17":"tag-latest-news","18":"tag-latestnews","19":"tag-main-news","20":"tag-mainnews","21":"tag-news","22":"tag-noticias","23":"tag-noticias-principais","24":"tag-noticiasprincipais","25":"tag-portugal","26":"tag-principais-noticias","27":"tag-principaisnoticias","28":"tag-pt","29":"tag-top-stories","30":"tag-topstories","31":"tag-ultimas","32":"tag-ultimas-noticias","33":"tag-ultimasnoticias"},"share_on_mastodon":{"url":"https:\/\/pubeurope.com\/@pt\/115668084565029512","error":""},"_links":{"self":[{"href":"https:\/\/www.europesays.com\/pt\/wp-json\/wp\/v2\/posts\/176858","targetHints":{"allow":["GET"]}}],"collection":[{"href":"https:\/\/www.europesays.com\/pt\/wp-json\/wp\/v2\/posts"}],"about":[{"href":"https:\/\/www.europesays.com\/pt\/wp-json\/wp\/v2\/types\/post"}],"author":[{"embeddable":true,"href":"https:\/\/www.europesays.com\/pt\/wp-json\/wp\/v2\/users\/2"}],"replies":[{"embeddable":true,"href":"https:\/\/www.europesays.com\/pt\/wp-json\/wp\/v2\/comments?post=176858"}],"version-history":[{"count":0,"href":"https:\/\/www.europesays.com\/pt\/wp-json\/wp\/v2\/posts\/176858\/revisions"}],"wp:featuredmedia":[{"embeddable":true,"href":"https:\/\/www.europesays.com\/pt\/wp-json\/wp\/v2\/media\/176859"}],"wp:attachment":[{"href":"https:\/\/www.europesays.com\/pt\/wp-json\/wp\/v2\/media?parent=176858"}],"wp:term":[{"taxonomy":"category","embeddable":true,"href":"https:\/\/www.europesays.com\/pt\/wp-json\/wp\/v2\/categories?post=176858"},{"taxonomy":"post_tag","embeddable":true,"href":"https:\/\/www.europesays.com\/pt\/wp-json\/wp\/v2\/tags?post=176858"}],"curies":[{"name":"wp","href":"https:\/\/api.w.org\/{rel}","templated":true}]}}