{"id":176860,"date":"2025-12-05T17:15:26","date_gmt":"2025-12-05T17:15:26","guid":{"rendered":"https:\/\/www.europesays.com\/pt\/176860\/"},"modified":"2025-12-05T17:15:26","modified_gmt":"2025-12-05T17:15:26","slug":"telma-monteiro-assume-romance-com-judoca-grega-veja-a-imagem-do-beijo-apaixonado","status":"publish","type":"post","link":"https:\/\/www.europesays.com\/pt\/176860\/","title":{"rendered":"Telma Monteiro assume romance com judoca grega: veja a imagem do beijo apaixonado!"},"content":{"rendered":"<p><a href=\"https:\/\/selfie.iol.pt\/famosos\/benfica\/emocionada-telma-monteiro-vive-momento-muito-especial\/20241224\/676ac19cd34e94b82908fe56\" target=\"_blank\" rel=\"nofollow noopener\">Telma Monteiro<\/a> assumiu o namoro com a judoca grega Mina Ricken.<\/p>\n<p>A ex-judoca portuguesa confirmou assim os rumores que corriam h\u00e1 meses nas redes sociais, atrav\u00e9s da partilha realizada por Mina Ricken de uma imagem que mostra um beijo apaixonado do casal na praia.<\/p>\n<p>&#8220;Invernos amenos que permanecem na mem\u00f3ria&#8221;, escreveu na legenda do registo a judoca grega, de 26 anos, com Telma Monteiro a responder: &#8220;Meu para\u00edso.&#8221;<\/p>\n<p>Recorde-se que Telma Monteiro, de 39 anos, vive uma fase de mudan\u00e7a e reencontro pessoal depois de, no ano passado, se despedir do judo. Ao longo da carreira, a judoca somou v\u00e1rias conquistas, entre elas a medalha de bronze nos Jogos Ol\u00edmpicos do Rio 2016 e seis t\u00edtulos de campe\u00e3 europeia.<\/p>\n<p>Veja, agora, na galeria, as imagens de Telma Monteiro e\u00a0Mina Ricken.<\/p>\n","protected":false},"excerpt":{"rendered":"Telma Monteiro assumiu o namoro com a judoca grega Mina Ricken. A ex-judoca portuguesa confirmou assim os rumores&hellip;\n","protected":false},"author":2,"featured_media":176861,"comment_status":"","ping_status":"","sticky":false,"template":"","format":"standard","meta":{"footnotes":""},"categories":[145],"tags":[211,210,114,115,980,36632,1015,36441,36631,619,32,33,1016,1012,36440],"class_list":{"0":"post-176860","1":"post","2":"type-post","3":"status-publish","4":"format-standard","5":"has-post-thumbnail","7":"category-celebridades","8":"tag-celebridades","9":"tag-celebrities","10":"tag-entertainment","11":"tag-entretenimento","12":"tag-famosos","13":"tag-homossexualidade","14":"tag-instagram","15":"tag-judo","16":"tag-mina-ricken","17":"tag-nacional","18":"tag-portugal","19":"tag-pt","20":"tag-romance","21":"tag-selfie","22":"tag-telma-monteiro"},"share_on_mastodon":{"url":"https:\/\/pubeurope.com\/@pt\/115668092379352025","error":""},"_links":{"self":[{"href":"https:\/\/www.europesays.com\/pt\/wp-json\/wp\/v2\/posts\/176860","targetHints":{"allow":["GET"]}}],"collection":[{"href":"https:\/\/www.europesays.com\/pt\/wp-json\/wp\/v2\/posts"}],"about":[{"href":"https:\/\/www.europesays.com\/pt\/wp-json\/wp\/v2\/types\/post"}],"author":[{"embeddable":true,"href":"https:\/\/www.europesays.com\/pt\/wp-json\/wp\/v2\/users\/2"}],"replies":[{"embeddable":true,"href":"https:\/\/www.europesays.com\/pt\/wp-json\/wp\/v2\/comments?post=176860"}],"version-history":[{"count":0,"href":"https:\/\/www.europesays.com\/pt\/wp-json\/wp\/v2\/posts\/176860\/revisions"}],"wp:featuredmedia":[{"embeddable":true,"href":"https:\/\/www.europesays.com\/pt\/wp-json\/wp\/v2\/media\/176861"}],"wp:attachment":[{"href":"https:\/\/www.europesays.com\/pt\/wp-json\/wp\/v2\/media?parent=176860"}],"wp:term":[{"taxonomy":"category","embeddable":true,"href":"https:\/\/www.europesays.com\/pt\/wp-json\/wp\/v2\/categories?post=176860"},{"taxonomy":"post_tag","embeddable":true,"href":"https:\/\/www.europesays.com\/pt\/wp-json\/wp\/v2\/tags?post=176860"}],"curies":[{"name":"wp","href":"https:\/\/api.w.org\/{rel}","templated":true}]}}