{"id":176866,"date":"2025-12-05T17:21:26","date_gmt":"2025-12-05T17:21:26","guid":{"rendered":"https:\/\/www.europesays.com\/pt\/176866\/"},"modified":"2025-12-05T17:21:26","modified_gmt":"2025-12-05T17:21:26","slug":"f1-lewis-hamilton-preocupado-com-isack-hadjar","status":"publish","type":"post","link":"https:\/\/www.europesays.com\/pt\/176866\/","title":{"rendered":"F1: Lewis Hamilton preocupado com Isack Hadjar"},"content":{"rendered":"<p>Lewis Hamilton manifestou preocupa\u00e7\u00e3o com o futuro de Isack Hadjar\ufeff na F\u00f3rmula 1 ap\u00f3s a confirma\u00e7\u00e3o da sua promo\u00e7\u00e3o \u00e0 Red Bull para 2026, onde ser\u00e1 colega de equipa de Max Verstappen\ufeff. O brit\u00e2nico elogiou o desempenho de Hadjar na temporada de estreia, mas sublinhou a exig\u00eancia do ambiente competitivo da equipa austr\u00edaca, historicamente dif\u00edcil para os segundos pilotos.<a rel=\"noreferrer noopener nofollow\" target=\"_blank\" href=\"https:\/\/www.sportskeeda.com\/f1\/news-lewis-hamilton-wants-serious-changes-made-red-bull-amazing-driver-yuki-tsunoda-s-failure\"><\/p>\n<p>A Red Bull anunciou que Isack Hadjar ir\u00e1 ocupar o lugar de segundo piloto ao lado de Max Verstappen em 2026. O excelente rendimento ao longo da \u00e9poca justificou o salto da Racing Bulls para a estrutura principal, embora Hadjar reconhe\u00e7a que ter\u00e1 um desafio consider\u00e1vel ao enfrentar um m\u00faltiplo campe\u00e3o do mundo num contexto de grande press\u00e3o interna.<\/p>\n<p>A promo\u00e7\u00e3o de Hadjar implica a perda do lugar de titular de Yuki Tsunoda, que passar\u00e1 a desempenhar fun\u00e7\u00f5es de piloto de reserva da Red Bull e da Racing Bulls em 2026, ap\u00f3s cinco temporadas consecutivas na grelha. Tsunoda, que teve oportunidade na equipa principal em 2025, mas enfrentou dificuldades em igualar o n\u00edvel de desempenho de Verstappen, v\u00ea assim interrompida a sua continuidade como piloto a tempo inteiro, apesar de continuar integrado no projeto da marca.<a href=\"https:\/\/www.espn.com\/f1\/story\/_\/id\/47200907\/yuki-tsunoda-disappointed-drop-red-bull-reserve-driver-2026\" target=\"_blank\" rel=\"noreferrer noopener nofollow\"><\/p>\n<p>Lewis Hamilton abordou a situa\u00e7\u00e3o de Hadjar e o ambiente da Red Bull com franqueza, admitindo estar apreensivo quanto ao impacto que esse contexto poder\u00e1 ter no jovem piloto franc\u00eas:<\/p>\n<p>\u201cAcabei de saber disso hoje. N\u00e3o vou fingir que n\u00e3o me preocupa. Acho que ele fez um trabalho incr\u00edvel este ano e ainda \u00e9 muito, muito jovem, ainda est\u00e1 a aprender muito sobre si pr\u00f3prio e sobre o que o rodeia. Mas fez uma \u00e9poca fenomenal e tem uma excelente abordagem. Todos sabemos o que acontece quando as pessoas v\u00e3o para a Red Bull e o ambiente em que s\u00e3o colocadas. Obviamente, nunca estive l\u00e1, por isso n\u00e3o posso falar por experi\u00eancia pr\u00f3pria, mas visto de fora \u00e9 claramente bastante dif\u00edcil. Onde ele est\u00e1 agora, na Racing Bulls, parece ter um ambiente realmente bom.\u201d<\/p>\n<p>Comentando a descida de Yuki Tsunoda a piloto de reserva, Hamilton refor\u00e7ou a sua cr\u00edtica ao contexto interno da equipa:<\/p>\n<p>\u201cO Yuki \u00e9 um piloto incr\u00edvel, mas todos os pilotos que v\u00e3o para l\u00e1 t\u00eam, em geral, a mesma experi\u00eancia. Isso n\u00e3o significa que esses pilotos n\u00e3o sejam excelentes, \u00e9 claramente outra coisa. S\u00f3 espero que sejam feitas mudan\u00e7as que lhe proporcionem o apoio adequado.\u201d<a rel=\"noreferrer noopener nofollow\" target=\"_blank\" href=\"https:\/\/www.facebook.com\/SportskeedaF1\/posts\/lewis-hamilton-suggests-that-there-needs-to-be-serious-changes-at-red-bull-after\/1375839991219588\/\"><\/p>\n<p>\u200b<\/p>\n","protected":false},"excerpt":{"rendered":"Lewis Hamilton manifestou preocupa\u00e7\u00e3o com o futuro de Isack Hadjar\ufeff na F\u00f3rmula 1 ap\u00f3s a confirma\u00e7\u00e3o da sua&hellip;\n","protected":false},"author":2,"featured_media":173984,"comment_status":"","ping_status":"","sticky":false,"template":"","format":"standard","meta":{"footnotes":""},"categories":[87],"tags":[135,970,971,36260,5471,32,33,134],"class_list":{"0":"post-176866","1":"post","2":"type-post","3":"status-publish","4":"format-standard","5":"has-post-thumbnail","7":"category-desporto","8":"tag-desporto","9":"tag-f1","10":"tag-formula-1","11":"tag-isack-hadjar","12":"tag-lewis-hamilton","13":"tag-portugal","14":"tag-pt","15":"tag-sports"},"share_on_mastodon":{"url":"https:\/\/pubeurope.com\/@pt\/115668116137123031","error":""},"_links":{"self":[{"href":"https:\/\/www.europesays.com\/pt\/wp-json\/wp\/v2\/posts\/176866","targetHints":{"allow":["GET"]}}],"collection":[{"href":"https:\/\/www.europesays.com\/pt\/wp-json\/wp\/v2\/posts"}],"about":[{"href":"https:\/\/www.europesays.com\/pt\/wp-json\/wp\/v2\/types\/post"}],"author":[{"embeddable":true,"href":"https:\/\/www.europesays.com\/pt\/wp-json\/wp\/v2\/users\/2"}],"replies":[{"embeddable":true,"href":"https:\/\/www.europesays.com\/pt\/wp-json\/wp\/v2\/comments?post=176866"}],"version-history":[{"count":0,"href":"https:\/\/www.europesays.com\/pt\/wp-json\/wp\/v2\/posts\/176866\/revisions"}],"wp:featuredmedia":[{"embeddable":true,"href":"https:\/\/www.europesays.com\/pt\/wp-json\/wp\/v2\/media\/173984"}],"wp:attachment":[{"href":"https:\/\/www.europesays.com\/pt\/wp-json\/wp\/v2\/media?parent=176866"}],"wp:term":[{"taxonomy":"category","embeddable":true,"href":"https:\/\/www.europesays.com\/pt\/wp-json\/wp\/v2\/categories?post=176866"},{"taxonomy":"post_tag","embeddable":true,"href":"https:\/\/www.europesays.com\/pt\/wp-json\/wp\/v2\/tags?post=176866"}],"curies":[{"name":"wp","href":"https:\/\/api.w.org\/{rel}","templated":true}]}}