{"id":176927,"date":"2025-12-05T18:19:12","date_gmt":"2025-12-05T18:19:12","guid":{"rendered":"https:\/\/www.europesays.com\/pt\/176927\/"},"modified":"2025-12-05T18:19:12","modified_gmt":"2025-12-05T18:19:12","slug":"vacina-de-herpes-zoster-pode-reduzir-risco-de-demencia-em-20","status":"publish","type":"post","link":"https:\/\/www.europesays.com\/pt\/176927\/","title":{"rendered":"Vacina de herpes-z\u00f3ster pode reduzir risco de dem\u00eancia em 20%"},"content":{"rendered":"<p dir=\"ltr\">Uma pol\u00edtica de vacina\u00e7\u00e3o adotada no Pa\u00eds de Gales forneceu novas evid\u00eancias de que a imuniza\u00e7\u00e3o contra o <strong><a href=\"https:\/\/www.em.com.br\/saude\/2025\/10\/7273150-dia-mundial-da-dor-entenda-a-dor-cronica-causada-pelo-herpes-zoster.html\" target=\"_blank\" rel=\"nofollow noopener\">herpes-z\u00f3ster<\/a><\/strong> pode reduzir o risco de dem\u00eancia. Em <strong><a href=\"https:\/\/med.stanford.edu\/news\/all-news\/2025\/03\/shingles-vaccination-dementia.html#:~:text=In%20a%20new%20study%20led,did%20not%20receive%20the%20vaccine.\" target=\"_blank\" rel=\"nofollow noopener\">estudo conduzido pela Stanford Medicine<\/a><\/strong>, pesquisadores analisaram registros de sa\u00fade de mais de 280 mil idosos galeses e observaram que pessoas vacinadas, com o v\u00edrus atenuado, apresentaram probabilidade 20% menor de desenvolver a doen\u00e7a nos sete anos seguintes, em compara\u00e7\u00e3o com n\u00e3o vacinados.\u00a0<\/p>\n<p dir=\"ltr\">O resultado, publicado em 2 de abril na <strong><a href=\"https:\/\/www-nature-com.translate.goog\/articles\/s41586-025-08800-x?error=cookies_not_supported&amp;code=56a981bd-e680-4199-965c-c62f99569826&amp;_x_tr_sl=en&amp;_x_tr_tl=pt&amp;_x_tr_hl=pt&amp;_x_tr_pto=tc\" target=\"_blank\" rel=\"nofollow noopener\">revista \u201cNature\u201d<\/a><\/strong>, refor\u00e7a a hip\u00f3tese de que v\u00edrus capazes de afetar o sistema nervoso podem desempenhar papel no desenvolvimento de quadros demenciais.\u00a0<\/p>\n<p dir=\"ltr\">&#13;\n<\/p>\n<p dir=\"ltr\">Um estudo complementar, com publica\u00e7\u00e3o na ter\u00e7a-feira (2\/12) na <strong><a href=\"https:\/\/www.cell.com\/cell\/fulltext\/S0092-8674(25)01256-5\" target=\"_blank\" rel=\"nofollow noopener\">revista \u201cCell&#8221;<\/a><\/strong>, indica que a vacina\u00e7\u00e3o pode tamb\u00e9m trazer benef\u00edcios para pessoas j\u00e1 diagnosticadas, retardando a progress\u00e3o da condi\u00e7\u00e3o. A possibilidade de interven\u00e7\u00e3o preventiva amplia o interesse na rela\u00e7\u00e3o entre infec\u00e7\u00f5es virais e altera\u00e7\u00f5es neurol\u00f3gicas.<\/p>\n<p>Envelhecimento e suscetibilidade ao herpes-z\u00f3ster<\/p>\n<p dir=\"ltr\">A partir dos 50 anos, o sistema imunol\u00f3gico passa por um processo de decl\u00ednio natural, a imunossenesc\u00eancia, que reduz a capacidade de resposta a agentes infecciosos. \u201cA partir dos 50 anos, a capacidade de combater v\u00edrus e bact\u00e9rias \u00e9 reduzida, tornando os adultos mais vulner\u00e1veis a doen\u00e7as graves\u201d, alerta a geriatra e cl\u00ednica geral Maisa Kairalla, m\u00e9dica do n\u00facleo de Geriatria do Hospital S\u00edrio Liban\u00eas e presidente da comiss\u00e3o de Imuniza\u00e7\u00e3o da Sociedade Brasileira de Geriatria e Gerontologia (SBGG).\u00a0<\/p>\n<p dir=\"ltr\">Entre as doen\u00e7as que ganham espa\u00e7o nesse contexto est\u00e1 o herpes-z\u00f3ster, ou \u201ccobreiro\u201d, resultado da reativa\u00e7\u00e3o do v\u00edrus varicela-zoster, o mesmo que causa a catapora. O v\u00edrus permanece inativo no sistema nervoso e pode voltar a se manifestar anos ap\u00f3s a infec\u00e7\u00e3o inicial, especialmente em pessoas mais velhas ou com imunidade comprometida &#8211; nos casos de portadores de doen\u00e7as cr\u00f4nicas (hipertens\u00e3o, diabetes), c\u00e2ncer, Aids, transplantados e outras.<\/p>\n<p dir=\"ltr\">&#8220;Adultos com doen\u00e7as cr\u00f4nicas pulmonares, cardiovasculares e diabetes precisam ter uma vis\u00e3o ampla sobre sua imunidade. O envelhecimento natural e essas comorbidades enfraquecem as defesas do organismo\u201d, refor\u00e7a.\u00a0<\/p>\n<p dir=\"ltr\">A enfermidade provoca dor intensa e pode gerar complica\u00e7\u00f5es. A principal delas \u00e9 a <strong><a href=\"https:\/\/www.em.com.br\/saude\/2024\/01\/6783014-dor-cronica-que-surge-como-desdobramento-do-herpes-zoster-tem-tratamento-desafiador.html\" target=\"_blank\" rel=\"nofollow noopener\">neuralgia p\u00f3s-herp\u00e9tica<\/a><\/strong>, caracterizada por dor persistente por mais de 90 dias, ap\u00f3s o desaparecimento das les\u00f5es, podendo se estender por anos.<\/p>\n<p dir=\"ltr\">Os sintomas gerais incluem:<\/p>\n<ul>&#13;<\/p>\n<li dir=\"ltr\">&#13;\n<p dir=\"ltr\">Les\u00f5es cut\u00e2neas dolorosas que acompanham o trajeto dos nervos, geralmente no t\u00f3rax, rosto ou regi\u00e3o cervical<\/p>\n<p>&#13;\n<\/li>\n<p>&#13;<\/p>\n<li dir=\"ltr\">&#13;\n<p dir=\"ltr\">Formigamento<\/p>\n<p>&#13;\n<\/li>\n<p>&#13;<\/p>\n<li dir=\"ltr\">&#13;\n<p dir=\"ltr\">Sensa\u00e7\u00e3o de queima\u00e7\u00e3o<\/p>\n<p>&#13;\n<\/li>\n<p>&#13;<\/p>\n<li dir=\"ltr\">&#13;\n<p dir=\"ltr\">Febre que dura de 2 a 3 dias<\/p>\n<p>&#13;\n<\/li>\n<p>&#13;<\/p>\n<li dir=\"ltr\">&#13;\n<p dir=\"ltr\">Mal-estar<\/p>\n<p>&#13;\n<\/li>\n<p>&#13;\n<\/ul>\n<p dir=\"ltr\">O tratamento dura entre\u00a0 10 a 14 dias. Mesmo sem tratamento, as pessoas podem evoluir para a cura, mas o tratamento adequado reduz o risco de complica\u00e7\u00f5es, como a dor prolongada caracter\u00edstica da doen\u00e7a.\u00a0<\/p>\n<p dir=\"ltr\">&#13;<br \/>\n    <img decoding=\"async\" src=\"https:\/\/www.europesays.com\/pt\/wp-content\/uploads\/2025\/12\/1_saude-herpes-zoster-61754327.jpg\" alt=\"Costas com les\u00f5es de herpes zoster\" title=\"A enfermidade provoca dor intensa; les\u00f5es cut\u00e2neas s\u00e3o comuns e acompanham o trajeto dos nervos, geralmente no t\u00f3rax, rosto ou regi\u00e3o cervical \" loading=\"lazy\" width=\"775\" height=\"470\"\/>&#13;<br \/>\n    &#13;<br \/>\n        A enfermidade provoca dor intensa; les\u00f5es cut\u00e2neas s\u00e3o comuns e acompanham o trajeto dos nervos, geralmente no t\u00f3rax, rosto ou regi\u00e3o cervical  BVSMS\/Reprodu\u00e7\u00e3o&#13;<br \/>\n    &#13;\n<\/p>\n<p>Situa\u00e7\u00e3o no Brasil<\/p>\n<p dir=\"ltr\">No Brasil, o n\u00famero de <strong><a href=\"https:\/\/www.em.com.br\/saude\/2025\/05\/7137300-crescem-internacoes-por-herpes-zoster-vacina-pode-evitar-risco-de-demencia.html\" target=\"_blank\" rel=\"nofollow noopener\">interna\u00e7\u00f5es por herpes-z\u00f3ster vem crescendo<\/a><\/strong> de forma cont\u00ednua. Dados do Sistema \u00danico de Sa\u00fade (SUS) registraram 2.037 interna\u00e7\u00f5es em 2022, 2.284 em 2023 e 2.654 em 2024. Estima-se que mais de 90% da popula\u00e7\u00e3o adulta j\u00e1 tenha tido contato com o v\u00edrus.\u00a0<\/p>\n<p dir=\"ltr\"><strong><a href=\"https:\/\/pubmed.ncbi.nlm.nih.gov\/33582367\/\" target=\"_blank\" rel=\"nofollow noopener\">Um estudo, conduzido por pesquisadores<\/a><\/strong> da Universidade Estadual de Montes Claros (MG) a partir de dados do SUS no per\u00edodo de mar\u00e7o a agosto de 2017 a 2019, com o mesmo per\u00edodo de 2020, nas cinco regi\u00f5es brasileiras (Norte, Nordeste, Sudeste, Sul e Centro-Oeste), apontou um aumento de mais de 35% nos casos comparando o per\u00edodo de pandemia com o intervalo pr\u00e9-pand\u00eamico. As causas desse crescimento ainda s\u00e3o tema de investiga\u00e7\u00e3o.<\/p>\n<p dir=\"ltr\">&#13;\n<\/p>\n<p>Aten\u00e7\u00e3o e orienta\u00e7\u00e3o<\/p>\n<p dir=\"ltr\">Um epis\u00f3dio na capital mineira ilustra a import\u00e2ncia da orienta\u00e7\u00e3o adequada dentro da escalada de diagn\u00f3sticos e interna\u00e7\u00f5es. Adriana Bordalo procurou uma farm\u00e1cia em busca de uma pomada para queimadura, sem saber que apresentava sinais de herpes-z\u00f3ster.\u00a0<\/p>\n<p dir=\"ltr\">A farmac\u00eautica Rayanne de Souza identificou caracter\u00edsticas compat\u00edveis com a doen\u00e7a e recomendou que Adriana retornasse ao m\u00e9dico, que confirmou o diagn\u00f3stico. O caso demonstra como o reconhecimento precoce pode influenciar o percurso de cuidado.<\/p>\n<p dir=\"ltr\">Segundo Isabel Dias, gerente t\u00e9cnica da Drogaria Araujo, a imuniza\u00e7\u00e3o permanece como principal forma de prevenir a reativa\u00e7\u00e3o do v\u00edrus, especialmente para pessoas com doen\u00e7as cr\u00f4nicas ou com menor capacidade de resposta imunol\u00f3gica.<\/p>\n<p dir=\"ltr\">Atualmente, a <strong><a href=\"https:\/\/www.em.com.br\/app\/noticia\/saude-e-bem-viver\/2023\/06\/21\/interna_bem_viver,1510418\/demanda-por-nova-vacina-contra-herpes-zoster-aumenta-quase-10-vezes.shtml\" target=\"_blank\" rel=\"nofollow noopener\">vacina contra o herpes-z\u00f3ster<\/a><\/strong> est\u00e1 dispon\u00edvel apenas na rede privada. O pre\u00e7o da vacina contra herpes-z\u00f3ster depende do tipo de imunizante e da cl\u00ednica ou farm\u00e1cia onde \u00e9 aplicada. O pre\u00e7o de uma dose da vacina varia entre R$ 850 e R$ 1 mil, em m\u00e9dia. O esquema vacinal completo requer duas doses, aplicadas com intervalo de dois a seis meses, o que eleva o custo total da imuniza\u00e7\u00e3o para algo entre R$ 1,7 mil e R$ 2 mil.<\/p>\n<p dir=\"ltr\">A indica\u00e7\u00e3o vale para adultos a partir de 50 anos e, mediante prescri\u00e7\u00e3o m\u00e9dica, para maiores de 18 anos com comorbidades.\u00a0<\/p>\n<p dir=\"ltr\">Este ano o\u00a0<strong><a href=\"https:\/\/www.em.com.br\/saude\/2025\/09\/7251103-sus-planeja-incorporar-vacina-da-herpes-zoster-em-programa-de-imunizacao.html\" target=\"_blank\" rel=\"nofollow noopener\">Minist\u00e9rio da Sa\u00fade, solicitou \u00e0 Conitec<\/a><\/strong>, a avalia\u00e7\u00e3o da incorpora\u00e7\u00e3o, ao SUS, da vacina recombinante adjuvada para preven\u00e7\u00e3o do herpes-z\u00f3ster em idosos com idade maior ou igual a 80 anos e indiv\u00edduos imunocomprometidos com idade maior ou igual a 18 anos. Houve abertura de Consulta P\u00fablica nos meses de maio e\u00a0junho &#8211; com mais de 200 participa\u00e7\u00f5es, e posteriormente setembro e outubro.<\/p>\n<p dir=\"ltr\">Em sua an\u00e1lise, a Conitec considerou que\u00a0a vacina\u00a0\u00e9\u00a0segura, mas que o imunizante\u00a0\u00e9\u00a0considerado n\u00e3o custo-efetivo. O tema foi discutido novamente\u00a0durante a 24\u00aa Reuni\u00e3o Extraordin\u00e1ria da Comiss\u00e3o, realizada dia 15 de agosto. Na ocasi\u00e3o, o <strong><a href=\"https:\/\/www.gov.br\/conitec\/pt-br\/midias\/consultas\/relatorios\/2025\/sociedade\/relatorio-para-sociedade-no-574_vacina-recombinante-adjuvada-_herpes-zoster-pdf.pdf\" target=\"_blank\" rel=\"nofollow noopener\">Comit\u00ea de Medicamentos<\/a><\/strong> reconheceu a import\u00e2ncia da vacina para a preven\u00e7\u00e3o do herpes-z\u00f3ster, mas destacou que &#8220;considera\u00e7\u00f5es adicionais sobre a oferta de pre\u00e7o precisam ser negociadas, de modo a alcan\u00e7ar um valor com impacto or\u00e7ament\u00e1rio sustent\u00e1vel para o SUS&#8221;.<\/p>\n<p class=\"texto\" style=\"text-align: center;\"><strong>\u00a0<a href=\"https:\/\/whatsapp.com\/channel\/0029Va8e466AO7RPLL06EL2h\" target=\"_blank\" rel=\"nofollow noopener\">Siga nosso canal no WhatsApp e receba not\u00edcias relevantes para o seu dia<\/a><\/strong><\/p>\n","protected":false},"excerpt":{"rendered":"Uma pol\u00edtica de vacina\u00e7\u00e3o adotada no Pa\u00eds de Gales forneceu novas evid\u00eancias de que a imuniza\u00e7\u00e3o contra o&hellip;\n","protected":false},"author":2,"featured_media":176928,"comment_status":"","ping_status":"","sticky":false,"template":"","format":"standard","meta":{"footnotes":""},"categories":[86],"tags":[2041,1490,116,11176,32,33,117,1333],"class_list":{"0":"post-176927","1":"post","2":"type-post","3":"status-publish","4":"format-standard","5":"has-post-thumbnail","7":"category-saude","8":"tag-demencia","9":"tag-envelhecimento","10":"tag-health","11":"tag-herpes-zoster","12":"tag-portugal","13":"tag-pt","14":"tag-saude","15":"tag-vacina"},"share_on_mastodon":{"url":"https:\/\/pubeurope.com\/@pt\/115668344423956263","error":""},"_links":{"self":[{"href":"https:\/\/www.europesays.com\/pt\/wp-json\/wp\/v2\/posts\/176927","targetHints":{"allow":["GET"]}}],"collection":[{"href":"https:\/\/www.europesays.com\/pt\/wp-json\/wp\/v2\/posts"}],"about":[{"href":"https:\/\/www.europesays.com\/pt\/wp-json\/wp\/v2\/types\/post"}],"author":[{"embeddable":true,"href":"https:\/\/www.europesays.com\/pt\/wp-json\/wp\/v2\/users\/2"}],"replies":[{"embeddable":true,"href":"https:\/\/www.europesays.com\/pt\/wp-json\/wp\/v2\/comments?post=176927"}],"version-history":[{"count":0,"href":"https:\/\/www.europesays.com\/pt\/wp-json\/wp\/v2\/posts\/176927\/revisions"}],"wp:featuredmedia":[{"embeddable":true,"href":"https:\/\/www.europesays.com\/pt\/wp-json\/wp\/v2\/media\/176928"}],"wp:attachment":[{"href":"https:\/\/www.europesays.com\/pt\/wp-json\/wp\/v2\/media?parent=176927"}],"wp:term":[{"taxonomy":"category","embeddable":true,"href":"https:\/\/www.europesays.com\/pt\/wp-json\/wp\/v2\/categories?post=176927"},{"taxonomy":"post_tag","embeddable":true,"href":"https:\/\/www.europesays.com\/pt\/wp-json\/wp\/v2\/tags?post=176927"}],"curies":[{"name":"wp","href":"https:\/\/api.w.org\/{rel}","templated":true}]}}