{"id":176953,"date":"2025-12-05T18:46:19","date_gmt":"2025-12-05T18:46:19","guid":{"rendered":"https:\/\/www.europesays.com\/pt\/176953\/"},"modified":"2025-12-05T18:46:19","modified_gmt":"2025-12-05T18:46:19","slug":"gp-abu-dhabi-f1-tl2-lando-norris-foi-o-mais-rapido-do-dia","status":"publish","type":"post","link":"https:\/\/www.europesays.com\/pt\/176953\/","title":{"rendered":"GP Abu Dhabi F1, TL2: Lando Norris foi o mais r\u00e1pido do dia"},"content":{"rendered":"<p>Lando Norris come\u00e7ou bem o decisivo fim de semana, onde as contas do t\u00edtulo ser\u00e3o encerradas. O piloto da McLaren foi o mais r\u00e1pido no TL1, com Max Verstappen muito perto, mas no segundo Treino Livre a dist\u00e2ncia de Norris para Verstappen dilatou. O brit\u00e2nico foi novamente o mais r\u00e1pido, com Verstappen a ficar a mais de 0,3 segundos, com George Russell a completar o top 3. Oscar Piastri fez apenas o 11\u00ba tempo. <\/p>\n<p>Com temperaturas um pouco mais representativas do que os pilotos iram encontrar na qualifica\u00e7\u00e3o e na corrida e com a pista com mais borracha e, por conseguinte, mais ader\u00eancia, os pilotos e equipas iniciaram o Treino Livre 2, decisivo para as aspira\u00e7\u00f5es dos candidatos ao t\u00edtulo.<\/p>\n<blockquote class=\"twitter-tweet\">\n<p lang=\"en\" dir=\"ltr\">Our top three in FP2 \ud83d\udc40<\/p>\n<p>\ud83e\udd47 Lando<\/p>\n<p>\ud83e\udd48 Max<\/p>\n<p>\ud83e\udd49 George <a href=\"https:\/\/twitter.com\/hashtag\/F1?src=hash&amp;ref_src=twsrc%5Etfw\" rel=\"nofollow noopener\" target=\"_blank\">#F1<\/a> <a href=\"https:\/\/twitter.com\/hashtag\/AbuDhabiGP?src=hash&amp;ref_src=twsrc%5Etfw\" rel=\"nofollow noopener\" target=\"_blank\">#AbuDhabiGP<\/a> <a href=\"https:\/\/t.co\/fxaa3tQFmO\" rel=\"nofollow\">pic.twitter.com\/fxaa3tQFmO<\/a><\/p>\n<p>\u2014 Formula 1 (@F1) <a href=\"https:\/\/twitter.com\/F1\/status\/1996943945243279412?ref_src=twsrc%5Etfw\" rel=\"nofollow noopener\" target=\"_blank\">December 5, 2025<\/a><\/p>\n<\/blockquote>\n<p>Os pneus m\u00e9dios eram os mais usados nas primeiras voltas e logo nas primeiras voltas vimos tempos no segundo 24, com Oliver Bearman (macios) a assumir a lideran\u00e7a da tabela. Isack Hadjar tamb\u00e9m se destacou (com pneus macios)e subiu ao primeiro lugar, j\u00e1 a bater \u00e0 porta do segundo 23. <\/p>\n<p>Com as voltas a acumularem, Bearman entrou no segundo 23, o primeiro a consegui-lo, enquanto o resto da concorr\u00eancia ia acumulando voltas com os pneus m\u00e9dios. Com 25 minutos de sess\u00e3o, Max Verstappen foi o primeiro dos candidatos a colocar pneus macios, no in\u00edcio da janela das simula\u00e7\u00f5es de qualifica\u00e7\u00e3o. Verstappen rubricou o primeiro registo bem dentro do segundo 23, com Lando Norris a tirar mais de tr\u00eas d\u00e9cimos ao tempo de Verstappen. J\u00e1 o tempo de Piasti ficou a mais de 0,6 segundo do registo do colega de equipa.  George Russell estava em terceiro, \u00e0 frente de Bearman e Hulkenberg. Seguiam-se Bortoleto, Hadjar, Charles Leclerc, Kimi Antonelli e Oscar Piastri.<\/p>\n<blockquote class=\"twitter-tweet\">\n<p lang=\"en\" dir=\"ltr\">Carlos having a moment! \ud83d\ude2e<a href=\"https:\/\/twitter.com\/hashtag\/F1?src=hash&amp;ref_src=twsrc%5Etfw\" rel=\"nofollow noopener\" target=\"_blank\">#F1<\/a> <a href=\"https:\/\/twitter.com\/hashtag\/AbuDhabiGP?src=hash&amp;ref_src=twsrc%5Etfw\" rel=\"nofollow noopener\" target=\"_blank\">#AbuDhabiGP<\/a> <a href=\"https:\/\/t.co\/1TKLQlkip1\" rel=\"nofollow\">pic.twitter.com\/1TKLQlkip1<\/a><\/p>\n<p>\u2014 Formula 1 (@F1) <a href=\"https:\/\/twitter.com\/F1\/status\/1996935553543962624?ref_src=twsrc%5Etfw\" rel=\"nofollow noopener\" target=\"_blank\">December 5, 2025<\/a><\/p>\n<\/blockquote>\n<p>Os pneus macios come\u00e7aram a desaparecer quando faltavam 20 minutos para o fim da sess\u00e3o e os stints longos seria o foco para as \u00faltimas voltas. <\/p>\n<p>A ordem geral n\u00e3o se alterou at\u00e9 ao fim da sess\u00e3o. Norris ficou com o melhor tempo por larga margem (1:23.083), seguido de Max Verstappen e George Russell. <\/p>\n<p>Fica conclu\u00eddo o primeiro dia de trabalhos deste decisivo fim de semana. Lando Norris come\u00e7a com nota muito positiva, Verstappen est\u00e1 a alguma dist\u00e2ncia, mas ainda h\u00e1 muito trabalho pela frente, tal como do lado de Piastri que falhou na sua volta r\u00e1pida e ainda tem um treino livre para resolver qualquer problema. <\/p>\n<p><img loading=\"lazy\" decoding=\"async\" width=\"1080\" height=\"1350\" data-lazy-type=\"image\" src=\"https:\/\/www.europesays.com\/pt\/wp-content\/uploads\/2025\/12\/tl3-abu-dhabi.jpg\" alt=\"\" class=\"lazy lazy-hidden wp-image-736985\"\/><br \/>\n\t\t\t<script async src=\"https:\/\/platform.twitter.com\/widgets.js\" charset=\"utf-8\"><\/script><\/p>\n","protected":false},"excerpt":{"rendered":"Lando Norris come\u00e7ou bem o decisivo fim de semana, onde as contas do t\u00edtulo ser\u00e3o encerradas. O piloto&hellip;\n","protected":false},"author":2,"featured_media":176954,"comment_status":"","ping_status":"","sticky":false,"template":"","format":"standard","meta":{"footnotes":""},"categories":[87],"tags":[135,1162,970,971,36188,5020,32,33,134],"class_list":{"0":"post-176953","1":"post","2":"type-post","3":"status-publish","4":"format-standard","5":"has-post-thumbnail","7":"category-desporto","8":"tag-desporto","9":"tag-destaque-homepage","10":"tag-f1","11":"tag-formula-1","12":"tag-gp-abu-dhabi","13":"tag-lando-norris","14":"tag-portugal","15":"tag-pt","16":"tag-sports"},"share_on_mastodon":{"url":"https:\/\/pubeurope.com\/@pt\/115668450459556283","error":""},"_links":{"self":[{"href":"https:\/\/www.europesays.com\/pt\/wp-json\/wp\/v2\/posts\/176953","targetHints":{"allow":["GET"]}}],"collection":[{"href":"https:\/\/www.europesays.com\/pt\/wp-json\/wp\/v2\/posts"}],"about":[{"href":"https:\/\/www.europesays.com\/pt\/wp-json\/wp\/v2\/types\/post"}],"author":[{"embeddable":true,"href":"https:\/\/www.europesays.com\/pt\/wp-json\/wp\/v2\/users\/2"}],"replies":[{"embeddable":true,"href":"https:\/\/www.europesays.com\/pt\/wp-json\/wp\/v2\/comments?post=176953"}],"version-history":[{"count":0,"href":"https:\/\/www.europesays.com\/pt\/wp-json\/wp\/v2\/posts\/176953\/revisions"}],"wp:featuredmedia":[{"embeddable":true,"href":"https:\/\/www.europesays.com\/pt\/wp-json\/wp\/v2\/media\/176954"}],"wp:attachment":[{"href":"https:\/\/www.europesays.com\/pt\/wp-json\/wp\/v2\/media?parent=176953"}],"wp:term":[{"taxonomy":"category","embeddable":true,"href":"https:\/\/www.europesays.com\/pt\/wp-json\/wp\/v2\/categories?post=176953"},{"taxonomy":"post_tag","embeddable":true,"href":"https:\/\/www.europesays.com\/pt\/wp-json\/wp\/v2\/tags?post=176953"}],"curies":[{"name":"wp","href":"https:\/\/api.w.org\/{rel}","templated":true}]}}