{"id":176961,"date":"2025-12-05T18:53:27","date_gmt":"2025-12-05T18:53:27","guid":{"rendered":"https:\/\/www.europesays.com\/pt\/176961\/"},"modified":"2025-12-05T18:53:27","modified_gmt":"2025-12-05T18:53:27","slug":"um-ferrador-de-cavalos-da-minha-regiao-ganha-mais-do-que-um-medico","status":"publish","type":"post","link":"https:\/\/www.europesays.com\/pt\/176961\/","title":{"rendered":"Um ferrador de cavalos da minha regi\u00e3o ganha mais do que um m\u00e9dico"},"content":{"rendered":"<p>\t                REVISTA DE IMPRENSA || Ant\u00f3nio Saraiva, presidente da Cruz Vermelha, em entrevista ao Nascer Sol, fala do futuro das profiss\u00f5es e lan\u00e7a um desafio<\/p>\n<p>J\u00e1 foi l\u00edder sindical e l\u00edder dos &#8220;patr\u00f5es&#8221;. E, numa entrevista publicada na <a href=\"https:\/\/sol.sapo.pt\/capas\/05-dezembro-2025\/\" target=\"_blank\" rel=\"nofollow noopener\">edi\u00e7\u00e3o<\/a> desta sexta-feira no <a href=\"https:\/\/sol.sapo.pt\/\" target=\"_blank\" rel=\"nofollow noopener\">Nascer do Sol<\/a>, Ant\u00f3nio Saraiva afirma: &#8220;Um ferrador de cavalos da minha regi\u00e3o de origem ganha mais do que um m\u00e9dico&#8221;.\u00a0<\/p>\n<p>A regi\u00e3o em causa \u00e9 Aljustrel, no Alentejo (Ant\u00f3nio Saraiva nasceu em Ervidel), e a frase pretende real\u00e7ar a import\u00e2ncia das profiss\u00f5es que desempenham trabalhos de per\u00edcia manual:\u00a0&#8220;Um bom profissional ser\u00e1 melhor remunerado do que muitos doutorados&#8221;, explica.<\/p>\n<p>&#8220;O desaparecimento das escolas industriais e comerciais abriu uma brecha que n\u00e3o fechou&#8221;, afirma Ant\u00f3nio Saraiva, que acrescenta que\u00a0&#8220;temos escolas profissionais protocoladas entre o IEFP e associa\u00e7\u00f5es profissionais e sindicais que s\u00e3o excelentes e com elevados \u00edndices de empregabilidade, mas continua a haver um estigma na sociedade portuguesa de que s\u00f3 a forma\u00e7\u00e3o acad\u00e9mica superior \u00e9 que prestigia&#8221;.<\/p>\n<p>Na conversa com o jornalista V\u00edtor Rainho, o antigo presidente da Confedera\u00e7\u00e3o Empresarial de Portugal e atual presidente da Cruz Vermelha Portuguesa considera que\u00a0&#8220;n\u00e3o \u00e9 certo que a robotiza\u00e7\u00e3o traga desemprego&#8221; mas deixa o desafio: &#8220;Ter\u00e1 que ser desenvolvido um vasto programa nacional de requalifica\u00e7\u00e3o profissional&#8221;.<\/p>\n<p>O Nascer do Sol e a CNN Portugal\u00a0pertence ambos ao Grupo Media Capital. Pode ler a entrevista a Ant\u00f3nio Saraiva na \u00edntegra na edi\u00e7\u00e3o desta semana do seman\u00e1rio.<\/p>\n<p>\u00a0<\/p>\n","protected":false},"excerpt":{"rendered":"REVISTA DE IMPRENSA || Ant\u00f3nio Saraiva, presidente da Cruz Vermelha, em entrevista ao Nascer Sol, fala do futuro&hellip;\n","protected":false},"author":2,"featured_media":176962,"comment_status":"","ping_status":"","sticky":false,"template":"","format":"standard","meta":{"footnotes":""},"categories":[8],"tags":[609,4261,836,36641,611,27,28,607,608,333,832,604,135,610,476,15,16,301,830,14,603,25,26,570,21,22,831,833,62,834,12,13,19,20,835,602,52,32,23,24,1350,33,17,18,29,30,31],"class_list":{"0":"post-176961","1":"post","2":"type-post","3":"status-publish","4":"format-standard","5":"has-post-thumbnail","7":"category-principais-noticias","8":"tag-alerta","9":"tag-aljustrel","10":"tag-analise","11":"tag-antonio-saraiva","12":"tag-ao-minuto","13":"tag-breaking-news","14":"tag-breakingnews","15":"tag-cnn","16":"tag-cnn-portugal","17":"tag-comentadores","18":"tag-costa","19":"tag-crime","20":"tag-desporto","21":"tag-direto","22":"tag-economia","23":"tag-featured-news","24":"tag-featurednews","25":"tag-governo","26":"tag-guerra","27":"tag-headlines","28":"tag-justica","29":"tag-latest-news","30":"tag-latestnews","31":"tag-live","32":"tag-main-news","33":"tag-mainnews","34":"tag-mais-vistas","35":"tag-marcelo","36":"tag-mundo","37":"tag-negocios","38":"tag-news","39":"tag-noticias","40":"tag-noticias-principais","41":"tag-noticiasprincipais","42":"tag-opiniao","43":"tag-pais","44":"tag-politica","45":"tag-portugal","46":"tag-principais-noticias","47":"tag-principaisnoticias","48":"tag-profissoes","49":"tag-pt","50":"tag-top-stories","51":"tag-topstories","52":"tag-ultimas","53":"tag-ultimas-noticias","54":"tag-ultimasnoticias"},"share_on_mastodon":{"url":"","error":"Validation failed: Text character limit of 500 exceeded"},"_links":{"self":[{"href":"https:\/\/www.europesays.com\/pt\/wp-json\/wp\/v2\/posts\/176961","targetHints":{"allow":["GET"]}}],"collection":[{"href":"https:\/\/www.europesays.com\/pt\/wp-json\/wp\/v2\/posts"}],"about":[{"href":"https:\/\/www.europesays.com\/pt\/wp-json\/wp\/v2\/types\/post"}],"author":[{"embeddable":true,"href":"https:\/\/www.europesays.com\/pt\/wp-json\/wp\/v2\/users\/2"}],"replies":[{"embeddable":true,"href":"https:\/\/www.europesays.com\/pt\/wp-json\/wp\/v2\/comments?post=176961"}],"version-history":[{"count":0,"href":"https:\/\/www.europesays.com\/pt\/wp-json\/wp\/v2\/posts\/176961\/revisions"}],"wp:featuredmedia":[{"embeddable":true,"href":"https:\/\/www.europesays.com\/pt\/wp-json\/wp\/v2\/media\/176962"}],"wp:attachment":[{"href":"https:\/\/www.europesays.com\/pt\/wp-json\/wp\/v2\/media?parent=176961"}],"wp:term":[{"taxonomy":"category","embeddable":true,"href":"https:\/\/www.europesays.com\/pt\/wp-json\/wp\/v2\/categories?post=176961"},{"taxonomy":"post_tag","embeddable":true,"href":"https:\/\/www.europesays.com\/pt\/wp-json\/wp\/v2\/tags?post=176961"}],"curies":[{"name":"wp","href":"https:\/\/api.w.org\/{rel}","templated":true}]}}