{"id":176981,"date":"2025-12-05T19:22:10","date_gmt":"2025-12-05T19:22:10","guid":{"rendered":"https:\/\/www.europesays.com\/pt\/176981\/"},"modified":"2025-12-05T19:22:10","modified_gmt":"2025-12-05T19:22:10","slug":"fim-de-linha-para-o-doge-e-para-pete-hegseth-podcast-fogo-e-furia","status":"publish","type":"post","link":"https:\/\/www.europesays.com\/pt\/176981\/","title":{"rendered":"Fim de linha para o DOGE. E para Pete Hegseth? | Podcast Fogo e F\u00faria"},"content":{"rendered":"<p>O secret\u00e1rio da Defesa dos Estados Unidos est\u00e1 debaixo de fogo ap\u00f3s o relato de um poss\u00edvel crime de guerra nas Cara\u00edbas, e j\u00e1 se fala num poss\u00edvel sucessor para Pete Hegseth. Ao mesmo tempo, Donald Trump tira da pris\u00e3o um antigo Presidente hondurenho condenado por tr\u00e1fico de droga. E o DOGE sai de cena.<\/p>\n<p>Subscreva o programa Fogo e F\u00faria na <a href=\"https:\/\/podcasts.apple.com\/pt\/podcast\/fogo-e-f%C3%BAria\/id1338738502\" rel=\"nofollow noopener\" target=\"_blank\">Apple Podcasts<\/a>, <a href=\"https:\/\/open.spotify.com\/show\/2snJ4EVswREMZnt61HKRN7\" rel=\"nofollow noopener\" target=\"_blank\">Spotify<\/a> e <a href=\"https:\/\/podfollow.com\/fogo-furia\/view\" rel=\"nofollow noopener\" target=\"_blank\">outras aplica\u00e7\u00f5es<\/a> para podcasts.<\/p>\n","protected":false},"excerpt":{"rendered":"O secret\u00e1rio da Defesa dos Estados Unidos est\u00e1 debaixo de fogo ap\u00f3s o relato de um poss\u00edvel crime&hellip;\n","protected":false},"author":2,"featured_media":176982,"comment_status":"","ping_status":"","sticky":false,"template":"","format":"standard","meta":{"footnotes":""},"categories":[10],"tags":[993,27,28,92,7618,413,15,16,14,25,26,21,22,62,12,13,19,20,30386,11531,32,23,24,33,17,18,29,30,31],"class_list":{"0":"post-176981","1":"post","2":"type-post","3":"status-publish","4":"format-standard","5":"has-post-thumbnail","7":"category-portugal","8":"tag-america","9":"tag-breaking-news","10":"tag-breakingnews","11":"tag-donald-trump","12":"tag-estados-unidos-da-america","13":"tag-eua","14":"tag-featured-news","15":"tag-featurednews","16":"tag-headlines","17":"tag-latest-news","18":"tag-latestnews","19":"tag-main-news","20":"tag-mainnews","21":"tag-mundo","22":"tag-news","23":"tag-noticias","24":"tag-noticias-principais","25":"tag-noticiasprincipais","26":"tag-podcast-fogo-e-furia","27":"tag-podcasts-publico","28":"tag-portugal","29":"tag-principais-noticias","30":"tag-principaisnoticias","31":"tag-pt","32":"tag-top-stories","33":"tag-topstories","34":"tag-ultimas","35":"tag-ultimas-noticias","36":"tag-ultimasnoticias"},"share_on_mastodon":{"url":"https:\/\/pubeurope.com\/@pt\/115668592061846383","error":""},"_links":{"self":[{"href":"https:\/\/www.europesays.com\/pt\/wp-json\/wp\/v2\/posts\/176981","targetHints":{"allow":["GET"]}}],"collection":[{"href":"https:\/\/www.europesays.com\/pt\/wp-json\/wp\/v2\/posts"}],"about":[{"href":"https:\/\/www.europesays.com\/pt\/wp-json\/wp\/v2\/types\/post"}],"author":[{"embeddable":true,"href":"https:\/\/www.europesays.com\/pt\/wp-json\/wp\/v2\/users\/2"}],"replies":[{"embeddable":true,"href":"https:\/\/www.europesays.com\/pt\/wp-json\/wp\/v2\/comments?post=176981"}],"version-history":[{"count":0,"href":"https:\/\/www.europesays.com\/pt\/wp-json\/wp\/v2\/posts\/176981\/revisions"}],"wp:featuredmedia":[{"embeddable":true,"href":"https:\/\/www.europesays.com\/pt\/wp-json\/wp\/v2\/media\/176982"}],"wp:attachment":[{"href":"https:\/\/www.europesays.com\/pt\/wp-json\/wp\/v2\/media?parent=176981"}],"wp:term":[{"taxonomy":"category","embeddable":true,"href":"https:\/\/www.europesays.com\/pt\/wp-json\/wp\/v2\/categories?post=176981"},{"taxonomy":"post_tag","embeddable":true,"href":"https:\/\/www.europesays.com\/pt\/wp-json\/wp\/v2\/tags?post=176981"}],"curies":[{"name":"wp","href":"https:\/\/api.w.org\/{rel}","templated":true}]}}