{"id":177000,"date":"2025-12-05T19:43:11","date_gmt":"2025-12-05T19:43:11","guid":{"rendered":"https:\/\/www.europesays.com\/pt\/177000\/"},"modified":"2025-12-05T19:43:11","modified_gmt":"2025-12-05T19:43:11","slug":"a-recusa-de-emma-stone-mudou-tudo-em-the-batman-2","status":"publish","type":"post","link":"https:\/\/www.europesays.com\/pt\/177000\/","title":{"rendered":"A recusa de Emma Stone mudou tudo em The Batman 2"},"content":{"rendered":"<p>A corrida por um dos pap\u00e9is mais importantes de <a href=\"https:\/\/tangerina.uol.com.br\/filmes-series\/scarlett-johansson-mudanca-marvel-para-dc\/\" target=\"_blank\" rel=\"noreferrer noopener nofollow\">The Batman: Parte 2<\/a> ganhou um rumo inesperado ap\u00f3s uma revela\u00e7\u00e3o que movimentou os bastidores da DC. Antes de Scarlett Johansson despontar como favorita, Emma Stone foi a primeira escolha para interpretar a personagem misteriosa que deve mexer com a trama do novo filme dirigido por Matt Reeves. No entanto, a atriz recusou o convite e essa decis\u00e3o abriu espa\u00e7o para uma virada que ningu\u00e9m antecipava.<\/p>\n<p>Segundo o <a href=\"https:\/\/x.com\/TheInSneider\" target=\"_blank\" rel=\"noreferrer noopener nofollow\">insider Jeff Sneider<\/a>, Emma Stone rejeitou o papel antes mesmo do in\u00edcio das negocia\u00e7\u00f5es com Scarlett Johansson. Assim que soube da recusa, a antiga Vi\u00fava Negra na Marvel pediu para sua equipe agir de forma agressiva na disputa, acelerando conversas que a colocaram entre os nomes mais fortes para integrar o elenco ao lado de Robert Pattinson. O papel deve ser de uma vil\u00e3, algo que aumenta ainda mais o n\u00edvel de especula\u00e7\u00e3o entre os f\u00e3s.<\/p>\n<p>Essa movimenta\u00e7\u00e3o coloca Scarlett Johansson em uma nova fase da carreira. A atriz deixou o <a href=\"https:\/\/tangerina.uol.com.br\/filmes-series\/ordem-cronologica-marvel\/\" target=\"_blank\" rel=\"noreferrer noopener nofollow\">MCU (Universo Cinematogr\u00e1fico da Marvel)<\/a> em 2021 ap\u00f3s o encerramento definitivo da hist\u00f3ria de Natasha Romanoff em Vingadores: Ultimato e em Vi\u00fava Negra. Mesmo com dois novos filmes dos Vingadores a caminho, ela optou por n\u00e3o retornar ao universo Marvel, abrindo espa\u00e7o para explorar outro tipo de personagem dentro do g\u00eanero de super-her\u00f3is.<\/p>\n<p><img alt=\"Scarlett Johansson em Jurassic World: Recome\u00e7o\" src=\"data:image\/gif;base64,R0lGODlhAQABAIAAAAAAAP\/\/\/yH5BAEAAAAALAAAAAABAAEAAAIBRAA7\" decoding=\"async\" style=\"position:absolute;top:0;left:0;bottom:0;right:0;box-sizing:border-box;padding:0;border:none;margin:auto;display:block;width:0;height:0;min-width:100%;max-width:100%;min-height:100%;max-height:100%\"\/><\/p>\n<p font-weight=\"500\" font-size=\"14px\" class=\"style__Typo-sc-1e1gvva-0 ezCJRb\">Scarlett Johansson em Jurassic World: Recome\u00e7o<\/p>\n<p font-weight=\"300\" font-size=\"14px\" class=\"style__Typo-sc-1e1gvva-0 fvAQOT\">(Foto: Divulga\u00e7\u00e3o\/Universal Pictures)<\/p>\n<p>The Batman 2 quer atriz de alto calibre<\/p>\n<p>As possibilidades para sua escala\u00e7\u00e3o incluem nomes como Hera Venenosa, Fantasma e Nocturna, que v\u00e3o de antagonistas ic\u00f4nicas a figuras de grande import\u00e2ncia emocional na mitologia do Batman. A escolha final deve influenciar diretamente a energia do segundo filme, que continuar\u00e1 explorando a est\u00e9tica realista e sombria apresentada em 2022.<\/p>\n<p>Com Emma Stone fora, o restante do elenco come\u00e7a a se consolidar. Zo\u00eb Kravitz n\u00e3o deve voltar como Mulher-Gato, mas retornos importantes j\u00e1 est\u00e3o assegurados. Colin Farrell, Jeffrey Wright e Andy Serkis continuar\u00e3o como Pinguim, Jim Gordon e Alfred, enquanto Matt Reeves e Mattson Tomlin assinaram o roteiro elogiado por atores envolvidos na produ\u00e7\u00e3o.<\/p>\n<p>Para Scarlett Johansson, a entrada em The Batman: Parte 2 representaria uma reinven\u00e7\u00e3o dentro do g\u00eanero e a chance de interpretar uma personagem mais sombria e complexa do que a hero\u00edna anterior. Para o filme, sua participa\u00e7\u00e3o teria potencial para se tornar um dos grandes acontecimentos da nova fase do Homem-Morcego nos cinemas.<\/p>\n<p>O longa estreia em 1\u00ba de outubro de 2027 e promete expandir o universo criado por Reeves com novas camadas, mais conflitos e, possivelmente, uma nova vil\u00e3 interpretada por uma das atrizes mais influentes da atual gera\u00e7\u00e3o. A recusa de Emma Stone, portanto, n\u00e3o apenas alterou o caminho da escala\u00e7\u00e3o, como abriu espa\u00e7o para que Scarlett Johansson se tornasse o nome mais comentado da produ\u00e7\u00e3o.<\/p>\n","protected":false},"excerpt":{"rendered":"A corrida por um dos pap\u00e9is mais importantes de The Batman: Parte 2 ganhou um rumo inesperado ap\u00f3s&hellip;\n","protected":false},"author":2,"featured_media":177001,"comment_status":"","ping_status":"","sticky":false,"template":"","format":"standard","meta":{"footnotes":""},"categories":[145],"tags":[1948,211,210,2945,114,115,32,33],"class_list":{"0":"post-177000","1":"post","2":"type-post","3":"status-publish","4":"format-standard","5":"has-post-thumbnail","7":"category-celebridades","8":"tag-batman","9":"tag-celebridades","10":"tag-celebrities","11":"tag-dc","12":"tag-entertainment","13":"tag-entretenimento","14":"tag-portugal","15":"tag-pt"},"share_on_mastodon":{"url":"https:\/\/pubeurope.com\/@pt\/115668674391421946","error":""},"_links":{"self":[{"href":"https:\/\/www.europesays.com\/pt\/wp-json\/wp\/v2\/posts\/177000","targetHints":{"allow":["GET"]}}],"collection":[{"href":"https:\/\/www.europesays.com\/pt\/wp-json\/wp\/v2\/posts"}],"about":[{"href":"https:\/\/www.europesays.com\/pt\/wp-json\/wp\/v2\/types\/post"}],"author":[{"embeddable":true,"href":"https:\/\/www.europesays.com\/pt\/wp-json\/wp\/v2\/users\/2"}],"replies":[{"embeddable":true,"href":"https:\/\/www.europesays.com\/pt\/wp-json\/wp\/v2\/comments?post=177000"}],"version-history":[{"count":0,"href":"https:\/\/www.europesays.com\/pt\/wp-json\/wp\/v2\/posts\/177000\/revisions"}],"wp:featuredmedia":[{"embeddable":true,"href":"https:\/\/www.europesays.com\/pt\/wp-json\/wp\/v2\/media\/177001"}],"wp:attachment":[{"href":"https:\/\/www.europesays.com\/pt\/wp-json\/wp\/v2\/media?parent=177000"}],"wp:term":[{"taxonomy":"category","embeddable":true,"href":"https:\/\/www.europesays.com\/pt\/wp-json\/wp\/v2\/categories?post=177000"},{"taxonomy":"post_tag","embeddable":true,"href":"https:\/\/www.europesays.com\/pt\/wp-json\/wp\/v2\/tags?post=177000"}],"curies":[{"name":"wp","href":"https:\/\/api.w.org\/{rel}","templated":true}]}}