{"id":177020,"date":"2025-12-05T19:58:09","date_gmt":"2025-12-05T19:58:09","guid":{"rendered":"https:\/\/www.europesays.com\/pt\/177020\/"},"modified":"2025-12-05T19:58:09","modified_gmt":"2025-12-05T19:58:09","slug":"quanto-custa-tirar-fotos-com-famosos-internacionais","status":"publish","type":"post","link":"https:\/\/www.europesays.com\/pt\/177020\/","title":{"rendered":"Quanto custa tirar fotos com famosos internacionais?"},"content":{"rendered":"<p data-end=\"740\" data-start=\"530\" class=\"bullet mt-0\" data-v-232111b4=\"\"><strong>O ator teve pap\u00e9is de destaque, como Jaqen H&#8217;ghar em &#8220;Game of Thrones&#8221; e Dimitri em &#8220;Stranger Things&#8221;.<\/strong> Para tirar foto com o alem\u00e3o, \u00e9 necess\u00e1rio desembolsar R$ 360. Se quiser um aut\u00f3grafo, o valor \u00e9 de R$ 299.<\/p>\n<p>Atores de Supernatural<img width=\"750\" height=\"421\" src=\"https:\/\/www.europesays.com\/pt\/wp-content\/uploads\/2025\/12\/misha-collins-na-ccxp25-1764959238103_v2_750x421.jpg\" alt=\"Misha Collins na CCXP25\" loading=\"eager\" fetchpriority=\"low\" decoding=\"auto\" title=\"Misha Collins na CCXP25\" style=\"border-radius:var(--solar-border-radius-25);\" data-v-73d45db8=\"\"\/> Misha Collins na CCXP25 Imagem: Divulga\u00e7\u00e3o<\/p>\n<p data-end=\"1103\" data-start=\"770\" class=\"bullet\" data-v-232111b4=\"\"><strong>Misha Collins, Kathryn Newton, Richard Speight Jr., Rob Benedict e Jim Bever est\u00e3o no Brasil para a comemora\u00e7\u00e3o dos 20 anos da s\u00e9rie. <\/strong>Para tirar foto com o grupo todo, o valor \u00e9 de R$ 1.625. Com a dupla Rob e Richard, R$ 580; e com Misha e Kathryn, R$ 755. Ainda \u00e9 poss\u00edvel conhec\u00ea-los individualmente, com pre\u00e7os de R$ 290 a R$ 410.<\/p>\n<p>Dominic Monaghan<img width=\"750\" height=\"421\" src=\"https:\/\/www.europesays.com\/pt\/wp-content\/uploads\/2025\/12\/dominic-monaghan-na-ccxp25-1764959400632_v2_750x421.jpg\" alt=\"Dominic Monaghan na CCXP25\" loading=\"eager\" fetchpriority=\"low\" decoding=\"auto\" title=\"Dominic Monaghan na CCXP25\" style=\"border-radius:var(--solar-border-radius-25);\" data-v-73d45db8=\"\"\/> Dominic Monaghan na CCXP25 Imagem: Clayton Felizardo\/ Brazil News<\/p>\n","protected":false},"excerpt":{"rendered":"O ator teve pap\u00e9is de destaque, como Jaqen H&#8217;ghar em &#8220;Game of Thrones&#8221; e Dimitri em &#8220;Stranger Things&#8221;.&hellip;\n","protected":false},"author":2,"featured_media":177021,"comment_status":"","ping_status":"","sticky":false,"template":"","format":"standard","meta":{"footnotes":""},"categories":[144],"tags":[207,205,206,203,201,202,204,114,115,32,33],"class_list":{"0":"post-177020","1":"post","2":"type-post","3":"status-publish","4":"format-standard","5":"has-post-thumbnail","7":"category-arte-e-design","8":"tag-arte","9":"tag-arte-e-design","10":"tag-artedesign","11":"tag-arts","12":"tag-arts-and-design","13":"tag-artsanddesign","14":"tag-design","15":"tag-entertainment","16":"tag-entretenimento","17":"tag-portugal","18":"tag-pt"},"share_on_mastodon":{"url":"https:\/\/pubeurope.com\/@pt\/115668733557576103","error":""},"_links":{"self":[{"href":"https:\/\/www.europesays.com\/pt\/wp-json\/wp\/v2\/posts\/177020","targetHints":{"allow":["GET"]}}],"collection":[{"href":"https:\/\/www.europesays.com\/pt\/wp-json\/wp\/v2\/posts"}],"about":[{"href":"https:\/\/www.europesays.com\/pt\/wp-json\/wp\/v2\/types\/post"}],"author":[{"embeddable":true,"href":"https:\/\/www.europesays.com\/pt\/wp-json\/wp\/v2\/users\/2"}],"replies":[{"embeddable":true,"href":"https:\/\/www.europesays.com\/pt\/wp-json\/wp\/v2\/comments?post=177020"}],"version-history":[{"count":0,"href":"https:\/\/www.europesays.com\/pt\/wp-json\/wp\/v2\/posts\/177020\/revisions"}],"wp:featuredmedia":[{"embeddable":true,"href":"https:\/\/www.europesays.com\/pt\/wp-json\/wp\/v2\/media\/177021"}],"wp:attachment":[{"href":"https:\/\/www.europesays.com\/pt\/wp-json\/wp\/v2\/media?parent=177020"}],"wp:term":[{"taxonomy":"category","embeddable":true,"href":"https:\/\/www.europesays.com\/pt\/wp-json\/wp\/v2\/categories?post=177020"},{"taxonomy":"post_tag","embeddable":true,"href":"https:\/\/www.europesays.com\/pt\/wp-json\/wp\/v2\/tags?post=177020"}],"curies":[{"name":"wp","href":"https:\/\/api.w.org\/{rel}","templated":true}]}}