{"id":177030,"date":"2025-12-05T20:08:10","date_gmt":"2025-12-05T20:08:10","guid":{"rendered":"https:\/\/www.europesays.com\/pt\/177030\/"},"modified":"2025-12-05T20:08:10","modified_gmt":"2025-12-05T20:08:10","slug":"macron-desmente-desconfianca-com-os-eua-apos-revelacao-de-chamada-tensa-guerra-na-ucrania","status":"publish","type":"post","link":"https:\/\/www.europesays.com\/pt\/177030\/","title":{"rendered":"Macron desmente \u201cdesconfian\u00e7a\u201d com os EUA ap\u00f3s revela\u00e7\u00e3o de chamada tensa | Guerra na Ucr\u00e2nia"},"content":{"rendered":"<p>O Presidente franc\u00eas, <a href=\"https:\/\/www.publico.pt\/emmanuel-macron\" rel=\"nofollow noopener\" target=\"_blank\">Emmanuel Macron<\/a>, afirmou esta sexta-feira, durante uma <a href=\"http:\/\/www.publico.pt\/2025\/12\/04\/mundo\/noticia\/xi-macron-conta-franca-promover-mundo-multipolar-2156969\" rel=\"nofollow noopener\" target=\"_blank\">visita oficial \u00e0 China<\/a>, que a unidade entre a Europa e os Estados Unidos \u00e9 fundamental para apoiar a Ucr\u00e2nia, acrescentando que n\u00e3o existe desconfian\u00e7a entre os aliados e negando uma not\u00edcia do seman\u00e1rio alem\u00e3o <a href=\"http:\/\/www.spiegel.de\/politik\/ukraine-verhandlungen-europaeer-misstrauen-trumps-friedensplan-a-7a439009-716d-48de-bda6-5d3926d8dbc3\" target=\"_blank\" rel=\"nofollow noopener\">Der Spiegel<\/a>, que revelou excertos de uma chamada confidencial entre v\u00e1rios l\u00edderes europeus e o Presidente ucraniano, Volodymyr Zelensky, segundo a qual Macron ter\u00e1 dito que Washington poderia trair a Ucr\u00e2nia.<\/p>\n<p>De acordo com o Der Spiegel, o Presidente franc\u00eas e o chanceler alem\u00e3o, Friedrich Merz, <a href=\"https:\/\/www.publico.pt\/2025\/12\/04\/mundo\/noticia\/lideres-europeus-exprimem-desconfianca-eua-chamada-ucrania-2157095\" rel=\"nofollow noopener\" target=\"_blank\">manifestaram fortes reservas<\/a> sobre a estrat\u00e9gia diplom\u00e1tica da Administra\u00e7\u00e3o Trump e alertaram para a possibilidade de Washington pressionar Kiev para concess\u00f5es territoriais \u00e0 R\u00fassia. Dois participantes da conversa privada confirmaram ao seman\u00e1rio alem\u00e3o que as cita\u00e7\u00f5es eram fielmente transcritas. Paris, por\u00e9m, desmentiu.<\/p>\n<p>Macron rejeitou por completo o conte\u00fado reportado. \u201cNego tudo\u201d, afirmou esta sexta-feira aos jornalistas, frisando repetidamente que \u201cn\u00e3o h\u00e1 desconfian\u00e7a\u201d entre europeus e norte-americanos e que a \u201cunidade \u00e9 essencial\u201d para apoiar a <a href=\"https:\/\/www.publico.pt\/guerra-ucrania\" rel=\"nofollow noopener\" target=\"_blank\">Ucr\u00e2nia<\/a>. O chefe de Estado acrescentou que \u201cn\u00e3o existe um cen\u00e1rio em que uma paz duradoura na Ucr\u00e2nia seja alcan\u00e7ada sem esfor\u00e7os conjuntos entre europeus, americanos, canadianos, australianos e japoneses\u201d.<\/p>\n<p>A chamada citada pelo Spiegel ocorreu na segunda-feira, no dia em que Macron <a href=\"https:\/\/www.publico.pt\/2025\/12\/01\/mundo\/noticia\/macron-encabeca-apoio-europeu-zelensky-dias-decisivos-ucrania-2156658\" rel=\"nofollow noopener\" target=\"_blank\">recebeu<\/a> Zelensky no Pal\u00e1cio do Eliseu. O encontrou surgiu ap\u00f3s a apresenta\u00e7\u00e3o, no m\u00eas passado, de um <a href=\"https:\/\/www.publico.pt\/2025\/11\/21\/mundo\/noticia\/28-pontos-plano-paz-eua-russia-apresentaram-ucrania-2155552\" rel=\"nofollow noopener\" target=\"_blank\">plano de paz de 28 pontos<\/a>, proposto pela Administra\u00e7\u00e3o Trump, que desagradou profundamente a Kiev e aos aliados europeus, por ser visto como extremamente alinhado com as exig\u00eancias de Moscovo. Esse plano levou \u00e0s negocia\u00e7\u00f5es multilaterais de <a href=\"https:\/\/www.publico.pt\/2025\/11\/23\/mundo\/noticia\/conversacoes-arrancam-genebra-duvidas-autoria-plano-paz-ucrania-2155684\" rel=\"nofollow noopener\" target=\"_blank\">23 de Novembro<\/a>, em Genebra, cujo resultado foi uma vers\u00e3o reduzida de 19 pontos &#8211; ainda assim rejeitada pela R\u00fassia, que mant\u00e9m exig\u00eancias consideradas inaceit\u00e1veis pelos ucranianos, incluindo a ren\u00fancia \u00e0 ades\u00e3o \u00e0 NATO e a ced\u00eancia de vastas \u00e1reas ocupadas.<\/p>\n<p>        &#13;<\/p>\n<p>&#13;<br \/>\n                &#13;\n            <\/p>\n<p>&#13;<\/p>\n<p>Segundo o Der Spiegel, o resumo em ingl\u00eas da chamada inclui uma advert\u00eancia directa de Macron a Zelensky sobre o \u201cgrande perigo\u201d representado pela actual fase das negocia\u00e7\u00f5es e sobre a possibilidade de Washington \u201ctrair a Ucr\u00e2nia em termos territoriais\u201d. Merz ter\u00e1 refor\u00e7ado a preocupa\u00e7\u00e3o, dizendo a Zelensky que os esfor\u00e7os diplom\u00e1ticos de enviados de Trump &#8211; nomeadamente Steve Witkoff e Jared Kushner, que estiveram cinco horas <a href=\"https:\/\/www.publico.pt\/2025\/12\/02\/mundo\/noticia\/witkoff-kushner-viajam-moscovo-discutir-propostas-paz-putin-2156690\" rel=\"nofollow noopener\" target=\"_blank\">reunidos<\/a> com Vladimir Putin no Kremlin esta semana &#8211; mostravam que \u201cest\u00e3o a brincar connosco e consigo\u201d.<\/p>\n<p>As suspeitas sobre o rumo das conversa\u00e7\u00f5es coincidem com um momento de fragilidade financeira para a Ucr\u00e2nia. A UE tenta fechar um novo esquema de apoio or\u00e7amental de cerca de 90 mil milh\u00f5es de euros, destinado a manter Kiev operacional em 2026 e 2027. Merz vai reunir-se de emerg\u00eancia, num jantar esta sexta-feira, com <a href=\"https:\/\/www.publico.pt\/ursula-von-der-leyen\" rel=\"nofollow noopener\" target=\"_blank\">Ursula von der Leyen<\/a> e com o primeiro-ministro belga, <a href=\"https:\/\/www.publico.pt\/2025\/11\/28\/mundo\/noticia\/primeiroministro-belga-arrasa-proposta-fundamentalmente-errada-emprestimo-reparacoes-2156443\" rel=\"nofollow noopener\" target=\"_blank\">Bart De Wever<\/a>, que se op\u00f5e \u00e0 utiliza\u00e7\u00e3o de activos russos congelados para financiar o pacote.<\/p>\n<p>Von der Leyen prop\u00f4s duas vias: empr\u00e9stimos emitidos com base no or\u00e7amento europeu ou um instrumento financiado por activos russos imobilizados na B\u00e9lgica, que seriam posteriormente reembolsados com repara\u00e7\u00f5es p\u00f3s-guerra. De Wever insiste que confiscar bens de outro Estado \u201cnunca foi feito. Mesmo durante a Segunda Guerra Mundial, n\u00e3o confisc\u00e1mos o dinheiro da Alemanha.\u201d<\/p>\n<p>Macron insiste que as diverg\u00eancias relatadas n\u00e3o correspondem \u00e0 realidade. Mas a divulga\u00e7\u00e3o da chamada amea\u00e7a reabrir tens\u00f5es latentes entre aliados, num momento em que Trump, cuja influ\u00eancia \u00e9 decisiva para qualquer contacto com Putin, permanece sens\u00edvel a sinais de desconfian\u00e7a europeia. A diplomacia prossegue em paralelo \u00e0 intensifica\u00e7\u00e3o dos combates; e \u00e0 crescente press\u00e3o para que a Ucr\u00e2nia aceite concess\u00f5es que ainda n\u00e3o est\u00e1 disposta a admitir.<\/p>\n<p>No terreno, a guerra continua a moldar o contexto das negocia\u00e7\u00f5es. Ataques russos mataram um rapaz de 12 anos no centro da Ucr\u00e2nia na noite de quinta-feira, enquanto Kiev ter\u00e1 atingido um porto e uma refinaria de petr\u00f3leo na R\u00fassia. Moscovo reafirmou, no mesmo dia, que pretende anexar a totalidade do Donbass \u201c<a href=\"https:\/\/www.publico.pt\/2025\/12\/04\/mundo\/noticia\/putin-insiste-ira-anexar-donbass-forca-negociacoes-2157027\" rel=\"nofollow noopener\" target=\"_blank\">pela for\u00e7a ou por negocia\u00e7\u00f5es<\/a>\u201d, mantendo intactas todas as exig\u00eancias territoriais e militares.<\/p>\n<p>Texto editado por Paulo Narig\u00e3o Reis<\/p>\n","protected":false},"excerpt":{"rendered":"O Presidente franc\u00eas, Emmanuel Macron, afirmou esta sexta-feira, durante uma visita oficial \u00e0 China, que a unidade entre&hellip;\n","protected":false},"author":2,"featured_media":177031,"comment_status":"","ping_status":"","sticky":false,"template":"","format":"standard","meta":{"footnotes":""},"categories":[50],"tags":[27,28,447,413,445,15,16,889,14,25,26,21,22,62,12,13,19,20,23,24,17,18,29,30,31,2416,63,64,65],"class_list":{"0":"post-177030","1":"post","2":"type-post","3":"status-publish","4":"format-standard","5":"has-post-thumbnail","7":"category-mundo","8":"tag-breaking-news","9":"tag-breakingnews","10":"tag-emmanuel-macron","11":"tag-eua","12":"tag-europa","13":"tag-featured-news","14":"tag-featurednews","15":"tag-guerra-na-ucrania","16":"tag-headlines","17":"tag-latest-news","18":"tag-latestnews","19":"tag-main-news","20":"tag-mainnews","21":"tag-mundo","22":"tag-news","23":"tag-noticias","24":"tag-noticias-principais","25":"tag-noticiasprincipais","26":"tag-principais-noticias","27":"tag-principaisnoticias","28":"tag-top-stories","29":"tag-topstories","30":"tag-ultimas","31":"tag-ultimas-noticias","32":"tag-ultimasnoticias","33":"tag-volodymyr-zelensky","34":"tag-world","35":"tag-world-news","36":"tag-worldnews"},"share_on_mastodon":{"url":"https:\/\/pubeurope.com\/@pt\/115668772689537992","error":""},"_links":{"self":[{"href":"https:\/\/www.europesays.com\/pt\/wp-json\/wp\/v2\/posts\/177030","targetHints":{"allow":["GET"]}}],"collection":[{"href":"https:\/\/www.europesays.com\/pt\/wp-json\/wp\/v2\/posts"}],"about":[{"href":"https:\/\/www.europesays.com\/pt\/wp-json\/wp\/v2\/types\/post"}],"author":[{"embeddable":true,"href":"https:\/\/www.europesays.com\/pt\/wp-json\/wp\/v2\/users\/2"}],"replies":[{"embeddable":true,"href":"https:\/\/www.europesays.com\/pt\/wp-json\/wp\/v2\/comments?post=177030"}],"version-history":[{"count":0,"href":"https:\/\/www.europesays.com\/pt\/wp-json\/wp\/v2\/posts\/177030\/revisions"}],"wp:featuredmedia":[{"embeddable":true,"href":"https:\/\/www.europesays.com\/pt\/wp-json\/wp\/v2\/media\/177031"}],"wp:attachment":[{"href":"https:\/\/www.europesays.com\/pt\/wp-json\/wp\/v2\/media?parent=177030"}],"wp:term":[{"taxonomy":"category","embeddable":true,"href":"https:\/\/www.europesays.com\/pt\/wp-json\/wp\/v2\/categories?post=177030"},{"taxonomy":"post_tag","embeddable":true,"href":"https:\/\/www.europesays.com\/pt\/wp-json\/wp\/v2\/tags?post=177030"}],"curies":[{"name":"wp","href":"https:\/\/api.w.org\/{rel}","templated":true}]}}