{"id":177038,"date":"2025-12-05T20:15:11","date_gmt":"2025-12-05T20:15:11","guid":{"rendered":"https:\/\/www.europesays.com\/pt\/177038\/"},"modified":"2025-12-05T20:15:11","modified_gmt":"2025-12-05T20:15:11","slug":"sandrina-pratas-faz-apelo-estou-desesperada","status":"publish","type":"post","link":"https:\/\/www.europesays.com\/pt\/177038\/","title":{"rendered":"Sandrina Pratas faz apelo: &#8220;Estou desesperada&#8221;"},"content":{"rendered":"<p>Ap\u00f3s o desaparecimento do c\u00e3o da fam\u00edlia, <a href=\"https:\/\/selfie.iol.pt\/famosos\/casa-dos-segredos\/ao-lado-do-marido-sandrina-pratas-faz-esclarecimento-no-meio-de-tantas-aparencias\/20251122\/6921db1ad34e2bd5c6d44afe\" target=\"_blank\" rel=\"nofollow noopener\">Sandrina Pratas<\/a> lan\u00e7ou um apelo nas redes sociais.<\/p>\n<p>&#8220;O meu c\u00e3o desapareceu e estou desesperada para o encontrar. Ele \u00e9 muito meigo, assusta-se facilmente e nunca ficou longe de casa. Se algu\u00e9m o viu ou o encontrou, por favor, entre em contacto comigo o mais r\u00e1pido poss\u00edvel. Ele perdeu-se na minha casa ao p\u00e9 da feira&#8221;, escreveu a\u00a0jovem alentejana na legenda de uma fotografia na qual surge com a filha, Ariel, de dois anos, e o animal de estima\u00e7\u00e3o.<\/p>\n<p>Horas mais tarde, Sandrina Pratas regressou ao Instagram para partilhar um v\u00eddeo no qual atualizou os seguidores e afirmou\u00a0que o animal &#8220;foi roubado&#8221;.<\/p>\n<p>&#8220;O que me custa mais \u00e9 que j\u00e1 perdi duas assim, tamb\u00e9m me roubaram outra e estou cansada de me agarrar aos animais e acontece isto\u2026 Era da Ariel, a Ariel era muito agarradinha ao c\u00e3o e ver coment\u00e1rios que estou a ver, que eu n\u00e3o sou capaz de cuidar nem de mim nem da minha filha nem de um c\u00e3o. Pessoal, foi tirado do quintal, roubaram-me o c\u00e3o! E, depois, ainda vejo estas mensagens, fico de rastos (\u2026). Se algu\u00e9m o achar entregue-me por favor, \u00e9 o c\u00e3o da minha beb\u00e9&#8221;, apelou Sandrina Pratas.<\/p>\n<p>Veja, agora, o v\u00eddeo partilhado por <a href=\"https:\/\/selfie.iol.pt\/famosos\/casa-dos-segredos\/ja-e-natal-na-casa-de-sandrina-pratas-e-arvore-chama-a-atencao-humilde\/20251129\/692b6ab7d34e3caad84bdd0a\" target=\"_blank\" rel=\"nofollow noopener\">Sandrina Pratas<\/a>.<\/p>\n<blockquote class=\"instagram-media\" data-instgrm-captioned=\"\" data-instgrm-permalink=\"https:\/\/www.instagram.com\/p\/DR242HrjWDb\/?utm_source=ig_embed&amp;utm_campaign=loading\" data-instgrm-version=\"14\" style=\" background:#FFF; border:0; border-radius:3px; box-shadow:0 0 1px 0 rgba(0,0,0,0.5),0 1px 10px 0 rgba(0,0,0,0.15); margin: 1px; max-width:540px; min-width:326px; padding:0; width:99.375%; width:-webkit-calc(100% - 2px); width:calc(100% - 2px);\">\n<\/blockquote>\n<p>                        <script async src=\"\/\/www.instagram.com\/embed.js\"><\/script><\/p>\n","protected":false},"excerpt":{"rendered":"Ap\u00f3s o desaparecimento do c\u00e3o da fam\u00edlia, Sandrina Pratas lan\u00e7ou um apelo nas redes sociais. &#8220;O meu c\u00e3o&hellip;\n","protected":false},"author":2,"featured_media":177039,"comment_status":"","ping_status":"","sticky":false,"template":"","format":"standard","meta":{"footnotes":""},"categories":[142],"tags":[4545,48,6941,21158,114,115,980,1015,619,32,33,2161,1012,151],"class_list":{"0":"post-177038","1":"post","2":"type-post","3":"status-publish","4":"format-standard","5":"has-post-thumbnail","7":"category-tv","8":"tag-apelo","9":"tag-big-brother","10":"tag-cao","11":"tag-desaparecimento","12":"tag-entertainment","13":"tag-entretenimento","14":"tag-famosos","15":"tag-instagram","16":"tag-nacional","17":"tag-portugal","18":"tag-pt","19":"tag-sandrina-pratas","20":"tag-selfie","21":"tag-tv"},"share_on_mastodon":{"url":"https:\/\/pubeurope.com\/@pt\/115668800431607203","error":""},"_links":{"self":[{"href":"https:\/\/www.europesays.com\/pt\/wp-json\/wp\/v2\/posts\/177038","targetHints":{"allow":["GET"]}}],"collection":[{"href":"https:\/\/www.europesays.com\/pt\/wp-json\/wp\/v2\/posts"}],"about":[{"href":"https:\/\/www.europesays.com\/pt\/wp-json\/wp\/v2\/types\/post"}],"author":[{"embeddable":true,"href":"https:\/\/www.europesays.com\/pt\/wp-json\/wp\/v2\/users\/2"}],"replies":[{"embeddable":true,"href":"https:\/\/www.europesays.com\/pt\/wp-json\/wp\/v2\/comments?post=177038"}],"version-history":[{"count":0,"href":"https:\/\/www.europesays.com\/pt\/wp-json\/wp\/v2\/posts\/177038\/revisions"}],"wp:featuredmedia":[{"embeddable":true,"href":"https:\/\/www.europesays.com\/pt\/wp-json\/wp\/v2\/media\/177039"}],"wp:attachment":[{"href":"https:\/\/www.europesays.com\/pt\/wp-json\/wp\/v2\/media?parent=177038"}],"wp:term":[{"taxonomy":"category","embeddable":true,"href":"https:\/\/www.europesays.com\/pt\/wp-json\/wp\/v2\/categories?post=177038"},{"taxonomy":"post_tag","embeddable":true,"href":"https:\/\/www.europesays.com\/pt\/wp-json\/wp\/v2\/tags?post=177038"}],"curies":[{"name":"wp","href":"https:\/\/api.w.org\/{rel}","templated":true}]}}