{"id":177040,"date":"2025-12-05T20:16:09","date_gmt":"2025-12-05T20:16:09","guid":{"rendered":"https:\/\/www.europesays.com\/pt\/177040\/"},"modified":"2025-12-05T20:16:09","modified_gmt":"2025-12-05T20:16:09","slug":"a-abertura-de-anime-que-e-cantada-pelo-stray-kids-que-voce-precisa-conhecer","status":"publish","type":"post","link":"https:\/\/www.europesays.com\/pt\/177040\/","title":{"rendered":"A abertura de anime que \u00e9 cantada pelo Stray Kids que voc\u00ea precisa conhecer"},"content":{"rendered":"<p>Estreando em 2018, o Stray Kids j\u00e1 se tornou um dos principais nomes da quarta gera\u00e7\u00e3o do <a href=\"https:\/\/recreio.com.br\/tags\/k-pop\" target=\"_blank\" rel=\"noopener nofollow\">k-pop<\/a>. O conjunto formado por <strong>Bang Chan<\/strong>, <strong>Lee Know<\/strong>, <strong>Changbin<\/strong>, <strong>Hyunjin<\/strong>, <strong>Han<\/strong>, <strong>Felix<\/strong>, <strong>Seungmin<\/strong> e <strong>I.N<\/strong>, em sete anos de carreira, j\u00e1 atingiu o status de estrelas globais, com turn\u00eas mundiais esgotadas, in\u00fameros recordes nos charts musicais, al\u00e9m de serem reconhecidos pelas principais premia\u00e7\u00f5es internacionais.<\/p>\n<p>Um dos grandes diferenciais do boygroup \u00e9 que eles s\u00e3o um grupo autoproduzido, ou seja, boa parte de suas m\u00fasicas s\u00e3o escritas, compostas e arranjadas pelos pr\u00f3prios membros. Os principais respons\u00e1veis por essa fun\u00e7\u00e3o s\u00e3o os integrantes da sub-unit <a href=\"https:\/\/pt.wikipedia.org\/wiki\/3Racha\" target=\"_blank\" rel=\"noopener nofollow\">3RACHA<\/a>, composta por<strong> Bang Chan<\/strong>, <strong>Han<\/strong> e <strong>Changbin<\/strong>, que s\u00e3o os produtores da forma\u00e7\u00e3o.<\/p>\n<p>Entre as m\u00fasicas que foram produzidas pela unit, \u00e9 poss\u00edvel citar sucessos como \u201cMy Pace\u201d, \u201cLALALALA\u201d, \u201cGod\u2019s Menu\u201d, \u201cThunderous\u201d, \u201cManiac\u201d, al\u00e9m das m\u00fasicas de estreia \u201cDistrict 9\u201d e \u201cHellevator\u201d, e ainda algumas faixas que acabaram sendo inclu\u00eddas em produ\u00e7\u00f5es audiovisuais, como foi o caso do anime \u201cTower of God\u201d.<\/p>\n<p> Stray Kids em \u201cTower of God\u201d <\/p>\n<p>Logo na primeira temporada, o grupo foi respons\u00e1vel pela m\u00fasica-tema, com \u201cTOP\u201d \u2014 faixa composta pelo 3RACHA e produzida por <strong>Bang Chan<\/strong>. J\u00e1 na segunda temporada, o <a href=\"https:\/\/www.instagram.com\/realstraykids\/\" target=\"_blank\" rel=\"noopener nofollow\">Stray Kids<\/a> tamb\u00e9m foi voz da abertura do anime, por\u00e9m, com uma m\u00fasica in\u00e9dita: \u201cNIGHT\u201d.<\/p>\n<p>Mais do que isso, comprovando que a presen\u00e7a do grupo se tornou uma marca registrada da produ\u00e7\u00e3o, o encerramento da s\u00e9rie tamb\u00e9m conta com uma faixa creditada ao conjunto da JYP Entertainment: \u201cFalling Up\u201d.<\/p>\n<p>  Mais sobre \u2018Tower of God\u2019 <\/p>\n<p>Produzido pela Telecom Animation Film e baseado no webtoon escrito e desenhado por <strong>Lee Jong-hui<\/strong>, \u201cTower of God\u201d conta com duas temporadas dispon\u00edveis no <a href=\"http:\/\/crunchyroll.com\/series\/G6J0G49DR?utm_campaign=media_actions&amp;utm_medium=deep_link&amp;utm_source=google\" rel=\"nofollow noopener\" target=\"_blank\">Crunchyroll<\/a> e na Amazon Prime Video.<\/p>\n<p>O anime, que n\u00e3o \u00e9 recomendado para menores de 14 anos, conta com a seguinte sinopse: \u201cA Torre de Deus. Um mundo repleto de um misterioso poder chamado Shinsu, e povoado pelos \u2018regulares\u2019, os indiv\u00edduos dotados desse poder. Dizem as lendas que quem alcan\u00e7ar o topo da Torre ter\u00e1 seus desejos realizados. Os guardi\u00f5es da Torre selecionam \u2018regulares\u2019 para participar das prova\u00e7\u00f5es da torre e tentar alcan\u00e7ar seu \u00e1pice. Mas Bam, o protagonista, \u00e9 um \u2018irregular\u2019 \u2014 ele entrou sem ser convidado, abrindo sozinho os port\u00f5es da Torre, tudo para reencontrar Rachel, sua \u00fanica amiga no mundo!\u201d.<\/p>\n<p>        <a href=\"https:\/\/recreio.com.br\/noticias\/author\/daniela-bazi\" rel=\"nofollow noopener\" target=\"_blank\">&#13;<br \/>\n          <img alt=\"Daniela Bazi\" src=\"https:\/\/www.europesays.com\/pt\/wp-content\/uploads\/2025\/12\/1764965769_587_701cc86240953f42e068ecf8a0bb18dadb05bc88d7e776f8edb20aaea33b4eea\"  class=\"avatar avatar-115 photo rounded-circle mr-3\" height=\"115\" width=\"115\" loading=\"lazy\" decoding=\"async\"\/>        <\/a><\/p>\n<p>Daniela Bazi \u00e9 jornalista graduada pela UNINOVE, e bruxa formada na Escola de Magia e Bruxaria de Hogwarts. Amante de anima\u00e7\u00f5es, filmes e s\u00e9ries, tamb\u00e9m \u00e9 f\u00e3 de divas pop, entusiasta da Disney e k-popper nas horas vagas.<\/p>\n<p>\t                                            <script async src=\"\/\/www.instagram.com\/embed.js\"><\/script><\/p>\n","protected":false},"excerpt":{"rendered":"Estreando em 2018, o Stray Kids j\u00e1 se tornou um dos principais nomes da quarta gera\u00e7\u00e3o do k-pop.&hellip;\n","protected":false},"author":2,"featured_media":177041,"comment_status":"","ping_status":"","sticky":false,"template":"","format":"standard","meta":{"footnotes":""},"categories":[141],"tags":[7536,114,115,15052,1688,149,150,32,33,15054,36646],"class_list":{"0":"post-177040","1":"post","2":"type-post","3":"status-publish","4":"format-standard","5":"has-post-thumbnail","7":"category-musica","8":"tag-anime","9":"tag-entertainment","10":"tag-entretenimento","11":"tag-jyp-entertainment","12":"tag-k-pop","13":"tag-music","14":"tag-musica","15":"tag-portugal","16":"tag-pt","17":"tag-stray-kids","18":"tag-tower-of-god"},"share_on_mastodon":{"url":"https:\/\/pubeurope.com\/@pt\/115668804370268736","error":""},"_links":{"self":[{"href":"https:\/\/www.europesays.com\/pt\/wp-json\/wp\/v2\/posts\/177040","targetHints":{"allow":["GET"]}}],"collection":[{"href":"https:\/\/www.europesays.com\/pt\/wp-json\/wp\/v2\/posts"}],"about":[{"href":"https:\/\/www.europesays.com\/pt\/wp-json\/wp\/v2\/types\/post"}],"author":[{"embeddable":true,"href":"https:\/\/www.europesays.com\/pt\/wp-json\/wp\/v2\/users\/2"}],"replies":[{"embeddable":true,"href":"https:\/\/www.europesays.com\/pt\/wp-json\/wp\/v2\/comments?post=177040"}],"version-history":[{"count":0,"href":"https:\/\/www.europesays.com\/pt\/wp-json\/wp\/v2\/posts\/177040\/revisions"}],"wp:featuredmedia":[{"embeddable":true,"href":"https:\/\/www.europesays.com\/pt\/wp-json\/wp\/v2\/media\/177041"}],"wp:attachment":[{"href":"https:\/\/www.europesays.com\/pt\/wp-json\/wp\/v2\/media?parent=177040"}],"wp:term":[{"taxonomy":"category","embeddable":true,"href":"https:\/\/www.europesays.com\/pt\/wp-json\/wp\/v2\/categories?post=177040"},{"taxonomy":"post_tag","embeddable":true,"href":"https:\/\/www.europesays.com\/pt\/wp-json\/wp\/v2\/tags?post=177040"}],"curies":[{"name":"wp","href":"https:\/\/api.w.org\/{rel}","templated":true}]}}