{"id":177042,"date":"2025-12-05T20:18:08","date_gmt":"2025-12-05T20:18:08","guid":{"rendered":"https:\/\/www.europesays.com\/pt\/177042\/"},"modified":"2025-12-05T20:18:08","modified_gmt":"2025-12-05T20:18:08","slug":"uzbequistao-e-colombia-no-grupo-de-portugal-no-mundial-2026-jornal-de-noticias","status":"publish","type":"post","link":"https:\/\/www.europesays.com\/pt\/177042\/","title":{"rendered":"Uzbequist\u00e3o e Col\u00f4mbia no grupo de Portugal no Mundial 2026 &#8211; Jornal de Not\u00edcias"},"content":{"rendered":"<ol>\n<li><a href=\"https:\/\/news.google.com\/rss\/articles\/CBMilAFBVV95cUxOZ1FSMXBqR3NpSE12d3l2S2hmNHBtbkZMWE50X1BDNUlkczNwRExZODVPUk9TaVhrMk55QXFUQnAzX1dJdGljcXhnZ1dBbTdpdk1QRzZQSkYzdUI1VEZEdE5PbmV2UEtPdVVKZkR6UGIzRm5pNjNGSG91UVZxZE1qVnBqTmZYZnJjVG85VWJYbXh3aml3?oc=5\" target=\"_blank\" rel=\"nofollow noopener\">Uzbequist\u00e3o e Col\u00f4mbia no grupo de Portugal no Mundial 2026<\/a>&nbsp;&nbsp;Jornal de Not\u00edcias<\/li>\n<li><a href=\"https:\/\/news.google.com\/rss\/articles\/CBMisAFBVV95cUxQazV3SVlBMldyOWotRFRPU3JCMVZpZzU2TzcxWnNpd0pYWGZ2cVVYanB6dEk3eksxYmMwdlBCSFJFbS0waHEwRTBTTy1USHlxRXVpT2hkcl9Cb1pVNVVpekFHT3p2U0tUWjJzUXQzUjk4NkJJVURjQ3hPMFpzTVBiczFpUVd2ZEtPQ3lPME5EeS1CTTZFblZXd1ZyNm55c0NGT2lJRTNJT0VpSDUtWTRUbg?oc=5\" target=\"_blank\" rel=\"nofollow noopener\">Os poss\u00edveis caminhos de Portugal at\u00e9 \u00e0 final do Mundial 2026<\/a>&nbsp;&nbsp;A Bola<\/li>\n<li><a href=\"https:\/\/news.google.com\/rss\/articles\/CBMi_wFBVV95cUxOSE9OUWRPUEdUX0VMLVB0NkdmbDlaTjRBTzVBUDl4MzZwelVDLVF5QW4xeXJ2eDdLU1lCMjN4WVp6YVE4OUV0N0R4VllOTkZad3BPZmhPX3ZYMlBKUkFRTDB2LTFIbjl3Ml9IdElxVE5pR2ZhdFFRNXdCdzVHNWdtaUJSZXJuZXF5dWFEUlppeng5aDVueWVLY0poTlEtN1dLaG92TFE3b3I2VDlJVUNpREhJNV8taTZWaVo4WkVwZmNuMkxXWlN0ekNON3FIajBwUUwzem1ZSFp3WDZLWXNya3pYemtfT2hVRXRJVzBBV1o5TWpXNFhFRFF5ZG1MbWc?oc=5\" target=\"_blank\" rel=\"nofollow noopener\">Est\u00e1dio da Copa do Mundo ter\u00e1 reinaugura\u00e7\u00e3o com duelo envolvendo CR7<\/a>&nbsp;&nbsp;Terra<\/li>\n<li><a href=\"https:\/\/news.google.com\/rss\/articles\/CBMi-AFBVV95cUxPMDQ3QXJScGhlWWNqV05iRjdhMzA2cGNVQ3NvYjlseGduRHI1TlhjaExGelNfRXdJX1dnVDVUWGM4a01obEhFSUxRN2ptbXBJclA3NVBIOW1XeWZtcld3bWtEUmhVOWJTSEJrbXc3UDRMb21HRWNIbXAyWTl6M1J5Q09HS24tcU9ac1ZxREg0TG94VTB1anp4SFRqZnRLbkJwYndBZVNNcFNVdjQ5bXdadUNhOVFpWU1CMzd4Y2RkOGQyeC12cWlVWnRBSDBILXhMdEhwejJqeG9qNnQyVmF5Z21xUXBwN2piWU5NX2M0VUpHejFiNUpnMQ?oc=5\" target=\"_blank\" rel=\"nofollow noopener\">Eus\u00e9bio, Figo, Ronaldo: as tr\u00eas eras de Portugal em Mundiais<\/a>&nbsp;&nbsp;Observador<\/li>\n<li><a href=\"https:\/\/news.google.com\/rss\/articles\/CBMixAFBVV95cUxObjVnR3RHc2prUXExTzE0TlBrRWlKQWNwUUZURXFvdWpPM3NBZmR3VGdLQ0RGN1RQT2htd3R5MGVTd3Y3MVFQU2k1cGZPRVgzaWw3Ykt2Q2R0dGRlWWpTZUttUTJONllndVY0emRfRzlqa2lGbTcwSUNSc21QempaSVoxeU1HVVRwQkZtWVBBRUxDZ0s3WHZjQmFLMktRNENSUE0yb2cwMnNHSU90NjVUQ24tR3k3YVlDZjREU1VtOU1jeWNV?oc=5\" target=\"_blank\" rel=\"nofollow noopener\">Mundial2026. Portugal apanha Col\u00f4mbia num Grupo K em que \u00e9 claro favorito<\/a>&nbsp;&nbsp;RTP<\/li>\n<\/ol>\n","protected":false},"excerpt":{"rendered":"Uzbequist\u00e3o e Col\u00f4mbia no grupo de Portugal no Mundial 2026&nbsp;&nbsp;Jornal de Not\u00edcias Os poss\u00edveis caminhos de Portugal at\u00e9&hellip;\n","protected":false},"author":2,"featured_media":177043,"comment_status":"","ping_status":"","sticky":false,"template":"","format":"standard","meta":{"footnotes":""},"categories":[87],"tags":[135,524,12632,32,33,134],"class_list":{"0":"post-177042","1":"post","2":"type-post","3":"status-publish","4":"format-standard","5":"has-post-thumbnail","7":"category-desporto","8":"tag-desporto","9":"tag-futebol","10":"tag-mundial-2026","11":"tag-portugal","12":"tag-pt","13":"tag-sports"},"share_on_mastodon":{"url":"https:\/\/pubeurope.com\/@pt\/115668811960754722","error":""},"_links":{"self":[{"href":"https:\/\/www.europesays.com\/pt\/wp-json\/wp\/v2\/posts\/177042","targetHints":{"allow":["GET"]}}],"collection":[{"href":"https:\/\/www.europesays.com\/pt\/wp-json\/wp\/v2\/posts"}],"about":[{"href":"https:\/\/www.europesays.com\/pt\/wp-json\/wp\/v2\/types\/post"}],"author":[{"embeddable":true,"href":"https:\/\/www.europesays.com\/pt\/wp-json\/wp\/v2\/users\/2"}],"replies":[{"embeddable":true,"href":"https:\/\/www.europesays.com\/pt\/wp-json\/wp\/v2\/comments?post=177042"}],"version-history":[{"count":0,"href":"https:\/\/www.europesays.com\/pt\/wp-json\/wp\/v2\/posts\/177042\/revisions"}],"wp:featuredmedia":[{"embeddable":true,"href":"https:\/\/www.europesays.com\/pt\/wp-json\/wp\/v2\/media\/177043"}],"wp:attachment":[{"href":"https:\/\/www.europesays.com\/pt\/wp-json\/wp\/v2\/media?parent=177042"}],"wp:term":[{"taxonomy":"category","embeddable":true,"href":"https:\/\/www.europesays.com\/pt\/wp-json\/wp\/v2\/categories?post=177042"},{"taxonomy":"post_tag","embeddable":true,"href":"https:\/\/www.europesays.com\/pt\/wp-json\/wp\/v2\/tags?post=177042"}],"curies":[{"name":"wp","href":"https:\/\/api.w.org\/{rel}","templated":true}]}}