{"id":177044,"date":"2025-12-05T20:23:10","date_gmt":"2025-12-05T20:23:10","guid":{"rendered":"https:\/\/www.europesays.com\/pt\/177044\/"},"modified":"2025-12-05T20:23:10","modified_gmt":"2025-12-05T20:23:10","slug":"cinemas-europeus-expressam-forte-oposicao-a-compra-de-warner-bros-por-netflix","status":"publish","type":"post","link":"https:\/\/www.europesays.com\/pt\/177044\/","title":{"rendered":"Cinemas europeus expressam &#8220;forte oposi\u00e7\u00e3o&#8221; a compra de Warner Bros por Netflix"},"content":{"rendered":"<p data-remotead-prev-elm=\"true\" data-remotead-elm-id=\"inread\">Em comunicado, a presidente executiva da UIC, Laura Houlgatte, afirmou que, caso se concretize o neg\u00f3cio anunciado hoje, representar\u00e1 &#8220;um risco a dobrar&#8221;.<\/p>\n<p>&#8220;Se um est\u00fadio desaparece, isso inevitavelmente significa que os cinemas v\u00e3o ter menos filmes para exibir \u00e0s suas audi\u00eancias, o que leva a uma redu\u00e7\u00e3o de receita, encerramentos de cinemas e perdas de postos de trabalho na ind\u00fastria&#8221;, afirmou aquela respons\u00e1vel, acrescentando que, &#8220;de muitas formas, isto \u00e9 pior do que a compra de um est\u00fadio por outro&#8221;.<\/p>\n<p>Houlgatte lembrou que, &#8220;quer nas suas palavras quer nas suas a\u00e7\u00f5es, a Netflix tem repetido de forma clara que n\u00e3o acredita nos cinemas e no seu modelo de neg\u00f3cio&#8221;.<\/p>\n<p data-remotead-prev-elm=\"true\" data-remotead-elm-id=\"centro1\">Citado no mesmo texto, o presidente do conselho de administra\u00e7\u00e3o da UIC, Phil Clapp, apelou aos reguladores para que avaliem a compra \u00e0 luz dos potenciais riscos que o neg\u00f3cio representa e as eventuais consequ\u00eancias para o setor da exibi\u00e7\u00e3o de cinema, alertando para um &#8220;impacto profundamente danoso para a paisagem cultural da Europa&#8221;.<\/p>\n<p>&#8220;A UIC vai fazer tudo ao seu alcance para tornar esses potenciais impactos &#8211; e a sua forte oposi\u00e7\u00e3o ao neg\u00f3cio &#8211; claros para todas as autoridades na Europa e al\u00e9m dela&#8221;, real\u00e7ou o presidente da UIC, que tem entre os seus membros a NOS Cinemas e o grupo AMC.<\/p>\n<p>A Netflix vai comprar o est\u00fadio de cinema e televis\u00e3o Warner Bros. por cerca de 83 mil milh\u00f5es de d\u00f3lares (71,27 mil milh\u00f5es de euros), incluindo a plataforma de &#8220;streaming&#8221; HBO Max, anunciaram hoje as duas empresas em comunicado conjunto.<\/p>\n<p data-remotead-prev-elm=\"true\" data-remotead-elm-id=\"centro2\">A publica\u00e7\u00e3o especializada Variety classificou o neg\u00f3cio como um momento que vai &#8220;refazer de forma dram\u00e1tica o neg\u00f3cio do entretenimento&#8221;.<\/p>\n<p>J\u00e1 o Financial Times (FT) escreveu que a compra vai transformar a Netflix &#8220;no ator dominante de Hollywood, ao acrescentar uma atrativa biblioteca de conte\u00fado que inclui as franquias Harry Potter e Batman, o neg\u00f3cio de &#8220;streaming&#8221; da Warner Bros. Discovery e a programa\u00e7\u00e3o &#8220;premium&#8221; da HBO&#8221;.<\/p>\n<p>Nesse mesmo comunicado, a Netflix indicou que pretende manter as opera\u00e7\u00f5es atuais da Warner Bros. e &#8220;construir sobre as suas for\u00e7as&#8221;, incluindo os lan\u00e7amentos dos filmes em sala.<\/p>\n<p data-remotead-prev-elm=\"true\" data-remotead-elm-id=\"centro3\">Segundo a Variety, a Warner Bros. tem em curso acordos para lan\u00e7ar filmes nos cinemas at\u00e9 2029.<\/p>\n<p>O FT lembra que o acordo tem de ser aprovado pelos acionistas da Warner Bros. Discovery e pelos reguladores, havendo uma expectativa de que esteja fechado dentro de 12 a 18 meses.<\/p>\n","protected":false},"excerpt":{"rendered":"Em comunicado, a presidente executiva da UIC, Laura Houlgatte, afirmou que, caso se concretize o neg\u00f3cio anunciado hoje,&hellip;\n","protected":false},"author":2,"featured_media":177045,"comment_status":"","ping_status":"","sticky":false,"template":"","format":"standard","meta":{"footnotes":""},"categories":[50],"tags":[1753,27,28,470,15,16,14,25,26,21,22,62,716,12,13,19,20,23,24,17,18,29,30,31,7088,63,64,65],"class_list":{"0":"post-177044","1":"post","2":"type-post","3":"status-publish","4":"format-standard","5":"has-post-thumbnail","7":"category-mundo","8":"tag-artes","9":"tag-breaking-news","10":"tag-breakingnews","11":"tag-cinema","12":"tag-featured-news","13":"tag-featurednews","14":"tag-headlines","15":"tag-latest-news","16":"tag-latestnews","17":"tag-main-news","18":"tag-mainnews","19":"tag-mundo","20":"tag-netflix","21":"tag-news","22":"tag-noticias","23":"tag-noticias-principais","24":"tag-noticiasprincipais","25":"tag-principais-noticias","26":"tag-principaisnoticias","27":"tag-top-stories","28":"tag-topstories","29":"tag-ultimas","30":"tag-ultimas-noticias","31":"tag-ultimasnoticias","32":"tag-warner-bros","33":"tag-world","34":"tag-world-news","35":"tag-worldnews"},"share_on_mastodon":{"url":"https:\/\/pubeurope.com\/@pt\/115668831986381561","error":""},"_links":{"self":[{"href":"https:\/\/www.europesays.com\/pt\/wp-json\/wp\/v2\/posts\/177044","targetHints":{"allow":["GET"]}}],"collection":[{"href":"https:\/\/www.europesays.com\/pt\/wp-json\/wp\/v2\/posts"}],"about":[{"href":"https:\/\/www.europesays.com\/pt\/wp-json\/wp\/v2\/types\/post"}],"author":[{"embeddable":true,"href":"https:\/\/www.europesays.com\/pt\/wp-json\/wp\/v2\/users\/2"}],"replies":[{"embeddable":true,"href":"https:\/\/www.europesays.com\/pt\/wp-json\/wp\/v2\/comments?post=177044"}],"version-history":[{"count":0,"href":"https:\/\/www.europesays.com\/pt\/wp-json\/wp\/v2\/posts\/177044\/revisions"}],"wp:featuredmedia":[{"embeddable":true,"href":"https:\/\/www.europesays.com\/pt\/wp-json\/wp\/v2\/media\/177045"}],"wp:attachment":[{"href":"https:\/\/www.europesays.com\/pt\/wp-json\/wp\/v2\/media?parent=177044"}],"wp:term":[{"taxonomy":"category","embeddable":true,"href":"https:\/\/www.europesays.com\/pt\/wp-json\/wp\/v2\/categories?post=177044"},{"taxonomy":"post_tag","embeddable":true,"href":"https:\/\/www.europesays.com\/pt\/wp-json\/wp\/v2\/tags?post=177044"}],"curies":[{"name":"wp","href":"https:\/\/api.w.org\/{rel}","templated":true}]}}