{"id":177046,"date":"2025-12-05T20:24:10","date_gmt":"2025-12-05T20:24:10","guid":{"rendered":"https:\/\/www.europesays.com\/pt\/177046\/"},"modified":"2025-12-05T20:24:10","modified_gmt":"2025-12-05T20:24:10","slug":"morte-a-tiro-por-causa-de-cigarro-foi-punida-com-21-anos-de-cadeia-em-beja","status":"publish","type":"post","link":"https:\/\/www.europesays.com\/pt\/177046\/","title":{"rendered":"Morte a tiro por causa de cigarro foi punida com 21 anos de cadeia em Beja"},"content":{"rendered":"<p data-remotead-prev-elm=\"true\" data-remotead-elm-id=\"inread\">Malaquias, como \u00e9 conhecido na aldeia, foi ainda condenado a pagar 183 mil euros \u00e0 filha da v\u00edtima, que se constituiu assistente no processo. O valor peticionado era de mais de 207 mil euros, mas, na contesta\u00e7\u00e3o, o arguido avisou que n\u00e3o iria pagar qualquer valor em dinheiro, porque n\u00e3o o tinha, nem bens para fazer esse pagamento.<\/p>\n<p>Ap\u00f3s a sa\u00edda do arguido da sala de audi\u00eancias, ouviram-se gritos no hall de entrada do tribunal de &#8220;bandido, assassino&#8221;. Os populares tentaram ainda fazer justi\u00e7a pelas pr\u00f3prias m\u00e3os quando Malaquias entrava no carro celular, o que foi evitado pelos guardas prisionais e a PSP.<\/p>\n<p>O coletivo de ju\u00edzes n\u00e3o teve d\u00favidas em considerar Jos\u00e9 Horta Gomes, de 53 anos, culpado da morte de Pedro Ramos, de 38 anos, ocorrido na sequ\u00eancia de uma chamada de aten\u00e7\u00e3o da v\u00edtima ao arguido por este estar a fumar no interior da pastelaria &#8220;Pop Doce&#8221;.<\/p>\n<p data-remotead-prev-elm=\"true\" data-remotead-elm-id=\"centro1\">Malaquias n\u00e3o gostou de ter sido censurado, empunhou uma pistola de calibre 6.35mm que trazia no bolso do casaco e deu tr\u00eas tiros a uma dist\u00e2ncia, entre dois a dez cent\u00edmetros, segundo o processo. Um disparo atingiu uma axila de Pedro Ramos, outro o t\u00f3rax e o terceiro para a parte lateral do abd\u00f3men.<\/p>\n<p><img decoding=\"async\" class=\"ngx-body\" guid=\"bd4ae608-dbb9-4a05-9567-61e287aa9654\" src=\"https:\/\/www.europesays.com\/pt\/wp-content\/uploads\/2025\/12\/1764966250_276_image.webp\" width=\"100%\"\/><br \/>A v\u00edtima, Pedro Ramos, de 38 anos<\/p>\n<p>Na \u00fanica sess\u00e3o do julgamento realizada para produ\u00e7\u00e3o de prova, Jos\u00e9 Horta Gomes foi interrogado sobre as raz\u00f5es pelas quais matou Pedro Ramos. &#8220;Mostrei-lhe a arma, ele atirou-se a mim, agrediu-me brutalmente e ca\u00edmos os dois no ch\u00e3o. Tinha o dedo no gatilho e, como a arma \u00e9 muito sens\u00edvel, disparou&#8221;, respondeu.<\/p>\n<p data-remotead-prev-elm=\"true\" data-remotead-elm-id=\"centro2\">Mas o tribunal considerou aquela tese como inveros\u00edmil. Na leitura do ac\u00f3rd\u00e3o, o presidente do coletivo referiu que &#8220;foram provados todos os factos da acusa\u00e7\u00e3o, com exce\u00e7\u00e3o do terceiro tiro ter sido feito com a v\u00edtima no ch\u00e3o&#8221;. &#8220;Foi um crime torpe, f\u00fatil e ign\u00f3bil. Tem que pagar por ter tirado a vida a uma pessoa jovem. Foi uma a\u00e7\u00e3o ponderada, quando foi \u00e0 casa de banho e saiu de arma em punho&#8221;, concluiu.<\/p>\n<p>O juiz observou ainda que o arguido &#8220;s\u00f3 n\u00e3o tem antecedentes criminais no papel&#8221;, por Malaquias ter sido condenado tr\u00e1fico de estupefacientes h\u00e1 muito tempo e tal n\u00e3o constar j\u00e1 no seu registo criminal.<\/p>\n<p>Malaquias vai aguardar o tr\u00e2nsito em julgado do ac\u00f3rd\u00e3o, de que poder\u00e1 recorrer, em pris\u00e3o preventiva em Beja.<\/p>\n","protected":false},"excerpt":{"rendered":"Malaquias, como \u00e9 conhecido na aldeia, foi ainda condenado a pagar 183 mil euros \u00e0 filha da v\u00edtima,&hellip;\n","protected":false},"author":2,"featured_media":177047,"comment_status":"","ping_status":"","sticky":false,"template":"","format":"standard","meta":{"footnotes":""},"categories":[10],"tags":[27,28,15,16,14,5564,603,25,26,21,22,12,13,19,20,32,23,24,33,22366,17,18,29,30,31],"class_list":{"0":"post-177046","1":"post","2":"type-post","3":"status-publish","4":"format-standard","5":"has-post-thumbnail","7":"category-portugal","8":"tag-breaking-news","9":"tag-breakingnews","10":"tag-featured-news","11":"tag-featurednews","12":"tag-headlines","13":"tag-homicidio","14":"tag-justica","15":"tag-latest-news","16":"tag-latestnews","17":"tag-main-news","18":"tag-mainnews","19":"tag-news","20":"tag-noticias","21":"tag-noticias-principais","22":"tag-noticiasprincipais","23":"tag-portugal","24":"tag-principais-noticias","25":"tag-principaisnoticias","26":"tag-pt","27":"tag-sentenca","28":"tag-top-stories","29":"tag-topstories","30":"tag-ultimas","31":"tag-ultimas-noticias","32":"tag-ultimasnoticias"},"share_on_mastodon":{"url":"https:\/\/pubeurope.com\/@pt\/115668836038679848","error":""},"_links":{"self":[{"href":"https:\/\/www.europesays.com\/pt\/wp-json\/wp\/v2\/posts\/177046","targetHints":{"allow":["GET"]}}],"collection":[{"href":"https:\/\/www.europesays.com\/pt\/wp-json\/wp\/v2\/posts"}],"about":[{"href":"https:\/\/www.europesays.com\/pt\/wp-json\/wp\/v2\/types\/post"}],"author":[{"embeddable":true,"href":"https:\/\/www.europesays.com\/pt\/wp-json\/wp\/v2\/users\/2"}],"replies":[{"embeddable":true,"href":"https:\/\/www.europesays.com\/pt\/wp-json\/wp\/v2\/comments?post=177046"}],"version-history":[{"count":0,"href":"https:\/\/www.europesays.com\/pt\/wp-json\/wp\/v2\/posts\/177046\/revisions"}],"wp:featuredmedia":[{"embeddable":true,"href":"https:\/\/www.europesays.com\/pt\/wp-json\/wp\/v2\/media\/177047"}],"wp:attachment":[{"href":"https:\/\/www.europesays.com\/pt\/wp-json\/wp\/v2\/media?parent=177046"}],"wp:term":[{"taxonomy":"category","embeddable":true,"href":"https:\/\/www.europesays.com\/pt\/wp-json\/wp\/v2\/categories?post=177046"},{"taxonomy":"post_tag","embeddable":true,"href":"https:\/\/www.europesays.com\/pt\/wp-json\/wp\/v2\/tags?post=177046"}],"curies":[{"name":"wp","href":"https:\/\/api.w.org\/{rel}","templated":true}]}}