{"id":177057,"date":"2025-12-05T20:37:21","date_gmt":"2025-12-05T20:37:21","guid":{"rendered":"https:\/\/www.europesays.com\/pt\/177057\/"},"modified":"2025-12-05T20:37:21","modified_gmt":"2025-12-05T20:37:21","slug":"como-e-que-os-humanos-chegaram-a-australia-viraram-a-esquerda-e-a-direita","status":"publish","type":"post","link":"https:\/\/www.europesays.com\/pt\/177057\/","title":{"rendered":"Como \u00e9 que os humanos chegaram \u00e0 Austr\u00e1lia? Viraram \u00e0 esquerda&#8230; e \u00e0 direita"},"content":{"rendered":"<p class=\"wp-caption-text top\"><a href=\"http:\/\/pt.freeimages.com\/photo\/globe-australia-1174704\" rel=\"nofollow external noopener noreferrer\" data-wpel-link=\"external\" target=\"_blank\" class=\"ext-link\">Vince Varga \/ Freimages<\/a><\/p>\n<p><img decoding=\"async\" loading=\"lazy\" class=\"size-kopa-image-size-3 wp-image-123593\" src=\"https:\/\/www.europesays.com\/pt\/wp-content\/uploads\/2025\/12\/2697f86e56dea1c524f395eb8d02c229-783x450.jpg\" alt=\"\" width=\"700\" height=\"402\"  \/><\/p>\n<p><strong>Uma nova an\u00e1lise de ADN revela que os humanos antigos usaram duas rotas para chegar \u00e0 Austr\u00e1lia, h\u00e1 cerca de 60.000 anos.<\/strong><\/p>\n<p>A quest\u00e3o de quando os humanos chegaram pela primeira vez \u00e0 Austr\u00e1lia \u00e9 muito controversa entre arque\u00f3logos. H\u00e1 quem cite datas entre cerca de 45 a 50.000 anos atr\u00e1s; enquanto outros sugerem que a massa terrestre meridional pode ter sido povoada j\u00e1 h\u00e1 65.000 anos.<\/p>\n<p>Um novo estudo, <a href=\"https:\/\/www.science.org\/doi\/10.1126\/sciadv.ady9493\" data-wpel-link=\"external\" target=\"_blank\" rel=\"nofollow external noopener noreferrer\" class=\"ext-link\">publicado<\/a> na semana passada na Science Advances, apresentou outra teoria.<\/p>\n<p>Ap\u00f3s a an\u00e1lise a 2.500 conjuntos de ADN mitocondrial de povos ind\u00edgenas da Austr\u00e1lia, Nova Guin\u00e9, Oce\u00e2nia e Sudeste Asi\u00e1tico, o novo estudo acrescenta mais apoio a uma data de chegada mais antiga, revelando tamb\u00e9m que<strong> n\u00e3o se tratou de uma \u00fanica viagem, mas sim de duas<\/strong>.<\/p>\n<p>Como explica a <a href=\"https:\/\/www.science.org\/doi\/10.1126\/sciadv.ady9493\" data-wpel-link=\"external\" target=\"_blank\" rel=\"nofollow external noopener noreferrer\" class=\"ext-link\">Science Alert<\/a>, Sahul era uma massa de terra que existiu durante a \u00e9poca Pleistocena, composta pelo que hoje chamamos Austr\u00e1lia, Tasm\u00e2nia e Nova Guin\u00e9, que estiveram todas ligadas por terra at\u00e9 h\u00e1 cerca de 9.000 anos, quando o n\u00edvel do mar subiu no fim da \u00faltima idade do gelo.<\/p>\n<p>A equipa de investiga\u00e7\u00e3o analisou taxas de muta\u00e7\u00e3o do ADN e liga\u00e7\u00f5es gen\u00e9ticas entre popula\u00e7\u00f5es humanas contempor\u00e2neas e antigas, para rastrear as passagem trilhada \u2013 ou navegada em <strong>jangadas<\/strong> \u2013 t\u00e3o notavelmente cedo na hist\u00f3ria humana.<\/p>\n<p>Os investigadores tamb\u00e9m compararam esta informa\u00e7\u00e3o gen\u00e9tica com evid\u00eancias arqueol\u00f3gicas e dados clim\u00e1ticos.<\/p>\n<p>Viraram \u00e0 esquerda\u2026 e \u00e0 direita<\/p>\n<p>A conclus\u00e3o do estudo \u00e9 que as pessoas <strong>seguiram duas rotas<\/strong> a partir da antiga massa de terra Sunda para chegar a Sahul.<\/p>\n<p>Algumas viajaram atrav\u00e9s da Mal\u00e1sia, Java e Timor, entrando em Sahul a oeste do local da actual cidade de Darwin. Os investigadores referem-se a estas como as <strong>\u201clinhagens da rota sul\u201d<\/strong>.<\/p>\n<p>Entretanto, um fluxo separado de genes, ao qual os investigadores chamam as <strong>\u201clinhagens da rota norte\u201d<\/strong>, pode ser rastreado ao longo da cadeia de ilhas que vai das Filipinas e Sulawesi at\u00e9 \u00e0 Papua Nova Guin\u00e9, chegando a Sahul atrav\u00e9s da ponta norte da actual Queensland.<\/p>\n<p class=\"wp-caption-text top\"><a href=\"https:\/\/www.science.org\/doi\/10.1126\/sciadv.ady9493\" rel=\"nofollow external noopener noreferrer\" data-wpel-link=\"external\" target=\"_blank\" class=\"ext-link\">Gandini et al.<\/a><\/p>\n<p><img decoding=\"async\" loading=\"lazy\" class=\"wp-image-715050 \" src=\"https:\/\/www.europesays.com\/pt\/wp-content\/uploads\/2025\/12\/d54ca6702fb377fe53ffdedbdc80b9ea-1200x703.jpg\" alt=\"\" width=\"596\" height=\"349\"  \/><\/p>\n<p class=\"wp-caption-text bot\">Mapa que mostra as plataformas continentais de Sunda, Sahul e do Pac\u00edfico Ocidental. As setas laranja representam as rotas migrat\u00f3rias do sul; as setas azuis representam as rotas migrat\u00f3rias do norte.<\/p>\n<p>\u201cDat\u00e1mos <strong>ambas as dispers\u00f5es para aproximadamente a mesma \u00e9poca<\/strong> \u2013 cerca de 60.000 anos atr\u00e1s. <strong>Isto apoia a chamada cronologia longa<\/strong> para o povoamento, em oposi\u00e7\u00e3o \u00e0 chamada cronologia curta, que sugere um povoamento h\u00e1 cerca de 45.000 a 50.000 anos\u201d, explicpu, \u00e0 <a href=\"https:\/\/www.newscientist.com\/article\/2506312-ancient-humans-took-two-routes-to-australia-60000-years-ago\/\" data-wpel-link=\"external\" target=\"_blank\" rel=\"nofollow external noopener noreferrer\" class=\"ext-link\">New Scientist<\/a>, o l\u00edder da investiga\u00e7\u00e3o, <strong>Martin Richards<\/strong>.<\/p>\n<p>A equipa estima que cerca de 36% dessas linhagens da primeira vaga s\u00e3o de pessoas que chegaram \u00e0 Austr\u00e1lia pela rota norte, enquanto 64% descendem de antepassados que seguiram a rota sul.<\/p>\n<p>    <a href=\"https:\/\/zap.aeiou.pt\/subscrever-newsletter\" data-wpel-link=\"internal\" rel=\"nofollow noopener\" target=\"_blank\">&#13;<br \/>\n        <img loading=\"lazy\" decoding=\"async\" class=\"aligncenter size-full wp-image-575475\" src=\"https:\/\/www.europesays.com\/pt\/wp-content\/uploads\/2025\/12\/2d51fe4a0ba54894421ead1809309ed9-1-450x140.jpg\" alt=\"Subscreva a Newsletter ZAP\" width=\"450\" height=\"140\"\/>&#13;<br \/>\n    <\/a><\/p>\n<p>                <a href=\"https:\/\/whatsapp.com\/channel\/0029VaIC4EE2f3EJZPPSbR34\" data-wpel-link=\"external\" target=\"_blank\" rel=\"nofollow external noopener noreferrer\" class=\"ext-link\">&#13;<br \/>\n                    <img loading=\"lazy\" decoding=\"async\" class=\"aligncenter size-full wp-image-575475\" src=\"https:\/\/www.europesays.com\/pt\/wp-content\/uploads\/2025\/12\/c68c559d956d4ca20f435ed74a6e71e6.png\" alt=\"Siga-nos no WhatsApp\" width=\"175\" height=\"64\"\/>&#13;<br \/>\n                <\/a><\/p>\n<p>                <a href=\"https:\/\/news.google.com\/publications\/CAAiEHRwZondIV71PDjWNoqMduEqFAgKIhB0cGaJ3SFe9Tw41jaKjHbh?hl=en-US&amp;gl=US&amp;ceid=US%3Aen\" data-wpel-link=\"external\" target=\"_blank\" rel=\"nofollow external noopener noreferrer\" class=\"ext-link\">&#13;<br \/>\n                    <img loading=\"lazy\" decoding=\"async\" class=\"aligncenter size-full wp-image-575475\" src=\"https:\/\/www.europesays.com\/pt\/wp-content\/uploads\/2025\/12\/5123dd8b087b644fdb8f8603acd1bad4.png\" alt=\"Siga-nos no Google News\" width=\"176\" height=\"64\"\/>&#13;<br \/>\n                <\/a><\/p>\n","protected":false},"excerpt":{"rendered":"Vince Varga \/ Freimages Uma nova an\u00e1lise de ADN revela que os humanos antigos usaram duas rotas para&hellip;\n","protected":false},"author":2,"featured_media":177058,"comment_status":"","ping_status":"","sticky":false,"template":"","format":"standard","meta":{"footnotes":""},"categories":[50],"tags":[3440,2337,27,28,15,16,5541,14,25,26,21,22,62,12,13,19,20,23,24,17,18,29,30,31,63,64,65],"class_list":{"0":"post-177057","1":"post","2":"type-post","3":"status-publish","4":"format-standard","5":"has-post-thumbnail","7":"category-mundo","8":"tag-antropologia","9":"tag-australia","10":"tag-breaking-news","11":"tag-breakingnews","12":"tag-featured-news","13":"tag-featurednews","14":"tag-geografia","15":"tag-headlines","16":"tag-latest-news","17":"tag-latestnews","18":"tag-main-news","19":"tag-mainnews","20":"tag-mundo","21":"tag-news","22":"tag-noticias","23":"tag-noticias-principais","24":"tag-noticiasprincipais","25":"tag-principais-noticias","26":"tag-principaisnoticias","27":"tag-top-stories","28":"tag-topstories","29":"tag-ultimas","30":"tag-ultimas-noticias","31":"tag-ultimasnoticias","32":"tag-world","33":"tag-world-news","34":"tag-worldnews"},"share_on_mastodon":{"url":"https:\/\/pubeurope.com\/@pt\/115668887095119578","error":""},"_links":{"self":[{"href":"https:\/\/www.europesays.com\/pt\/wp-json\/wp\/v2\/posts\/177057","targetHints":{"allow":["GET"]}}],"collection":[{"href":"https:\/\/www.europesays.com\/pt\/wp-json\/wp\/v2\/posts"}],"about":[{"href":"https:\/\/www.europesays.com\/pt\/wp-json\/wp\/v2\/types\/post"}],"author":[{"embeddable":true,"href":"https:\/\/www.europesays.com\/pt\/wp-json\/wp\/v2\/users\/2"}],"replies":[{"embeddable":true,"href":"https:\/\/www.europesays.com\/pt\/wp-json\/wp\/v2\/comments?post=177057"}],"version-history":[{"count":0,"href":"https:\/\/www.europesays.com\/pt\/wp-json\/wp\/v2\/posts\/177057\/revisions"}],"wp:featuredmedia":[{"embeddable":true,"href":"https:\/\/www.europesays.com\/pt\/wp-json\/wp\/v2\/media\/177058"}],"wp:attachment":[{"href":"https:\/\/www.europesays.com\/pt\/wp-json\/wp\/v2\/media?parent=177057"}],"wp:term":[{"taxonomy":"category","embeddable":true,"href":"https:\/\/www.europesays.com\/pt\/wp-json\/wp\/v2\/categories?post=177057"},{"taxonomy":"post_tag","embeddable":true,"href":"https:\/\/www.europesays.com\/pt\/wp-json\/wp\/v2\/tags?post=177057"}],"curies":[{"name":"wp","href":"https:\/\/api.w.org\/{rel}","templated":true}]}}