{"id":177063,"date":"2025-12-05T20:41:08","date_gmt":"2025-12-05T20:41:08","guid":{"rendered":"https:\/\/www.europesays.com\/pt\/177063\/"},"modified":"2025-12-05T20:41:08","modified_gmt":"2025-12-05T20:41:08","slug":"frank-gehry-gigante-da-arquitetura-morreu-aos-96-anos","status":"publish","type":"post","link":"https:\/\/www.europesays.com\/pt\/177063\/","title":{"rendered":"Frank Gehry, gigante da arquitetura, morreu aos 96 anos"},"content":{"rendered":"<p>Frank Gehry, um dos nomes mais influentes e inventivos da arquitetura contempor\u00e2nea, morreu esta sexta-feira, aos 96 anos, em Santa Monica. <\/p>\n<p>Reconhecido mundialmente pelo Guggenheim de Bilbau \u2014 o edif\u00edcio que transformou uma cidade industrial num destino cultural global \u2014 Gehry tornou-se uma verdadeira estrela da arquitetura com o seu tra\u00e7o ousado, feito de torres inclinadas e grandes superf\u00edcies met\u00e1licas curvas, como recordou o New York Times. <\/p>\n<p>Entre as suas obras mais emblem\u00e1ticas contam-se ainda a Walt Disney Concert Hall, em Los Angeles, e a Fondation Louis Vuitton, em Paris. <\/p>\n<p>A sua carreira come\u00e7ou com a remodela\u00e7\u00e3o radical da sua pr\u00f3pria casa em Santa Monica, nos anos 70, uma obra que o projetou como figura irreverente e abriu caminho para um percurso que redefiniu a linguagem arquitet\u00f3nica do final do s\u00e9culo XX.<\/p>\n","protected":false},"excerpt":{"rendered":"Frank Gehry, um dos nomes mais influentes e inventivos da arquitetura contempor\u00e2nea, morreu esta sexta-feira, aos 96 anos,&hellip;\n","protected":false},"author":2,"featured_media":177064,"comment_status":"","ping_status":"","sticky":false,"template":"","format":"standard","meta":{"footnotes":""},"categories":[144],"tags":[207,205,206,203,201,202,204,114,115,32,33],"class_list":{"0":"post-177063","1":"post","2":"type-post","3":"status-publish","4":"format-standard","5":"has-post-thumbnail","7":"category-arte-e-design","8":"tag-arte","9":"tag-arte-e-design","10":"tag-artedesign","11":"tag-arts","12":"tag-arts-and-design","13":"tag-artsanddesign","14":"tag-design","15":"tag-entertainment","16":"tag-entretenimento","17":"tag-portugal","18":"tag-pt"},"share_on_mastodon":{"url":"https:\/\/pubeurope.com\/@pt\/115668902401231538","error":""},"_links":{"self":[{"href":"https:\/\/www.europesays.com\/pt\/wp-json\/wp\/v2\/posts\/177063","targetHints":{"allow":["GET"]}}],"collection":[{"href":"https:\/\/www.europesays.com\/pt\/wp-json\/wp\/v2\/posts"}],"about":[{"href":"https:\/\/www.europesays.com\/pt\/wp-json\/wp\/v2\/types\/post"}],"author":[{"embeddable":true,"href":"https:\/\/www.europesays.com\/pt\/wp-json\/wp\/v2\/users\/2"}],"replies":[{"embeddable":true,"href":"https:\/\/www.europesays.com\/pt\/wp-json\/wp\/v2\/comments?post=177063"}],"version-history":[{"count":0,"href":"https:\/\/www.europesays.com\/pt\/wp-json\/wp\/v2\/posts\/177063\/revisions"}],"wp:featuredmedia":[{"embeddable":true,"href":"https:\/\/www.europesays.com\/pt\/wp-json\/wp\/v2\/media\/177064"}],"wp:attachment":[{"href":"https:\/\/www.europesays.com\/pt\/wp-json\/wp\/v2\/media?parent=177063"}],"wp:term":[{"taxonomy":"category","embeddable":true,"href":"https:\/\/www.europesays.com\/pt\/wp-json\/wp\/v2\/categories?post=177063"},{"taxonomy":"post_tag","embeddable":true,"href":"https:\/\/www.europesays.com\/pt\/wp-json\/wp\/v2\/tags?post=177063"}],"curies":[{"name":"wp","href":"https:\/\/api.w.org\/{rel}","templated":true}]}}