{"id":177075,"date":"2025-12-05T20:51:16","date_gmt":"2025-12-05T20:51:16","guid":{"rendered":"https:\/\/www.europesays.com\/pt\/177075\/"},"modified":"2025-12-05T20:51:16","modified_gmt":"2025-12-05T20:51:16","slug":"o-primeiro-crime-no-espaco-afinal-nunca-aconteceu-ex-mulher-confessa-ter-mentido-sobre-astronauta","status":"publish","type":"post","link":"https:\/\/www.europesays.com\/pt\/177075\/","title":{"rendered":"O primeiro crime no Espa\u00e7o, afinal, nunca aconteceu. Ex-mulher confessa ter mentido sobre astronauta"},"content":{"rendered":"<p class=\"wp-caption-text top\">NASA<\/p>\n<p><img decoding=\"async\" loading=\"lazy\" class=\"wp-image-275893 size-kopa-image-size-3\" src=\"https:\/\/www.europesays.com\/pt\/wp-content\/uploads\/2025\/12\/1257b8b7b89933db1d9ef2866c784e0f-783x450.jpg\" alt=\"\" width=\"700\" height=\"402\"  \/><\/p>\n<p class=\"wp-caption-text bot\">A astronauta norte-americana Anne McClain<\/p>\n<p><strong>Em 2019, Summer Heather Worden acusou a ex-mulher, a astronauta Anne McClain, de ter entrado na sua conta banc\u00e1ria sem autoriza\u00e7\u00e3o. Agora, confessou que estava a mentir.<\/strong><\/p>\n<p>A <strong>batalha judicial de anos<\/strong> entre uma ex-oficial dos servi\u00e7os de informa\u00e7\u00e3o da For\u00e7a A\u00e9rea e a sua ex-mulher, uma astronauta da NASA, chegou a um ponto crucial no m\u00eas passado, quando <strong>Summer Heather Worden<\/strong>, de 50 anos, se declarou culpada de mentir aos investigadores federais.<\/p>\n<p>Worden<strong> acusou falsamente<\/strong> a astronauta <strong>Anne McClain<\/strong> de aceder ilegalmente \u00e0 sua conta banc\u00e1ria a partir da Esta\u00e7\u00e3o Espacial Internacional (ISS), naquele que ficou amplamente conhecido como o primeiro alegado crime cometido no Espa\u00e7o.<\/p>\n<p>Worden enfrenta agora <strong>at\u00e9 cinco anos de pris\u00e3o<\/strong> e uma multa de at\u00e9 250 mil d\u00f3lares, depois de admitir que enganou as autoridades sobre as circunst\u00e2ncias que envolviam as contas financeiras conjuntas do casal.<\/p>\n<p>O caso remonta a 2019, quando Worden alegou que McClain tinha usado a sua palavra-passe para <a href=\"https:\/\/zap.aeiou.pt\/astronauta-acedeu-conta-ex-mulher-espaco-275725\" data-wpel-link=\"internal\" rel=\"nofollow noopener\" target=\"_blank\">aceder \u00e0 sua conta banc\u00e1ria pessoal<\/a> enquanto estava a bordo da ISS.<\/p>\n<p>A acusa\u00e7\u00e3o desencadeou investiga\u00e7\u00f5es tanto do Gabinete do Inspetor-Geral da NASA como da Comiss\u00e3o Federal de Com\u00e9rcio (FTC). Na altura, McClain era uma estrela em ascens\u00e3o no corpo de astronautas, tendo sido lan\u00e7ada para a ISS em dezembro de 2018 para uma miss\u00e3o de seis meses.<\/p>\n<p>A alega\u00e7\u00e3o central de Worden era a de que McClain acedeu \u00e0 conta sem o seu consentimento. No entanto, os investigadores determinaram posteriormente que <strong>Worden tinha concedido acesso a McClain<\/strong> anos antes, como parte da gest\u00e3o financeira conjunta entre ambas. Os procuradores afirmaram que Worden mentiu sobre quando criou a conta e quando alterou os dados de login, factos cruciais que minaram a credibilidade das suas acusa\u00e7\u00f5es.<\/p>\n<p>A acusa\u00e7\u00e3o, tornada p\u00fablica em abril de 2020, imputava a Worden o crime de <strong>prestar declara\u00e7\u00f5es falsas<\/strong> a autoridades federais. Com a sua confiss\u00e3o de culpa, admitiu ter inventado partes da hist\u00f3ria que deram origem ao que se tornou um espet\u00e1culo medi\u00e1tico internacional, refere o <a href=\"https:\/\/www.nytimes.com\/2025\/11\/18\/us\/space-crime-astronaut-anne-mcclain.html\" data-wpel-link=\"external\" target=\"_blank\" rel=\"nofollow external noopener noreferrer\" class=\"ext-link\">New York Times<\/a>.<\/p>\n<p>McClain, coronel condecorada do Ex\u00e9rcito dos EUA e graduada de West Point, sempre sustentou que <strong>agiu com total autoriza\u00e7\u00e3o<\/strong>.<\/p>\n<p>Num comunicado em resposta \u00e0 confiss\u00e3o da ex-mulher, afirmou que Worden \u201cintencionalmente, e com pleno conhecimento da verdade, apresentou uma hist\u00f3ria aos investigadores federais e aos meios de comunica\u00e7\u00e3o social com a inten\u00e7\u00e3o de causar danos\u201d.<\/p>\n<p>\u201cDesde o in\u00edcio, n\u00e3o havia provas que corroborassem as suas alega\u00e7\u00f5es, e havia <strong>provas esmagadoras que as refutavam<\/strong>\u201d, acrescentou McClain.<\/p>\n<p>McClain, uma aviadora experiente com mais de 2000 horas de voo, regressou ao Espa\u00e7o em mar\u00e7o de 2025 como comandante da miss\u00e3o Crew-10 da SpaceX, da NASA, concluindo a miss\u00e3o em agosto.<\/p>\n<p>Worden tem o<strong> julgamento marcado para 12 de fevereiro<\/strong> de 2026.<\/p>\n<p>    <a href=\"https:\/\/zap.aeiou.pt\/subscrever-newsletter\" data-wpel-link=\"internal\" rel=\"nofollow noopener\" target=\"_blank\">&#13;<br \/>\n        <img loading=\"lazy\" decoding=\"async\" class=\"aligncenter size-full wp-image-575475\" src=\"https:\/\/www.europesays.com\/pt\/wp-content\/uploads\/2025\/12\/2d51fe4a0ba54894421ead1809309ed9-1-450x140.jpg\" alt=\"Subscreva a Newsletter ZAP\" width=\"450\" height=\"140\"\/>&#13;<br \/>\n    <\/a><\/p>\n<p>                <a href=\"https:\/\/whatsapp.com\/channel\/0029VaIC4EE2f3EJZPPSbR34\" data-wpel-link=\"external\" target=\"_blank\" rel=\"nofollow external noopener noreferrer\" class=\"ext-link\">&#13;<br \/>\n                    <img loading=\"lazy\" decoding=\"async\" class=\"aligncenter size-full wp-image-575475\" src=\"https:\/\/www.europesays.com\/pt\/wp-content\/uploads\/2025\/12\/c68c559d956d4ca20f435ed74a6e71e6.png\" alt=\"Siga-nos no WhatsApp\" width=\"175\" height=\"64\"\/>&#13;<br \/>\n                <\/a><\/p>\n<p>                <a href=\"https:\/\/news.google.com\/publications\/CAAiEHRwZondIV71PDjWNoqMduEqFAgKIhB0cGaJ3SFe9Tw41jaKjHbh?hl=en-US&amp;gl=US&amp;ceid=US%3Aen\" data-wpel-link=\"external\" target=\"_blank\" rel=\"nofollow external noopener noreferrer\" class=\"ext-link\">&#13;<br \/>\n                    <img loading=\"lazy\" decoding=\"async\" class=\"aligncenter size-full wp-image-575475\" src=\"https:\/\/www.europesays.com\/pt\/wp-content\/uploads\/2025\/12\/5123dd8b087b644fdb8f8603acd1bad4.png\" alt=\"Siga-nos no Google News\" width=\"176\" height=\"64\"\/>&#13;<br \/>\n                <\/a><\/p>\n","protected":false},"excerpt":{"rendered":"NASA A astronauta norte-americana Anne McClain Em 2019, Summer Heather Worden acusou a ex-mulher, a astronauta Anne McClain,&hellip;\n","protected":false},"author":2,"featured_media":177076,"comment_status":"","ping_status":"","sticky":false,"template":"","format":"standard","meta":{"footnotes":""},"categories":[50],"tags":[27,28,604,1008,413,15,16,14,603,25,26,21,22,62,12,13,19,20,23,24,17,18,29,30,31,63,64,65],"class_list":{"0":"post-177075","1":"post","2":"type-post","3":"status-publish","4":"format-standard","5":"has-post-thumbnail","7":"category-mundo","8":"tag-breaking-news","9":"tag-breakingnews","10":"tag-crime","11":"tag-espaco","12":"tag-eua","13":"tag-featured-news","14":"tag-featurednews","15":"tag-headlines","16":"tag-justica","17":"tag-latest-news","18":"tag-latestnews","19":"tag-main-news","20":"tag-mainnews","21":"tag-mundo","22":"tag-news","23":"tag-noticias","24":"tag-noticias-principais","25":"tag-noticiasprincipais","26":"tag-principais-noticias","27":"tag-principaisnoticias","28":"tag-top-stories","29":"tag-topstories","30":"tag-ultimas","31":"tag-ultimas-noticias","32":"tag-ultimasnoticias","33":"tag-world","34":"tag-world-news","35":"tag-worldnews"},"share_on_mastodon":{"url":"https:\/\/pubeurope.com\/@pt\/115668942120504022","error":""},"_links":{"self":[{"href":"https:\/\/www.europesays.com\/pt\/wp-json\/wp\/v2\/posts\/177075","targetHints":{"allow":["GET"]}}],"collection":[{"href":"https:\/\/www.europesays.com\/pt\/wp-json\/wp\/v2\/posts"}],"about":[{"href":"https:\/\/www.europesays.com\/pt\/wp-json\/wp\/v2\/types\/post"}],"author":[{"embeddable":true,"href":"https:\/\/www.europesays.com\/pt\/wp-json\/wp\/v2\/users\/2"}],"replies":[{"embeddable":true,"href":"https:\/\/www.europesays.com\/pt\/wp-json\/wp\/v2\/comments?post=177075"}],"version-history":[{"count":0,"href":"https:\/\/www.europesays.com\/pt\/wp-json\/wp\/v2\/posts\/177075\/revisions"}],"wp:featuredmedia":[{"embeddable":true,"href":"https:\/\/www.europesays.com\/pt\/wp-json\/wp\/v2\/media\/177076"}],"wp:attachment":[{"href":"https:\/\/www.europesays.com\/pt\/wp-json\/wp\/v2\/media?parent=177075"}],"wp:term":[{"taxonomy":"category","embeddable":true,"href":"https:\/\/www.europesays.com\/pt\/wp-json\/wp\/v2\/categories?post=177075"},{"taxonomy":"post_tag","embeddable":true,"href":"https:\/\/www.europesays.com\/pt\/wp-json\/wp\/v2\/tags?post=177075"}],"curies":[{"name":"wp","href":"https:\/\/api.w.org\/{rel}","templated":true}]}}