{"id":177077,"date":"2025-12-05T20:52:08","date_gmt":"2025-12-05T20:52:08","guid":{"rendered":"https:\/\/www.europesays.com\/pt\/177077\/"},"modified":"2025-12-05T20:52:08","modified_gmt":"2025-12-05T20:52:08","slug":"dois-feridos-em-colisao-no-local-onde-mae-e-filha-morreram-na-a11","status":"publish","type":"post","link":"https:\/\/www.europesays.com\/pt\/177077\/","title":{"rendered":"Dois feridos em colis\u00e3o no local onde m\u00e3e e filha morreram na A11"},"content":{"rendered":"<p data-remotead-prev-elm=\"true\" data-remotead-elm-id=\"inread\">O acidente, registado por volta das 18.30 horas, envolveu duas viaturas e provocou um ferido em estado grave e outro ligeiro. A viol\u00eancia do embate obrigou ao corte total da autoestrada no sentido Braga-Barcelos durante cerca de hora e meia, causando longas filas e perturba\u00e7\u00f5es significativas na circula\u00e7\u00e3o.<\/p>\n<p>Os Bombeiros de Barcelinhos foram rapidamente mobilizados para o local, prestando assist\u00eancia \u00e0s v\u00edtimas, uma delas encarcerada, e garantindo a estabiliza\u00e7\u00e3o do sinistrado grave antes do seu transporte para o hospital.<\/p>\n<p>A ocorr\u00eancia foi registada pela GNR, que investiga agora as circunst\u00e2ncias do acidente.<\/p>\n<p><img decoding=\"async\" class=\"ngx-body\" guid=\"09e9b1a1-c920-4d61-a889-6ce5b55f3794\" src=\"https:\/\/www.europesays.com\/pt\/wp-content\/uploads\/2025\/12\/1764967928_757_image.webp\" width=\"100%\"\/><br \/>Foto: Jos\u00e9 Cunha<\/p>\n","protected":false},"excerpt":{"rendered":"O acidente, registado por volta das 18.30 horas, envolveu duas viaturas e provocou um ferido em estado grave&hellip;\n","protected":false},"author":2,"featured_media":177078,"comment_status":"","ping_status":"","sticky":false,"template":"","format":"standard","meta":{"footnotes":""},"categories":[10],"tags":[1455,27,28,21189,15,16,14,25,26,21,22,12,13,19,20,32,23,24,33,17,18,29,30,31],"class_list":{"0":"post-177077","1":"post","2":"type-post","3":"status-publish","4":"format-standard","5":"has-post-thumbnail","7":"category-portugal","8":"tag-acidentes","9":"tag-breaking-news","10":"tag-breakingnews","11":"tag-concelho-barcelos","12":"tag-featured-news","13":"tag-featurednews","14":"tag-headlines","15":"tag-latest-news","16":"tag-latestnews","17":"tag-main-news","18":"tag-mainnews","19":"tag-news","20":"tag-noticias","21":"tag-noticias-principais","22":"tag-noticiasprincipais","23":"tag-portugal","24":"tag-principais-noticias","25":"tag-principaisnoticias","26":"tag-pt","27":"tag-top-stories","28":"tag-topstories","29":"tag-ultimas","30":"tag-ultimas-noticias","31":"tag-ultimasnoticias"},"share_on_mastodon":{"url":"https:\/\/pubeurope.com\/@pt\/115668945855435748","error":""},"_links":{"self":[{"href":"https:\/\/www.europesays.com\/pt\/wp-json\/wp\/v2\/posts\/177077","targetHints":{"allow":["GET"]}}],"collection":[{"href":"https:\/\/www.europesays.com\/pt\/wp-json\/wp\/v2\/posts"}],"about":[{"href":"https:\/\/www.europesays.com\/pt\/wp-json\/wp\/v2\/types\/post"}],"author":[{"embeddable":true,"href":"https:\/\/www.europesays.com\/pt\/wp-json\/wp\/v2\/users\/2"}],"replies":[{"embeddable":true,"href":"https:\/\/www.europesays.com\/pt\/wp-json\/wp\/v2\/comments?post=177077"}],"version-history":[{"count":0,"href":"https:\/\/www.europesays.com\/pt\/wp-json\/wp\/v2\/posts\/177077\/revisions"}],"wp:featuredmedia":[{"embeddable":true,"href":"https:\/\/www.europesays.com\/pt\/wp-json\/wp\/v2\/media\/177078"}],"wp:attachment":[{"href":"https:\/\/www.europesays.com\/pt\/wp-json\/wp\/v2\/media?parent=177077"}],"wp:term":[{"taxonomy":"category","embeddable":true,"href":"https:\/\/www.europesays.com\/pt\/wp-json\/wp\/v2\/categories?post=177077"},{"taxonomy":"post_tag","embeddable":true,"href":"https:\/\/www.europesays.com\/pt\/wp-json\/wp\/v2\/tags?post=177077"}],"curies":[{"name":"wp","href":"https:\/\/api.w.org\/{rel}","templated":true}]}}