{"id":177079,"date":"2025-12-05T20:53:08","date_gmt":"2025-12-05T20:53:08","guid":{"rendered":"https:\/\/www.europesays.com\/pt\/177079\/"},"modified":"2025-12-05T20:53:08","modified_gmt":"2025-12-05T20:53:08","slug":"mundial-2026-azar-e-sorte-para-portugal-com-muitas-estreias-no-caminho-da-selecao","status":"publish","type":"post","link":"https:\/\/www.europesays.com\/pt\/177079\/","title":{"rendered":"Mundial 2026: azar e sorte para Portugal com muitas estreias no caminho da Sele\u00e7\u00e3o"},"content":{"rendered":"<p>\t                Nomes conhecidos, outros nem tantos e estreias em fartura para Portugal<\/p>\n<p style=\"text-align:justify; margin-bottom:11px\">Havia 12 equipas e dificilmente podia ter corrido pior no pote 2 para Portugal, que foi a pen\u00faltima sele\u00e7\u00e3o a sair no sorteio do Mundial de 2026, ficando no grupo K.<\/p>\n<p>\u00c0 medida que iam saindo umas mais dif\u00edceis \u2013 de Marrocos, que nos eliminou em 2022, j\u00e1 nos t\u00ednhamos livrado -, os nomes de Cro\u00e1cia e Col\u00f4mbia iam ficando para tr\u00e1s.<\/p>\n<p>E acabaram por ser os colombianos a calhar-nos na rifa, num confronto que \u00e9 in\u00e9dito e que marca uma estreia para as duas equipas, que nunca se defrontaram de forma oficial ou amig\u00e1vel.<\/p>\n<p>Sorte depois no pote 3, onde saiu o Uzbequist\u00e3o, um dos quatro estreantes no Mundial que a\u00ed vem. Quando tudo parecia apontar para nova fava e a Noruega no caminho, saiu a sele\u00e7\u00e3o asi\u00e1tica a Portugal, naquela que \u00e9 mais uma estreia para a Sele\u00e7\u00e3o portuguesa.<\/p>\n<p>Quanto ao terceiro advers\u00e1rio, Portugal ter\u00e1 de esperar ainda uns meses para saber, mas \u00e9 mais uma estreia a caminho. O advers\u00e1rio ser\u00e1 definido atrav\u00e9s de play-off, com Jamaica e Nova Caled\u00f3nia a jogarem entre si e o vencedor desse encontro a defrontar a Rep\u00fablica Democr\u00e1tica do Congo. O vencedor desse jogo final ser\u00e1 advers\u00e1rio de Portugal no Mundial.<\/p>\n","protected":false},"excerpt":{"rendered":"Nomes conhecidos, outros nem tantos e estreias em fartura para Portugal Havia 12 equipas e dificilmente podia ter&hellip;\n","protected":false},"author":2,"featured_media":177080,"comment_status":"","ping_status":"","sticky":false,"template":"","format":"standard","meta":{"footnotes":""},"categories":[8],"tags":[609,836,611,27,28,607,608,8292,333,832,604,135,610,476,15,16,301,830,14,603,25,26,570,21,22,831,833,62,834,12,13,19,20,835,602,52,32,23,24,33,36649,4338,33603,17,18,29,30,31,25174],"class_list":{"0":"post-177079","1":"post","2":"type-post","3":"status-publish","4":"format-standard","5":"has-post-thumbnail","7":"category-principais-noticias","8":"tag-alerta","9":"tag-analise","10":"tag-ao-minuto","11":"tag-breaking-news","12":"tag-breakingnews","13":"tag-cnn","14":"tag-cnn-portugal","15":"tag-colombia","16":"tag-comentadores","17":"tag-costa","18":"tag-crime","19":"tag-desporto","20":"tag-direto","21":"tag-economia","22":"tag-featured-news","23":"tag-featurednews","24":"tag-governo","25":"tag-guerra","26":"tag-headlines","27":"tag-justica","28":"tag-latest-news","29":"tag-latestnews","30":"tag-live","31":"tag-main-news","32":"tag-mainnews","33":"tag-mais-vistas","34":"tag-marcelo","35":"tag-mundo","36":"tag-negocios","37":"tag-news","38":"tag-noticias","39":"tag-noticias-principais","40":"tag-noticiasprincipais","41":"tag-opiniao","42":"tag-pais","43":"tag-politica","44":"tag-portugal","45":"tag-principais-noticias","46":"tag-principaisnoticias","47":"tag-pt","48":"tag-quem-calhou-a-portugal-no-mundial","49":"tag-selecao","50":"tag-sorteio-mundial-2026","51":"tag-top-stories","52":"tag-topstories","53":"tag-ultimas","54":"tag-ultimas-noticias","55":"tag-ultimasnoticias","56":"tag-uzbequistao"},"share_on_mastodon":{"url":"","error":"Validation failed: Text character limit of 500 exceeded"},"_links":{"self":[{"href":"https:\/\/www.europesays.com\/pt\/wp-json\/wp\/v2\/posts\/177079","targetHints":{"allow":["GET"]}}],"collection":[{"href":"https:\/\/www.europesays.com\/pt\/wp-json\/wp\/v2\/posts"}],"about":[{"href":"https:\/\/www.europesays.com\/pt\/wp-json\/wp\/v2\/types\/post"}],"author":[{"embeddable":true,"href":"https:\/\/www.europesays.com\/pt\/wp-json\/wp\/v2\/users\/2"}],"replies":[{"embeddable":true,"href":"https:\/\/www.europesays.com\/pt\/wp-json\/wp\/v2\/comments?post=177079"}],"version-history":[{"count":0,"href":"https:\/\/www.europesays.com\/pt\/wp-json\/wp\/v2\/posts\/177079\/revisions"}],"wp:featuredmedia":[{"embeddable":true,"href":"https:\/\/www.europesays.com\/pt\/wp-json\/wp\/v2\/media\/177080"}],"wp:attachment":[{"href":"https:\/\/www.europesays.com\/pt\/wp-json\/wp\/v2\/media?parent=177079"}],"wp:term":[{"taxonomy":"category","embeddable":true,"href":"https:\/\/www.europesays.com\/pt\/wp-json\/wp\/v2\/categories?post=177079"},{"taxonomy":"post_tag","embeddable":true,"href":"https:\/\/www.europesays.com\/pt\/wp-json\/wp\/v2\/tags?post=177079"}],"curies":[{"name":"wp","href":"https:\/\/api.w.org\/{rel}","templated":true}]}}