{"id":177081,"date":"2025-12-05T20:54:08","date_gmt":"2025-12-05T20:54:08","guid":{"rendered":"https:\/\/www.europesays.com\/pt\/177081\/"},"modified":"2025-12-05T20:54:08","modified_gmt":"2025-12-05T20:54:08","slug":"secret-story-acompanhado-dylan-partilha-novidade-vao-ter-uma-surpresa","status":"publish","type":"post","link":"https:\/\/www.europesays.com\/pt\/177081\/","title":{"rendered":"Secret Story&#8221;. Acompanhado, Dylan partilha novidade: &#8220;V\u00e3o ter uma surpresa"},"content":{"rendered":"<p><a href=\"https:\/\/selfie.iol.pt\/famosos\/dylan-fonte\/secret-story-dylan-agradece-a-conhecido-apresentador-veja-a-imagem\/20251205\/6932b21dd34e3caad84c0c2d\" target=\"_blank\" rel=\"nofollow noopener\">Dylan Fonte aproveitou o facto de se encontrar em Lisboa<\/a>\u00a0para ir dar uma corrida matinal com o amigo Bruno Sim\u00e3o, na manh\u00e3 desta sexta-feira, dia 5.<\/p>\n<p>&#8220;Vamos dar uma corrida matinal para come\u00e7ar a entrar na normalidade do dia a dia&#8221;, come\u00e7ou por dizer o ex-concorrente do &#8220;Secret Story&#8221;, da TVI.<\/p>\n<p>&#8220;Sigam a\u00ed, porque logo v\u00e3o ter uma surpresa feita por n\u00f3s&#8221;, prometeu o jovem.<\/p>\n<p>&#8220;Vai sair uma coisa porreirinha&#8221;, adiantou, ainda, Dylan Fonte.<\/p>\n<p>Veja, agora, o v\u00eddeo.<\/p>\n","protected":false},"excerpt":{"rendered":"Dylan Fonte aproveitou o facto de se encontrar em Lisboa\u00a0para ir dar uma corrida matinal com o amigo&hellip;\n","protected":false},"author":2,"featured_media":177082,"comment_status":"","ping_status":"","sticky":false,"template":"","format":"standard","meta":{"footnotes":""},"categories":[145],"tags":[19139,211,210,19105,114,115,980,1015,619,32,33,1014,548,1315,1012,162],"class_list":{"0":"post-177081","1":"post","2":"type-post","3":"status-publish","4":"format-standard","5":"has-post-thumbnail","7":"category-celebridades","8":"tag-bruno-simao","9":"tag-celebridades","10":"tag-celebrities","11":"tag-dylan","12":"tag-entertainment","13":"tag-entretenimento","14":"tag-famosos","15":"tag-instagram","16":"tag-nacional","17":"tag-portugal","18":"tag-pt","19":"tag-reality-show","20":"tag-redes-sociais","21":"tag-secret-story","22":"tag-selfie","23":"tag-tvi"},"share_on_mastodon":{"url":"https:\/\/pubeurope.com\/@pt\/115668953532185304","error":""},"_links":{"self":[{"href":"https:\/\/www.europesays.com\/pt\/wp-json\/wp\/v2\/posts\/177081","targetHints":{"allow":["GET"]}}],"collection":[{"href":"https:\/\/www.europesays.com\/pt\/wp-json\/wp\/v2\/posts"}],"about":[{"href":"https:\/\/www.europesays.com\/pt\/wp-json\/wp\/v2\/types\/post"}],"author":[{"embeddable":true,"href":"https:\/\/www.europesays.com\/pt\/wp-json\/wp\/v2\/users\/2"}],"replies":[{"embeddable":true,"href":"https:\/\/www.europesays.com\/pt\/wp-json\/wp\/v2\/comments?post=177081"}],"version-history":[{"count":0,"href":"https:\/\/www.europesays.com\/pt\/wp-json\/wp\/v2\/posts\/177081\/revisions"}],"wp:featuredmedia":[{"embeddable":true,"href":"https:\/\/www.europesays.com\/pt\/wp-json\/wp\/v2\/media\/177082"}],"wp:attachment":[{"href":"https:\/\/www.europesays.com\/pt\/wp-json\/wp\/v2\/media?parent=177081"}],"wp:term":[{"taxonomy":"category","embeddable":true,"href":"https:\/\/www.europesays.com\/pt\/wp-json\/wp\/v2\/categories?post=177081"},{"taxonomy":"post_tag","embeddable":true,"href":"https:\/\/www.europesays.com\/pt\/wp-json\/wp\/v2\/tags?post=177081"}],"curies":[{"name":"wp","href":"https:\/\/api.w.org\/{rel}","templated":true}]}}