{"id":177088,"date":"2025-12-05T21:00:08","date_gmt":"2025-12-05T21:00:08","guid":{"rendered":"https:\/\/www.europesays.com\/pt\/177088\/"},"modified":"2025-12-05T21:00:08","modified_gmt":"2025-12-05T21:00:08","slug":"acompanhe-aqui-o-sorteio-do-mundial-2026","status":"publish","type":"post","link":"https:\/\/www.europesays.com\/pt\/177088\/","title":{"rendered":"Acompanhe aqui o sorteio do Mundial 2026"},"content":{"rendered":"<p>O presidente dos Estados Unidos, Donald Trump, subiu ao palco para receber o pr\u00e9mio da paz da FIFA, atribu\u00eddo pelo presidente da entidade que tutela o futebol mundial, Gianni Infantino. <\/p>\n<p>Tamb\u00e9m recebeu um certificado e uma medalha. &#8220;Vou us\u00e1-la j\u00e1&#8221;, disse Trump, antes de meter a medalha ao pesco\u00e7o.<\/p>\n<p>&#8220;\u00c9 uma das maiores honras da minha vida&#8221;, afirmou o l\u00edder da Casa Branca, puxando dos gal\u00f5es para falar dos esfor\u00e7os que levou a cabo para terminar guerras em todo o mundo.<\/p>\n","protected":false},"excerpt":{"rendered":"O presidente dos Estados Unidos, Donald Trump, subiu ao palco para receber o pr\u00e9mio da paz da FIFA,&hellip;\n","protected":false},"author":2,"featured_media":177089,"comment_status":"","ping_status":"","sticky":false,"template":"","format":"standard","meta":{"footnotes":""},"categories":[87],"tags":[135,12632,32,33,6114,134],"class_list":{"0":"post-177088","1":"post","2":"type-post","3":"status-publish","4":"format-standard","5":"has-post-thumbnail","7":"category-desporto","8":"tag-desporto","9":"tag-mundial-2026","10":"tag-portugal","11":"tag-pt","12":"tag-sorteio","13":"tag-sports"},"share_on_mastodon":{"url":"https:\/\/pubeurope.com\/@pt\/115668977110232192","error":""},"_links":{"self":[{"href":"https:\/\/www.europesays.com\/pt\/wp-json\/wp\/v2\/posts\/177088","targetHints":{"allow":["GET"]}}],"collection":[{"href":"https:\/\/www.europesays.com\/pt\/wp-json\/wp\/v2\/posts"}],"about":[{"href":"https:\/\/www.europesays.com\/pt\/wp-json\/wp\/v2\/types\/post"}],"author":[{"embeddable":true,"href":"https:\/\/www.europesays.com\/pt\/wp-json\/wp\/v2\/users\/2"}],"replies":[{"embeddable":true,"href":"https:\/\/www.europesays.com\/pt\/wp-json\/wp\/v2\/comments?post=177088"}],"version-history":[{"count":0,"href":"https:\/\/www.europesays.com\/pt\/wp-json\/wp\/v2\/posts\/177088\/revisions"}],"wp:featuredmedia":[{"embeddable":true,"href":"https:\/\/www.europesays.com\/pt\/wp-json\/wp\/v2\/media\/177089"}],"wp:attachment":[{"href":"https:\/\/www.europesays.com\/pt\/wp-json\/wp\/v2\/media?parent=177088"}],"wp:term":[{"taxonomy":"category","embeddable":true,"href":"https:\/\/www.europesays.com\/pt\/wp-json\/wp\/v2\/categories?post=177088"},{"taxonomy":"post_tag","embeddable":true,"href":"https:\/\/www.europesays.com\/pt\/wp-json\/wp\/v2\/tags?post=177088"}],"curies":[{"name":"wp","href":"https:\/\/api.w.org\/{rel}","templated":true}]}}