{"id":177090,"date":"2025-12-05T21:03:09","date_gmt":"2025-12-05T21:03:09","guid":{"rendered":"https:\/\/www.europesays.com\/pt\/177090\/"},"modified":"2025-12-05T21:03:09","modified_gmt":"2025-12-05T21:03:09","slug":"depois-de-saber-isto-nunca-mais-vai-olhar-para-o-seu-umbigo-da-mesma-forma-noticias-de-coimbra","status":"publish","type":"post","link":"https:\/\/www.europesays.com\/pt\/177090\/","title":{"rendered":"Depois de saber isto, nunca mais vai olhar para o seu umbigo da mesma forma \u2013 Not\u00edcias de Coimbra"},"content":{"rendered":"<p><strong>Todos os anos, milhares de pessoas recorrem ao Google para fazer a mesma pergunta: \u201cPorque \u00e9 que o meu umbigo cheira mal?\u201d A resposta, segundo especialistas e investigadores, \u00e9 simples \u2014 bact\u00e9rias \u2014 mas a ci\u00eancia por detr\u00e1s deste fen\u00f3meno revela muito mais sobre o corpo humano do que se imagina.<\/strong><\/p>\n<p>O umbigo \u00e9 um microambiente quente, h\u00famido e fechado, condi\u00e7\u00f5es ideais para a prolifera\u00e7\u00e3o de micr\u00f3bios. Alimentam-se de c\u00e9lulas mortas da pele, \u00f3leos e suor, libertando compostos vol\u00e1teis respons\u00e1veis pelo odor. Uma vez que os humanos evolu\u00edram para identificar rapidamente cheiros associados \u00e0 decomposi\u00e7\u00e3o ou infe\u00e7\u00e3o, estes odores tornam-se particularmente evidentes.<\/p>\n<p>PUBLICIDADE<\/p>\n<p>\t\t\t\t\t\t<a class=\"publicidade-imagem d-flex justify-content-center\" href=\"https:\/\/www.facebook.com\/ufcoimbra\" rel=\"nofollow noopener\" target=\"_blank\"><br \/>\n\t\t\t\t\t\t  <img loading=\"lazy\" width=\"980\" height=\"350\" decoding=\"async\" src=\"https:\/\/www.europesays.com\/pt\/wp-content\/uploads\/2025\/11\/NATALCOIMBRA-2025.jpg\" alt=\"publicidade\" class=\"img-fluid\"\/><br \/>\n\t\t\t\t\t\t<\/a><\/p>\n<p>Um estudo pioneiro sobre o microbioma do umbigo, conduzido por investigadores da Universidade Estadual da Carolina do Norte, demonstrou a impressionante diversidade biol\u00f3gica presente nesta pequena zona do corpo. Ao analisarem 60 amostras recolhidas em festivais de ci\u00eancia nos EUA, os cientistas identificaram mais de 2300 esp\u00e9cies bacterianas, das quais cerca de 1400 poder\u00e3o ser completamente novas para a ci\u00eancia, segundo noticiou a <a href=\"https:\/\/education.nationalgeographic.org\/resource\/belly-button-biodiversity\/\" rel=\"nofollow noopener\" target=\"_blank\">National Geographic.<\/a><\/p>\n<p>A diversidade era t\u00e3o grande que alguns participantes apresentavam bact\u00e9rias extremamente raras, incluindo uma esp\u00e9cie previamente encontrada apenas em solo japon\u00eas \u2014 isto apesar de a pessoa em quest\u00e3o nunca ter viajado para o estrangeiro.<\/p>\n<p>Na maioria dos casos, o odor do umbigo \u00e9 inofensivo e pode ser resolvido com lavagem regular com \u00e1gua morna e sab\u00e3o, seguida de uma secagem completa.<\/p>\n<p>No entanto, mesmo um umbigo bem higienizado pode, por vezes, esconder surpresas. Os m\u00e9dicos alertam para os onfalolitos \u2014 massas escuras e endurecidas compostas por pele morta, pelos e sebo. Embora n\u00e3o representem perigo, precisam de ser removidos para evitar irrita\u00e7\u00e3o e persist\u00eancia do odor.<\/p>\n<p>J\u00e1 odor persistente, dor ou corrimento podem ser sinais de problemas m\u00e9dicos. Entre os mais comuns est\u00e3o:<\/p>\n<ul class=\"wp-block-list\">\n<li><strong>Infe\u00e7\u00f5es f\u00fangicas<\/strong>, muitas vezes provocadas por crescimento excessivo de Candida, facilmente trat\u00e1veis com cremes antif\u00fangicos.<\/li>\n<li><strong>Quistos<\/strong>, que podem variar entre quistos benignos resultantes de c\u00e9lulas da pele aprisionadas e quistos uracais \u2014 raros remanescentes da anatomia fetal que podem produzir l\u00edquido.<\/li>\n<li\/><\/ul>\n<p>Profissionais de sa\u00fade refor\u00e7am que a melhor forma de evitar o mau cheiro \u00e9 tamb\u00e9m a mais b\u00e1sica:<br \/>lavar regularmente o umbigo e garantir que fica completamente seco.<\/p>\n<p>Num dos microambientes mais negligenciados do corpo humano, a preven\u00e7\u00e3o continua a ser a estrat\u00e9gia mais eficaz para manter o equil\u00edbrio \u2014 e o cheiro \u2014 sob controlo.<\/p>\n","protected":false},"excerpt":{"rendered":"Todos os anos, milhares de pessoas recorrem ao Google para fazer a mesma pergunta: \u201cPorque \u00e9 que o&hellip;\n","protected":false},"author":2,"featured_media":177091,"comment_status":"","ping_status":"","sticky":false,"template":"","format":"standard","meta":{"footnotes":""},"categories":[84],"tags":[109,107,108,32,33,105,103,104,106,110],"class_list":{"0":"post-177090","1":"post","2":"type-post","3":"status-publish","4":"format-standard","5":"has-post-thumbnail","7":"category-ciencia-e-tecnologia","8":"tag-ciencia","9":"tag-ciencia-e-tecnologia","10":"tag-cienciaetecnologia","11":"tag-portugal","12":"tag-pt","13":"tag-science","14":"tag-science-and-technology","15":"tag-scienceandtechnology","16":"tag-technology","17":"tag-tecnologia"},"share_on_mastodon":{"url":"https:\/\/pubeurope.com\/@pt\/115668989251926670","error":""},"_links":{"self":[{"href":"https:\/\/www.europesays.com\/pt\/wp-json\/wp\/v2\/posts\/177090","targetHints":{"allow":["GET"]}}],"collection":[{"href":"https:\/\/www.europesays.com\/pt\/wp-json\/wp\/v2\/posts"}],"about":[{"href":"https:\/\/www.europesays.com\/pt\/wp-json\/wp\/v2\/types\/post"}],"author":[{"embeddable":true,"href":"https:\/\/www.europesays.com\/pt\/wp-json\/wp\/v2\/users\/2"}],"replies":[{"embeddable":true,"href":"https:\/\/www.europesays.com\/pt\/wp-json\/wp\/v2\/comments?post=177090"}],"version-history":[{"count":0,"href":"https:\/\/www.europesays.com\/pt\/wp-json\/wp\/v2\/posts\/177090\/revisions"}],"wp:featuredmedia":[{"embeddable":true,"href":"https:\/\/www.europesays.com\/pt\/wp-json\/wp\/v2\/media\/177091"}],"wp:attachment":[{"href":"https:\/\/www.europesays.com\/pt\/wp-json\/wp\/v2\/media?parent=177090"}],"wp:term":[{"taxonomy":"category","embeddable":true,"href":"https:\/\/www.europesays.com\/pt\/wp-json\/wp\/v2\/categories?post=177090"},{"taxonomy":"post_tag","embeddable":true,"href":"https:\/\/www.europesays.com\/pt\/wp-json\/wp\/v2\/tags?post=177090"}],"curies":[{"name":"wp","href":"https:\/\/api.w.org\/{rel}","templated":true}]}}