{"id":177094,"date":"2025-12-05T21:06:20","date_gmt":"2025-12-05T21:06:20","guid":{"rendered":"https:\/\/www.europesays.com\/pt\/177094\/"},"modified":"2025-12-05T21:06:20","modified_gmt":"2025-12-05T21:06:20","slug":"psp-detem-homem-por-violar-mulher-em-frente-dos-filhos-observador","status":"publish","type":"post","link":"https:\/\/www.europesays.com\/pt\/177094\/","title":{"rendered":"PSP det\u00e9m homem por violar mulher em frente dos filhos \u2013 Observador"},"content":{"rendered":"<p>A PSP deteve um homem em Porto Salvo (Oeiras) sob alega\u00e7\u00f5es de viol\u00eancia dom\u00e9stica sobre a sua mulher, que, de acordo com o <a href=\"https:\/\/www.cmjornal.pt\/portugal\/detalhe\/detido-por-violar-a-mulher-em-frente-aos-filhos-em-oeiras\" rel=\"nofollow noopener\" target=\"_blank\">Correio da Manh\u00e3<\/a>, <strong>ter\u00e1 ainda violado em frente dos filhos menores<\/strong>. As viola\u00e7\u00f5es ter\u00e3o acontecido por v\u00e1rias vezes na casa da fam\u00edlia, face \u00e0s amea\u00e7as de que iria matar os pr\u00f3prios filhos.<\/p>\n<p>A deten\u00e7\u00e3o ocorreu na quinta-feira, na sequ\u00eancia de um mandato de deten\u00e7\u00e3o do indiv\u00edduo emitido pelo Tribunal de Oeiras, onde j\u00e1 corriam queixas de viol\u00eancia dom\u00e9stica apresentadas pelas v\u00edtimas contra o agressor de 50 anos.<\/p>\n<p>O homem foi j\u00e1 presente a tribunal e sujeito \u00e0 medida de coa\u00e7\u00e3o mais gravosa: <strong>pris\u00e3o preventiva<\/strong>.<\/p>\n<p>Na base do mandado de deten\u00e7\u00e3o ter\u00e3o estado tamb\u00e9m provas recolhidas pela PSP de que o suspeito exercia uma vigil\u00e2ncia constante sobre a mulher, num clima de opress\u00e3o sustentado no controlo das contas banc\u00e1rias, das redes sociais e do telem\u00f3vel.<\/p>\n<p>A mulher do agressor, acrescenta o jornal, chegou a ser expulsa de casa em diversas ocasi\u00f5es, ap\u00f3s agress\u00f5es f\u00edsicas e psicol\u00f3gicas, sendo impedida de voltar \u00e0 resid\u00eancia por per\u00edodos relativamente prolongados.<\/p>\n","protected":false},"excerpt":{"rendered":"A PSP deteve um homem em Porto Salvo (Oeiras) sob alega\u00e7\u00f5es de viol\u00eancia dom\u00e9stica sobre a sua mulher,&hellip;\n","protected":false},"author":2,"featured_media":105354,"comment_status":"","ping_status":"","sticky":false,"template":"","format":"standard","meta":{"footnotes":""},"categories":[10],"tags":[27,28,15,16,14,25,26,21,22,12,13,19,20,2003,32,23,24,1306,33,2004,58,17,18,29,30,31],"class_list":{"0":"post-177094","1":"post","2":"type-post","3":"status-publish","4":"format-standard","5":"has-post-thumbnail","7":"category-portugal","8":"tag-breaking-news","9":"tag-breakingnews","10":"tag-featured-news","11":"tag-featurednews","12":"tag-headlines","13":"tag-latest-news","14":"tag-latestnews","15":"tag-main-news","16":"tag-mainnews","17":"tag-news","18":"tag-noticias","19":"tag-noticias-principais","20":"tag-noticiasprincipais","21":"tag-polu00edcia","22":"tag-portugal","23":"tag-principais-noticias","24":"tag-principaisnoticias","25":"tag-psp","26":"tag-pt","27":"tag-seguranu00e7a","28":"tag-sociedade","29":"tag-top-stories","30":"tag-topstories","31":"tag-ultimas","32":"tag-ultimas-noticias","33":"tag-ultimasnoticias"},"share_on_mastodon":{"url":"https:\/\/pubeurope.com\/@pt\/115669000725396979","error":""},"_links":{"self":[{"href":"https:\/\/www.europesays.com\/pt\/wp-json\/wp\/v2\/posts\/177094","targetHints":{"allow":["GET"]}}],"collection":[{"href":"https:\/\/www.europesays.com\/pt\/wp-json\/wp\/v2\/posts"}],"about":[{"href":"https:\/\/www.europesays.com\/pt\/wp-json\/wp\/v2\/types\/post"}],"author":[{"embeddable":true,"href":"https:\/\/www.europesays.com\/pt\/wp-json\/wp\/v2\/users\/2"}],"replies":[{"embeddable":true,"href":"https:\/\/www.europesays.com\/pt\/wp-json\/wp\/v2\/comments?post=177094"}],"version-history":[{"count":0,"href":"https:\/\/www.europesays.com\/pt\/wp-json\/wp\/v2\/posts\/177094\/revisions"}],"wp:featuredmedia":[{"embeddable":true,"href":"https:\/\/www.europesays.com\/pt\/wp-json\/wp\/v2\/media\/105354"}],"wp:attachment":[{"href":"https:\/\/www.europesays.com\/pt\/wp-json\/wp\/v2\/media?parent=177094"}],"wp:term":[{"taxonomy":"category","embeddable":true,"href":"https:\/\/www.europesays.com\/pt\/wp-json\/wp\/v2\/categories?post=177094"},{"taxonomy":"post_tag","embeddable":true,"href":"https:\/\/www.europesays.com\/pt\/wp-json\/wp\/v2\/tags?post=177094"}],"curies":[{"name":"wp","href":"https:\/\/api.w.org\/{rel}","templated":true}]}}