{"id":177098,"date":"2025-12-05T21:13:16","date_gmt":"2025-12-05T21:13:16","guid":{"rendered":"https:\/\/www.europesays.com\/pt\/177098\/"},"modified":"2025-12-05T21:13:16","modified_gmt":"2025-12-05T21:13:16","slug":"voz-embargada-e-muita-emocao-pedro-arrisca-tudo-e-emociona-se-ao-falar-de-marisa-em-frente-a-leandro-secret-story","status":"publish","type":"post","link":"https:\/\/www.europesays.com\/pt\/177098\/","title":{"rendered":"Voz embargada e muita emo\u00e7\u00e3o: Pedro arrisca tudo e emociona-se ao falar de Marisa em frente a Leandro &#8211; Secret Story"},"content":{"rendered":"<p style=\"margin-bottom:11px\">Numa semana em que muito se tem debatido dentro da casa, sobre uma poss\u00edvel liga\u00e7\u00e3o entre o casal, <strong>Pedro j\u00e1 n\u00e3o esconde a admira\u00e7\u00e3o e o amor que sente por Marisa<\/strong>. Num almo\u00e7o especial do <strong>Gangue dos Frescos<\/strong>, na passada quinta-feira, Dia 4 de dezembro <a href=\"https:\/\/tvi.iol.pt\/secretstory\/videos\/emocionado-pedro-declara-se-a-mulher-a-frente-de-leandro-o-que-eu-mais-gosto-da-marisa\/6931add10cf2c7eb2444627e\" rel=\"nofollow noopener\" target=\"_blank\">Pedro declara-se \u00e0 mulher e fica emocionado mesmo em frente de Leandro<\/a>.<\/p>\n<p>Enquanto comiam, foram desafiados pela Voz, <strong>a responder \u00e0s v\u00e1rias perguntas que se encontravam dentro de uma caixa.<\/strong><\/p>\n<p>Foi nesse momento que<strong> Pedro abriu o cora\u00e7\u00e3o e, com voz embargada, contou todas as qualidades da mulher<\/strong>: \u00abO que eu mais gosto na Marisa \u00e9 o sorriso, \u00e9 a anima\u00e7\u00e3o, \u00e9 a sinceridade que ela demonstra todos os dias.\u00bb<\/p>\n<p>\u00abPor mais que as pessoas n\u00e3o vejam isso e por mais que digam que ela \u00e9 falsa, a sinceridade acima de tudo e a forma bonita dela ver as coisas \u00e9 especial. \u00c9 s\u00f3 isso\u00bb, acrescentou o concorrente com voz embargada.<\/p>\n<p><strong>Enquanto ouvia o marido, Marisa n\u00e3o conseguiu parar de sorrir.<\/strong><\/p>\n<p><strong>Veja o momento:<\/strong><\/p>\n","protected":false},"excerpt":{"rendered":"Numa semana em que muito se tem debatido dentro da casa, sobre uma poss\u00edvel liga\u00e7\u00e3o entre o casal,&hellip;\n","protected":false},"author":2,"featured_media":177099,"comment_status":"","ping_status":"","sticky":false,"template":"","format":"standard","meta":{"footnotes":""},"categories":[142],"tags":[8113,2632,329,333,328,335,336,114,115,334,330,12397,1326,338,19184,19019,13,14646,32,33,1315,8174,151,162,19020,227],"class_list":{"0":"post-177098","1":"post","2":"type-post","3":"status-publish","4":"format-standard","5":"has-post-thumbnail","7":"category-tv","8":"tag-alice-alves","9":"tag-casa-dos-segredos","10":"tag-claudio-ramos","11":"tag-comentadores","12":"tag-concorrentes","13":"tag-confrontos","14":"tag-discussoes","15":"tag-entertainment","16":"tag-entretenimento","17":"tag-exclusivos","18":"tag-gala","19":"tag-leandro","20":"tag-mafalda-castro","21":"tag-maria-botelho-moniz","22":"tag-marisa","23":"tag-marta-cardoso","24":"tag-noticias","25":"tag-pedro","26":"tag-portugal","27":"tag-pt","28":"tag-secret-story","29":"tag-segredos","30":"tag-tv","31":"tag-tvi","32":"tag-video-do-dia","33":"tag-videos"},"share_on_mastodon":{"url":"https:\/\/pubeurope.com\/@pt\/115669028267618851","error":""},"_links":{"self":[{"href":"https:\/\/www.europesays.com\/pt\/wp-json\/wp\/v2\/posts\/177098","targetHints":{"allow":["GET"]}}],"collection":[{"href":"https:\/\/www.europesays.com\/pt\/wp-json\/wp\/v2\/posts"}],"about":[{"href":"https:\/\/www.europesays.com\/pt\/wp-json\/wp\/v2\/types\/post"}],"author":[{"embeddable":true,"href":"https:\/\/www.europesays.com\/pt\/wp-json\/wp\/v2\/users\/2"}],"replies":[{"embeddable":true,"href":"https:\/\/www.europesays.com\/pt\/wp-json\/wp\/v2\/comments?post=177098"}],"version-history":[{"count":0,"href":"https:\/\/www.europesays.com\/pt\/wp-json\/wp\/v2\/posts\/177098\/revisions"}],"wp:featuredmedia":[{"embeddable":true,"href":"https:\/\/www.europesays.com\/pt\/wp-json\/wp\/v2\/media\/177099"}],"wp:attachment":[{"href":"https:\/\/www.europesays.com\/pt\/wp-json\/wp\/v2\/media?parent=177098"}],"wp:term":[{"taxonomy":"category","embeddable":true,"href":"https:\/\/www.europesays.com\/pt\/wp-json\/wp\/v2\/categories?post=177098"},{"taxonomy":"post_tag","embeddable":true,"href":"https:\/\/www.europesays.com\/pt\/wp-json\/wp\/v2\/tags?post=177098"}],"curies":[{"name":"wp","href":"https:\/\/api.w.org\/{rel}","templated":true}]}}