{"id":177106,"date":"2025-12-05T21:22:08","date_gmt":"2025-12-05T21:22:08","guid":{"rendered":"https:\/\/www.europesays.com\/pt\/177106\/"},"modified":"2025-12-05T21:22:08","modified_gmt":"2025-12-05T21:22:08","slug":"daniel-adriao-ve-confirmada-expulsao-do-ps-mas-avanca-para-o-tribunal-constitucional","status":"publish","type":"post","link":"https:\/\/www.europesays.com\/pt\/177106\/","title":{"rendered":"Daniel Adri\u00e3o v\u00ea confirmada expuls\u00e3o do PS, mas avan\u00e7a para o Tribunal Constitucional"},"content":{"rendered":"<p>A Comiss\u00e3o Nacional de Jurisdi\u00e7\u00e3o (CNJ) do PS enviou uma notifica\u00e7\u00e3o a v\u00e1rios elementos do partido a confirmar decis\u00f5es de expuls\u00e3o. Daniel Adri\u00e3o, ex-candidato \u00e0 lideran\u00e7a do partido por quatro vezes, recebeu a missiva, que tem data a 14 de novembro. <strong>Como tal, o antigo candidato a secret\u00e1rio-geral j\u00e1 n\u00e3o \u00e9 militante do partido.<\/strong><\/p>\n<p>Em causa est\u00e1 a candidatura de Daniel Adri\u00e3o \u00e0 presid\u00eancia da freguesia de S. Vicente, em Lisboa, de forma independente, concorrendo diretamente contra o candidado do partido pelo qual era militante.<\/p>\n<p>Segundo a CNJ, &#8220;integrar uma lista contr\u00e1ria \u00e0 apresentada pelo PS ou \u00e0s orienta\u00e7\u00f5es definidas pelos \u00f3rg\u00e3os competentes do partido&#8221; \u00e9 <strong>considerada uma &#8220;infra\u00e7\u00e3o disciplinar, qualificada como falta grave&#8221;, o que deu direito \u00e0 expuls\u00e3o. Na missiva, lamenta-se &#8220;a confronta\u00e7\u00e3o gratuita&#8221; nas \u00faltimas aut\u00e1rquicas. Recorde-se que a escolha recaiu em Andr\u00e9 Biveti, que venceu as elei\u00e7\u00f5es na freguesia<\/strong>, apesar de Daniel Adri\u00e3o ter sempre afirmado que o seu nome fora bem acolhido ainda com Pedro Nuno Santos, e depois Jos\u00e9 Lu\u00eds Carneiro, ao leme do PS.<\/p>\n<p>Ao DN, admite que vai recorrer para o Tribunal Constitucional. &#8220;N\u00e3o responde \u00e0 quest\u00e3o essencial levantada no meu recurso, no caso o incumprimento da norma estatut\u00e1ria relativa \u00e0 aprova\u00e7\u00e3o da lista pelo \u00f3rg\u00e3o competente, com poderes para definir a orienta\u00e7\u00e3o do partido. Como poderia eu impugnar um ato que n\u00e3o existiu? N\u00e3o h\u00e1 qualquer base jur\u00eddico-legal&#8230; \u00e9 do dom\u00ednio da fic\u00e7\u00e3o. O Tribunal Constitucional decidir\u00e1 quem tem raz\u00e3o&#8221;, avisou Daniel Adri\u00e3o em conversa com o DN.<\/p>\n<p>No in\u00edcio desta semana, Lu\u00eds Parreir\u00e3o, homem forte do Secretariado Nacional, lembrou que existem &#8220;regras\u201d no PS. <strong>\u201cO partido tem regras, a disciplina tem de ser aplicada. Os militantes sabem que devem apoiar o PS nas elei\u00e7\u00f5es, salvo indica\u00e7\u00f5es de liberdade de voto. Ao quebrarem regras, \u00e9 a vida&#8230;\u201d,<\/strong> tentou clarificar, preferindo n\u00e3o confirmar se existiu mais de uma dezena nesta situa\u00e7\u00e3o em 2025 e adotando, antes, uma postura de diplomacia. \u201cH\u00e1 v\u00e1rias circunst\u00e2ncias, avaliamos se as pessoas que saem mant\u00e9m um ide\u00e1rio socialista. Regressos s\u00e3o sempre pensados caso a caso\u201d, afirma. N\u00e3o respondeu, na altura, no caso concreto de Daniel Adri\u00e3o. <\/p>\n<p>Nessa mesma entrevista, Parreir\u00e3o falou no crescimento de militantes, 6000 em menos de doisanos, colocando o PS acima dos 90 mil filiados. Resta esperar atualiza\u00e7\u00f5es de alguns dissidentes que foram, entretanto, confrontados com decis\u00f5es de expuls\u00e3o.<\/p>\n","protected":false},"excerpt":{"rendered":"A Comiss\u00e3o Nacional de Jurisdi\u00e7\u00e3o (CNJ) do PS enviou uma notifica\u00e7\u00e3o a v\u00e1rios elementos do partido a confirmar&hellip;\n","protected":false},"author":2,"featured_media":97460,"comment_status":"","ping_status":"","sticky":false,"template":"","format":"standard","meta":{"footnotes":""},"categories":[10],"tags":[27,28,23965,15,16,14,36652,25,26,36651,21,22,12,13,19,20,15086,32,23,24,33,17,18,298,29,30,31],"class_list":{"0":"post-177106","1":"post","2":"type-post","3":"status-publish","4":"format-standard","5":"has-post-thumbnail","7":"category-portugal","8":"tag-breaking-news","9":"tag-breakingnews","10":"tag-daniel-adriao","11":"tag-featured-news","12":"tag-featurednews","13":"tag-headlines","14":"tag-junta-de-freguesia-de-sao-vicente","15":"tag-latest-news","16":"tag-latestnews","17":"tag-luis-parreirao","18":"tag-main-news","19":"tag-mainnews","20":"tag-news","21":"tag-noticias","22":"tag-noticias-principais","23":"tag-noticiasprincipais","24":"tag-partido-socialista","25":"tag-portugal","26":"tag-principais-noticias","27":"tag-principaisnoticias","28":"tag-pt","29":"tag-top-stories","30":"tag-topstories","31":"tag-tribunal-constitucional","32":"tag-ultimas","33":"tag-ultimas-noticias","34":"tag-ultimasnoticias"},"share_on_mastodon":{"url":"https:\/\/pubeurope.com\/@pt\/115669063606805303","error":""},"_links":{"self":[{"href":"https:\/\/www.europesays.com\/pt\/wp-json\/wp\/v2\/posts\/177106","targetHints":{"allow":["GET"]}}],"collection":[{"href":"https:\/\/www.europesays.com\/pt\/wp-json\/wp\/v2\/posts"}],"about":[{"href":"https:\/\/www.europesays.com\/pt\/wp-json\/wp\/v2\/types\/post"}],"author":[{"embeddable":true,"href":"https:\/\/www.europesays.com\/pt\/wp-json\/wp\/v2\/users\/2"}],"replies":[{"embeddable":true,"href":"https:\/\/www.europesays.com\/pt\/wp-json\/wp\/v2\/comments?post=177106"}],"version-history":[{"count":0,"href":"https:\/\/www.europesays.com\/pt\/wp-json\/wp\/v2\/posts\/177106\/revisions"}],"wp:featuredmedia":[{"embeddable":true,"href":"https:\/\/www.europesays.com\/pt\/wp-json\/wp\/v2\/media\/97460"}],"wp:attachment":[{"href":"https:\/\/www.europesays.com\/pt\/wp-json\/wp\/v2\/media?parent=177106"}],"wp:term":[{"taxonomy":"category","embeddable":true,"href":"https:\/\/www.europesays.com\/pt\/wp-json\/wp\/v2\/categories?post=177106"},{"taxonomy":"post_tag","embeddable":true,"href":"https:\/\/www.europesays.com\/pt\/wp-json\/wp\/v2\/tags?post=177106"}],"curies":[{"name":"wp","href":"https:\/\/api.w.org\/{rel}","templated":true}]}}