{"id":177109,"date":"2025-12-05T21:26:09","date_gmt":"2025-12-05T21:26:09","guid":{"rendered":"https:\/\/www.europesays.com\/pt\/177109\/"},"modified":"2025-12-05T21:26:09","modified_gmt":"2025-12-05T21:26:09","slug":"filha-de-atriz-da-globo-vitima-de-cancer-ha-10-anos-trocou-brasil-por-portugal","status":"publish","type":"post","link":"https:\/\/www.europesays.com\/pt\/177109\/","title":{"rendered":"Filha de atriz da Globo v\u00edtima de c\u00e2ncer h\u00e1 10 anos trocou Brasil por Portugal"},"content":{"rendered":"<p>Nesta sexta-feira, 5, completam-se 10 anos da morte de <strong>Mar\u00edlia P\u00eara<\/strong> (1943-2015), uma das maiores atrizes brasileiras, v\u00edtima de c\u00e2ncer de pulm\u00e3o aos 72 anos. A despedida ocorreu em casa, no Rio de Janeiro, e o corpo da artista foi velado no Teatro Leblon. A atriz, que teve tr\u00eas filhos, deixou entre eles <a href=\"https:\/\/caras.com.br\/tv\/marilia-pera-completaria-82-anos-hoje-atriz-deixou-legado-para-filha-que-tambem-atua.phtml\" rel=\"nofollow noopener\" target=\"_blank\">uma filha tamb\u00e9m artista<\/a>, que h\u00e1 alguns anos trocou o Brasil por Portugal.<\/p>\n<p>Mar\u00edlia teve uma carreira que passou pelo cinema, teatro e televis\u00e3o: foi atriz, cantora, bailarina, diretora e core\u00f3grafa, com dezenas de pe\u00e7as, filmes e produ\u00e7\u00f5es televisivas no curr\u00edculo, entre elas trabalhos lembrados at\u00e9 hoje, como Pixote, a Lei do Mais Fraco (1980) e Tieta do Agreste (1996) nas telonas e participa\u00e7\u00f5es marcantes em novelas e miniss\u00e9ries da Globo, como Brega e Chique (1987), O Primo Bas\u00edlio (1988), Lua Cheia de Amor (1990) e Cobras e Lagartos (2006).<\/p>\n<p>Al\u00e9m disso, ao longo da vida, recebeu pr\u00eamios nacionais e internacionais e consolidou um legado art\u00edstico que permanece refer\u00eancia para atores e atrizes.<\/p>\n<p> <img loading=\"lazy\" decoding=\"async\" class=\"wp-image-955239 img-fluid lazy\" alt=\"A atriz Mar\u00edlia P\u00eara ao lado da filha, Nina Morena\" width=\"852\" height=\"479\" src=\"https:\/\/www.europesays.com\/pt\/wp-content\/uploads\/2025\/12\/capa-materia-5_mhf8pf6x.png\"\/>A atriz Mar\u00edlia P\u00eara ao lado da filha, Nina Morena \u2013 Reprodu\u00e7\u00e3o\/Globo e Reprodu\u00e7\u00e3o\/Instagram Quem \u00e9 a filha de Mar\u00edlia P\u00eara? <\/p>\n<p>Entre os filhos que Mar\u00edlia deixou est\u00e1 <strong>Nina Morena<\/strong> (45), atriz e dramaturga, fruto do relacionamento da artista com o compositor e produtor <strong>Nelson Motta<\/strong> (81). Nina nasceu em ber\u00e7o art\u00edstico. Estudou em Nova York, nos Estados Unidos, e tem carreira no teatro, cinema e TV, <a href=\"https:\/\/caras.com.br\/tv\/no-ar-em-grande-familia-filha-de-marilia-pera-fala-sobre-comparacoes.phtml\" rel=\"nofollow noopener\" target=\"_blank\">tendo atuado na d\u00e9cada passada<\/a> no seriado da Globo A Grande Fam\u00edlia depois de estrear na miniss\u00e9rie Um S\u00f3 Cora\u00e7\u00e3o (2004). Ao lado da m\u00e3e, chegou a contracenar em montagens teatrais e segue construindo seu pr\u00f3prio caminho nas artes.<\/p>\n<p>Nos \u00faltimos anos, Nina mudou-se para Lisboa, Portugal, onde vive desde 2019 e desenvolve projetos art\u00edsticos. A trajet\u00f3ria portuguesa, por\u00e9m, tamb\u00e9m teve percal\u00e7os: em 2022, a atriz denunciou um calote e epis\u00f3dios de desrespeito ligados a uma produ\u00e7\u00e3o teatral local, repercuss\u00e3o que ganhou manchetes na imprensa brasileira. Mesmo assim, ela segue ativa, compartilhando no Instagram mem\u00f3rias da m\u00e3e e registros de sua vida profissional em Portugal.<\/p>\n<p> Para sempre Mar\u00edlia P\u00eara <\/p>\n<p>A passagem de Mar\u00edlia P\u00eara pela cultura brasileira \u00e9 lembrada tanto pelos pap\u00e9is de destaque quanto pela postura art\u00edstica e pela versatilidade. Ao celebrar uma d\u00e9cada da sua morte, colegas, f\u00e3s e familiares repetem a mesma sensa\u00e7\u00e3o: a de que parte importante do teatro, do cinema e da televis\u00e3o do pa\u00eds tem nela uma presen\u00e7a imposs\u00edvel de apagar.<\/p>\n<p>Em seu perfil no Instagram, o ator <strong>Miguel Falabella<\/strong> (69), com quem Mar\u00edlia trabalhou nas s\u00e9ries A Vida Alheia (2010) e P\u00e9 Na Cova (2013-2016), seus \u00faltimos trabalhos na TV, publicou um v\u00eddeo em homenagem a atriz e amiga.<\/p>\n<p> Confira a publica\u00e7\u00e3o: <\/p>\n<blockquote class=\"instagram-media\" style=\"background: #FFF; border: 0; border-radius: 3px; box-shadow: 0 0 1px 0 rgba(0,0,0,0.5),0 1px 10px 0 rgba(0,0,0,0.15); margin: 1px; max-width: 540px; min-width: 326px; padding: 0; width: calc(100% - 2px);\" data-instgrm-captioned=\"\" data-instgrm-permalink=\"https:\/\/www.instagram.com\/reel\/DR40rozDcnt\/?utm_source=ig_embed&amp;utm_campaign=loading\" data-instgrm-version=\"14\"><\/blockquote>\n<p>\t                                            <script async src=\"\/\/www.instagram.com\/embed.js\"><\/script><\/p>\n","protected":false},"excerpt":{"rendered":"Nesta sexta-feira, 5, completam-se 10 anos da morte de Mar\u00edlia P\u00eara (1943-2015), uma das maiores atrizes brasileiras, v\u00edtima&hellip;\n","protected":false},"author":2,"featured_media":177110,"comment_status":"","ping_status":"","sticky":false,"template":"","format":"standard","meta":{"footnotes":""},"categories":[145],"tags":[813,211,210,114,115,753,36653,36654,32,33],"class_list":{"0":"post-177109","1":"post","2":"type-post","3":"status-publish","4":"format-standard","5":"has-post-thumbnail","7":"category-celebridades","8":"tag-atriz","9":"tag-celebridades","10":"tag-celebrities","11":"tag-entertainment","12":"tag-entretenimento","13":"tag-globo","14":"tag-marilia-pera","15":"tag-nina-morena","16":"tag-portugal","17":"tag-pt"},"share_on_mastodon":{"url":"https:\/\/pubeurope.com\/@pt\/115669079600650463","error":""},"_links":{"self":[{"href":"https:\/\/www.europesays.com\/pt\/wp-json\/wp\/v2\/posts\/177109","targetHints":{"allow":["GET"]}}],"collection":[{"href":"https:\/\/www.europesays.com\/pt\/wp-json\/wp\/v2\/posts"}],"about":[{"href":"https:\/\/www.europesays.com\/pt\/wp-json\/wp\/v2\/types\/post"}],"author":[{"embeddable":true,"href":"https:\/\/www.europesays.com\/pt\/wp-json\/wp\/v2\/users\/2"}],"replies":[{"embeddable":true,"href":"https:\/\/www.europesays.com\/pt\/wp-json\/wp\/v2\/comments?post=177109"}],"version-history":[{"count":0,"href":"https:\/\/www.europesays.com\/pt\/wp-json\/wp\/v2\/posts\/177109\/revisions"}],"wp:featuredmedia":[{"embeddable":true,"href":"https:\/\/www.europesays.com\/pt\/wp-json\/wp\/v2\/media\/177110"}],"wp:attachment":[{"href":"https:\/\/www.europesays.com\/pt\/wp-json\/wp\/v2\/media?parent=177109"}],"wp:term":[{"taxonomy":"category","embeddable":true,"href":"https:\/\/www.europesays.com\/pt\/wp-json\/wp\/v2\/categories?post=177109"},{"taxonomy":"post_tag","embeddable":true,"href":"https:\/\/www.europesays.com\/pt\/wp-json\/wp\/v2\/tags?post=177109"}],"curies":[{"name":"wp","href":"https:\/\/api.w.org\/{rel}","templated":true}]}}