{"id":177117,"date":"2025-12-05T21:34:07","date_gmt":"2025-12-05T21:34:07","guid":{"rendered":"https:\/\/www.europesays.com\/pt\/177117\/"},"modified":"2025-12-05T21:34:07","modified_gmt":"2025-12-05T21:34:07","slug":"morreu-o-arquiteto-frank-gehry","status":"publish","type":"post","link":"https:\/\/www.europesays.com\/pt\/177117\/","title":{"rendered":"Morreu o arquiteto Frank Gehry"},"content":{"rendered":"<p>&#13;<br \/>\n(em atualiza\u00e7\u00e3o)&#13;\n<\/p>\n<p>&#13;<br \/>\nFrank Gehry foi o autor de edif\u00edcios c\u00e9lebres, nomeadamente o Museu Guggenheim de Bilbau, a Sala de Concertos Walt Disney, em Los Angeles, a Funda\u00e7\u00e3o Louis Vuitton, em Paris, ou a Casa Dan\u00e7ante, em Praga. \u00c9 apontado como um dos grandes nomes da arquitetura no s\u00e9culo XXI pelo papel inovador ao trespassar as fronteiras entre arquitetura e arte, mas tamb\u00e9m pelo desconstrutivismo das suas cria\u00e7\u00f5es.\u00a0&#13;\n<\/p>\n<p>&#13;<br \/>\nNum document\u00e1rio gravado em 2018, Frank Gehry contava como a experi\u00eancia de estar junto de uma obra de arte &#8211; a Auriga de Delfos, na Gr\u00e9cia &#8211; impactou a sua vis\u00e3o da arquitetura.&#13;\n<\/p>\n<p>&#13;<br \/>\n&#8220;Estava perante uma est\u00e1tua (&#8230;) que me fez chorar. E eu pensei: &#8216;\u00c9 isto que um arquiteto deve conseguir fazer&#8217;. Conseguir uma resposta emotiva atrav\u00e9s do seu trabalho que dure s\u00e9culos. \u00c9 isso que eu tento fazer. Sei que \u00e9 muito pomposo, mas pelo menos \u00e9 um desejo, uma esperan\u00e7a&#8221;, confessou.\u00a0&#13;\n<\/p>\n<p>&#13;<br \/>\nFrank Owen Goldberg nasceu em Toronto a 28 de fevereiro de 1929 no seio de uma fam\u00edlia judia. No final dos anos 40, a fam\u00edlia do futuro arquiteto emigrou para os Estados Unidos.\u00a0&#13;\n<\/p>\n<p>&#13;<br \/>\nEstudou arquitetura na Universidade do Sul da Calif\u00f3rnia, em Los Angeles, tendo conclu\u00eddo os estudos em 1954. Nessa altura, mudou o \u00faltimo nome para Gehry, com o objetivo de se proteger do antissemitismo. &#8220;A minha ex-mulher estava preocupada com o antisemitismo e achava que soava menos judeu&#8221;, contou numa entrevista em 2022.\u00a0&#13;\n<\/p>\n<p>&#13;<br \/>\nNo ano seguinte, em 1955, alistou-se no ex\u00e9rcito norte-americano ao mesmo tempo que estudava planeamento urban\u00edstico na Universidade de Harvard.\u00a0&#13;\n<\/p>\n<p>&#13;<br \/>\nNa arquitetura, a sua carreira iniciou-se no escrit\u00f3rio de Victor Gruen, visto como um pioneiro na proje\u00e7\u00e3o de centros comerciais nos Estados Unidos. Mudou-se depois para Paris, em 1961, onde trabalhou com\u00a0Andr\u00e9 Remondet. De volta aos Estados Unidos, abriu o seu pr\u00f3prio escrit\u00f3rio no ano seguinte.\u00a0&#13;\n<\/p>\n<p>&#13;<br \/>\nS\u00f3 na d\u00e9cada seguinte, em 1972, ganhou destaque a n\u00edvel nacional ao lan\u00e7ar uma linha ic\u00f3nica de mobili\u00e1rio, a Easy Edges. Em 1974, Frank Gehry \u00e9 eleito membro do Col\u00e9gio do Instituto Americano de Arquitetos.\u00a0&#13;\n<\/p>\n<p>&#13;<br \/>\nO papel cada vez mais relevante na Calif\u00f3rnia dos anos 70 e 80 culminou com a conquista em 1989 da distin\u00e7\u00e3o mais relevante no mundo da arquitetura: o Pr\u00e9mio Pritzker.\u00a0&#13;\n<\/p>\n<p>&#13;<br \/>\nUma das obras mais c\u00e9lebres deste per\u00edodo \u00e9 a pr\u00f3pria casa de Gehry em Santa M\u00f3nica, na Calif\u00f3rnia, que se destaca desde logo pela originalidade do telhado.\u00a0&#13;\n<\/p>\n<p>&#13;<br \/>\nJ\u00e1 nos anos 90, o Museu Guggenheim de Bilbau trouxe aclama\u00e7\u00e3o mundial ao arquiteto. Na altura, o colega norte-americano Philip Johnson chamou-lhe &#8220;o edif\u00edcio mais importante do nosso tempo&#8221;.\u00a0&#13;<\/p>\n","protected":false},"excerpt":{"rendered":"&#13; (em atualiza\u00e7\u00e3o)&#13; &#13; Frank Gehry foi o autor de edif\u00edcios c\u00e9lebres, nomeadamente o Museu Guggenheim de Bilbau,&hellip;\n","protected":false},"author":2,"featured_media":177118,"comment_status":"","ping_status":"","sticky":false,"template":"","format":"standard","meta":{"footnotes":""},"categories":[85],"tags":[304,114,115,36655,32,33],"class_list":{"0":"post-177117","1":"post","2":"type-post","3":"status-publish","4":"format-standard","5":"has-post-thumbnail","7":"category-entretenimento","8":"tag-arquitetura","9":"tag-entertainment","10":"tag-entretenimento","11":"tag-frank-gehry","12":"tag-portugal","13":"tag-pt"},"share_on_mastodon":{"url":"https:\/\/pubeurope.com\/@pt\/115669110740911905","error":""},"_links":{"self":[{"href":"https:\/\/www.europesays.com\/pt\/wp-json\/wp\/v2\/posts\/177117","targetHints":{"allow":["GET"]}}],"collection":[{"href":"https:\/\/www.europesays.com\/pt\/wp-json\/wp\/v2\/posts"}],"about":[{"href":"https:\/\/www.europesays.com\/pt\/wp-json\/wp\/v2\/types\/post"}],"author":[{"embeddable":true,"href":"https:\/\/www.europesays.com\/pt\/wp-json\/wp\/v2\/users\/2"}],"replies":[{"embeddable":true,"href":"https:\/\/www.europesays.com\/pt\/wp-json\/wp\/v2\/comments?post=177117"}],"version-history":[{"count":0,"href":"https:\/\/www.europesays.com\/pt\/wp-json\/wp\/v2\/posts\/177117\/revisions"}],"wp:featuredmedia":[{"embeddable":true,"href":"https:\/\/www.europesays.com\/pt\/wp-json\/wp\/v2\/media\/177118"}],"wp:attachment":[{"href":"https:\/\/www.europesays.com\/pt\/wp-json\/wp\/v2\/media?parent=177117"}],"wp:term":[{"taxonomy":"category","embeddable":true,"href":"https:\/\/www.europesays.com\/pt\/wp-json\/wp\/v2\/categories?post=177117"},{"taxonomy":"post_tag","embeddable":true,"href":"https:\/\/www.europesays.com\/pt\/wp-json\/wp\/v2\/tags?post=177117"}],"curies":[{"name":"wp","href":"https:\/\/api.w.org\/{rel}","templated":true}]}}