{"id":177119,"date":"2025-12-05T21:37:37","date_gmt":"2025-12-05T21:37:37","guid":{"rendered":"https:\/\/www.europesays.com\/pt\/177119\/"},"modified":"2025-12-05T21:37:37","modified_gmt":"2025-12-05T21:37:37","slug":"papa-alerta-para-mudanca-rapida-causada-pela-ia-e-pede-atencao-as-criancas-e-jovens","status":"publish","type":"post","link":"https:\/\/www.europesays.com\/pt\/177119\/","title":{"rendered":"Papa alerta para mudan\u00e7a r\u00e1pida causada pela IA e pede aten\u00e7\u00e3o \u00e0s crian\u00e7as e jovens"},"content":{"rendered":"<p>Em discurso a pesquisadores reunidos no Vaticano, o Santo Padre destacou que a humanidade atravessa uma transforma\u00e7\u00e3o decisiva e pediu uma a\u00e7\u00e3o conjunta para garantir que a intelig\u00eancia artificial sirva ao bem comum.<\/p>\n<p><b>Thulio Fonseca &#8211; Vatican News<\/b><\/p>\n<p>\u201cO advento da intelig\u00eancia artificial vem acompanhado por uma mudan\u00e7a r\u00e1pida e profunda da sociedade\u201d, afirmou o Papa Le\u00e3o XIV ao receber, nesta sexta-feira, 5 de dezembro, os participantes da Confer\u00eancia \u201cIntelig\u00eancia Artificial e o Cuidado da Nossa Casa Comum\u201d, promovida pela Fondazione Centesimus Annus Pro Pontifice e pela Strategic Alliance of Catholic Research Universities.<\/p>\n<p>Logo no in\u00edcio, o Santo Padre recordou que a IA toca \u201caspectos essenciais da pessoa humana, como o pensamento cr\u00edtico, a capacidade de discernimento, o aprendizado e a esfera das rela\u00e7\u00f5es interpessoais\u201d. Diante desse impacto estruturante, o Papa lan\u00e7ou a pergunta central que permeou todo o discurso:\u00a0<\/p>\n<blockquote>\n<p>\u201cComo podemos garantir que o desenvolvimento da intelig\u00eancia artificial realmente sirva ao bem comum e n\u00e3o seja usado apenas para acumular riqueza e poder nas m\u00e3os de poucos? Como voc\u00eas certamente sabem, o produto mais valioso atualmente nos mercados \u00e9 justamente o da \u00e1rea de intelig\u00eancia artificial.\u201d<\/p>\n<\/blockquote>\n<p>O desafio da IA e a pergunta radical: o que significa ser humano? <\/p>\n<p>Ao retomar o n\u00facleo da Doutrina Social da Igreja, Le\u00e3o XIV frisou que enfrentar o desafio tecnol\u00f3gico exige \u201ccolocar uma pergunta ainda mais radical: o que significa ser humano nesta \u00e9poca?\u201d Para o Santo Padre, o ser humano n\u00e3o pode ser reduzido a \u201cconsumidor passivo de conte\u00fados produzidos por uma tecnologia artificial\u201d, pois sua dignidade est\u00e1 ligada \u00e0 capacidade de \u201crefletir, escolher livremente, amar gratuitamente e entrar em rela\u00e7\u00e3o aut\u00eantica com o outro\u201d.<\/p>\n<p>O Papa Le\u00e3o reconheceu as novas possibilidades criativas abertas pela IA, mas n\u00e3o deixou de sublinhar suas sombras: a tecnologia suscita \u201cquest\u00f5es preocupantes\u2026 sobre nossa capacidade de nos maravilhar e de contemplar\u201d. Por isso, o Pont\u00edfice insistiu na import\u00e2ncia de respeitar aquilo que \u201ccaracteriza a pessoa humana e garante seu crescimento harmonioso\u201d, base imprescind\u00edvel para qualquer estrutura de regula\u00e7\u00e3o tecnol\u00f3gica.<\/p>\n<p>    <img decoding=\"async\" src=\"data:image\/gif;base64,R0lGODlhAQABAIAAAAAAAP\/\/\/yH5BAEAAAAALAAAAAABAAEAAAIBRAA7\" data-original=\"https:\/\/www.vaticannews.va\/content\/dam\/vaticannews\/agenzie\/images\/srv\/2025\/12\/05\/2025-12-05-partecipanti-alla-conferenza--artificial-intelligence\/1764928620937.JPG\/_jcr_content\/renditions\/cq5dam.thumbnail.cropped.750.422.jpeg\" alt=\"Le\u00e3o XIV durante o encontro com os participantes da Confer\u00eancia \u201cIntelig\u00eancia Artificial e o Cuidado da Nossa Casa Comum\u201d\" title=\"Le\u00e3o XIV durante o encontro com os participantes da Confer\u00eancia \u201cIntelig\u00eancia Artificial e o Cuidado da Nossa Casa Comum\u201d\"\/><\/p>\n<p>\n   Le\u00e3o XIV durante o encontro com os participantes da Confer\u00eancia \u201cIntelig\u00eancia Artificial e o Cuidado da Nossa Casa Comum\u201d \u00a0 (@VATICAN MEDIA)\n  <\/p>\n<p>Jovens no centro: liberdade, espiritualidade e maturidade amea\u00e7adas <\/p>\n<p>Um dos pontos mais enf\u00e1ticos do discurso foi a preocupa\u00e7\u00e3o de Le\u00e3o XIV com as novas gera\u00e7\u00f5es. O Santo Padre afirmou que a liberdade interior das crian\u00e7as e dos jovens deve \u201ctocar o nosso cora\u00e7\u00e3o\u201d, alertando para \u201cas poss\u00edveis consequ\u00eancias da tecnologia sobre o seu desenvolvimento intelectual e neurol\u00f3gico\u201d.<\/p>\n<p>\u201cAs novas gera\u00e7\u00f5es precisam ser ajudadas, e n\u00e3o obstaculizadas, em seu caminho rumo \u00e0 maturidade e \u00e0 responsabilidade\u201d, destacou o Le\u00e3o XIV, observando que a abund\u00e2ncia de dados dispon\u00edvel hoje n\u00e3o se confunde com a capacidade de \u201cextrair significado e valor\u201d. Esta, acrescentou o Santo Padre, exige abertura ao mist\u00e9rio e coragem para enfrentar \u201cas perguntas \u00faltimas da nossa exist\u00eancia\u201d, frequentemente ridicularizadas por modelos culturais atuais.<\/p>\n<p>Por isso, o Papa sublinhou que ser\u00e1 \u201cfundamental permitir que os jovens aprendam a usar esses instrumentos com sua pr\u00f3pria intelig\u00eancia pessoal\u2026 ampliando seus sonhos e o horizonte de suas decis\u00f5es maduras\u201d. Le\u00e3o XIV tamb\u00e9m encorajou os jovens a recuperar a confian\u00e7a na capacidade humana de orientar o rumo tecnol\u00f3gico, uma confian\u00e7a \u201ccada vez mais erodida pela ideia paralisante de que seu desenvolvimento segue um caminho inevit\u00e1vel\u201d.<\/p>\n<p>Um apelo \u00e0 a\u00e7\u00e3o conjunta e \u00e0 escuta das vozes mais humildes <\/p>\n<p>Diante dos riscos presentes e futuros, o Pont\u00edfice pediu uma \u201ca\u00e7\u00e3o coordenada e coral\u201d que envolva pol\u00edtica, institui\u00e7\u00f5es, empresas, finan\u00e7as, educa\u00e7\u00e3o, comunica\u00e7\u00e3o, cidad\u00e3os e comunidades religiosas. Todos, enfatizou o Papa, devem assumir \u201cessa responsabilidade compartilhada \u2014 um compromisso que venha antes de qualquer lucro e de qualquer interesse particular\u201d.<\/p>\n<p>Le\u00e3o XIV advertiu que somente uma participa\u00e7\u00e3o ampla, \u201cdando a possibilidade de que todas as vozes, inclusive as mais humildes, sejam ouvidas com respeito\u201d, permitir\u00e1 alcan\u00e7ar os objetivos propostos. Nesse percurso, o Santo Padre destacou a contribui\u00e7\u00e3o \u201crealmente preciosa\u201d da pesquisa conduzida pela parceria Centesimus\u2013SACRU. Ao concluir, o Papa agradeceu aos pesquisadores presentes, convidando-os a prosseguir \u201ccom criatividade na dire\u00e7\u00e3o tra\u00e7ada pelas Sagradas Escrituras e pelo Magist\u00e9rio\u201d.<\/p>\n","protected":false},"excerpt":{"rendered":"Em discurso a pesquisadores reunidos no Vaticano, o Santo Padre destacou que a humanidade atravessa uma transforma\u00e7\u00e3o decisiva&hellip;\n","protected":false},"author":2,"featured_media":177120,"comment_status":"","ping_status":"","sticky":false,"template":"","format":"standard","meta":{"footnotes":""},"categories":[50],"tags":[27,28,15,16,14,25,26,21,22,62,12,13,19,20,23,24,17,18,29,30,31,63,64,65],"class_list":{"0":"post-177119","1":"post","2":"type-post","3":"status-publish","4":"format-standard","5":"has-post-thumbnail","7":"category-mundo","8":"tag-breaking-news","9":"tag-breakingnews","10":"tag-featured-news","11":"tag-featurednews","12":"tag-headlines","13":"tag-latest-news","14":"tag-latestnews","15":"tag-main-news","16":"tag-mainnews","17":"tag-mundo","18":"tag-news","19":"tag-noticias","20":"tag-noticias-principais","21":"tag-noticiasprincipais","22":"tag-principais-noticias","23":"tag-principaisnoticias","24":"tag-top-stories","25":"tag-topstories","26":"tag-ultimas","27":"tag-ultimas-noticias","28":"tag-ultimasnoticias","29":"tag-world","30":"tag-world-news","31":"tag-worldnews"},"share_on_mastodon":{"url":"https:\/\/pubeurope.com\/@pt\/115669122643386788","error":""},"_links":{"self":[{"href":"https:\/\/www.europesays.com\/pt\/wp-json\/wp\/v2\/posts\/177119","targetHints":{"allow":["GET"]}}],"collection":[{"href":"https:\/\/www.europesays.com\/pt\/wp-json\/wp\/v2\/posts"}],"about":[{"href":"https:\/\/www.europesays.com\/pt\/wp-json\/wp\/v2\/types\/post"}],"author":[{"embeddable":true,"href":"https:\/\/www.europesays.com\/pt\/wp-json\/wp\/v2\/users\/2"}],"replies":[{"embeddable":true,"href":"https:\/\/www.europesays.com\/pt\/wp-json\/wp\/v2\/comments?post=177119"}],"version-history":[{"count":0,"href":"https:\/\/www.europesays.com\/pt\/wp-json\/wp\/v2\/posts\/177119\/revisions"}],"wp:featuredmedia":[{"embeddable":true,"href":"https:\/\/www.europesays.com\/pt\/wp-json\/wp\/v2\/media\/177120"}],"wp:attachment":[{"href":"https:\/\/www.europesays.com\/pt\/wp-json\/wp\/v2\/media?parent=177119"}],"wp:term":[{"taxonomy":"category","embeddable":true,"href":"https:\/\/www.europesays.com\/pt\/wp-json\/wp\/v2\/categories?post=177119"},{"taxonomy":"post_tag","embeddable":true,"href":"https:\/\/www.europesays.com\/pt\/wp-json\/wp\/v2\/tags?post=177119"}],"curies":[{"name":"wp","href":"https:\/\/api.w.org\/{rel}","templated":true}]}}