{"id":177121,"date":"2025-12-05T21:39:07","date_gmt":"2025-12-05T21:39:07","guid":{"rendered":"https:\/\/www.europesays.com\/pt\/177121\/"},"modified":"2025-12-05T21:39:07","modified_gmt":"2025-12-05T21:39:07","slug":"o-tempo-para-o-fim-de-semana-em-coimbra-promete-surpresas-noticias-de-coimbra","status":"publish","type":"post","link":"https:\/\/www.europesays.com\/pt\/177121\/","title":{"rendered":"O tempo para o fim de semana em Coimbra promete surpresas \u2013 Not\u00edcias de Coimbra"},"content":{"rendered":"<p><strong>Coimbra vai enfrentar v\u00e1rios dias de instabilidade meteorol\u00f3gica entre esta quinta-feira, 4 de dezembro, e domingo, dia 7, segundo a previs\u00e3o do IPMA, com chuva fraca e aguaceiros a marcarem presen\u00e7a cont\u00ednua, embora com varia\u00e7\u00f5es na intensidade e na probabilidade de precipita\u00e7\u00e3o.<\/strong><\/p>\n<p> Esta quinta-feira, o distrito dever\u00e1 registar chuva ou aguaceiros fracos, com temperaturas entre os 10\u00baC e os 15\u00baC. O vento sopra fraco de oeste, e a probabilidade de precipita\u00e7\u00e3o atinge 100%. Na sexta-feira, dia 5, mant\u00e9m-se a instabilidade, com chuva fraca ou chuvisco e valores entre os 12\u00baC e os 17\u00baC. <\/p>\n<p>PUBLICIDADE<\/p>\n<p>\t\t\t\t\t\t<a class=\"publicidade-imagem d-flex justify-content-center\" href=\"https:\/\/www.facebook.com\/ufcoimbra\" rel=\"nofollow noopener\" target=\"_blank\"><br \/>\n\t\t\t\t\t\t  <img loading=\"lazy\" width=\"980\" height=\"350\" decoding=\"async\" src=\"https:\/\/www.europesays.com\/pt\/wp-content\/uploads\/2025\/11\/NATALCOIMBRA-2025.jpg\" alt=\"publicidade\" class=\"img-fluid\"\/><br \/>\n\t\t\t\t\t\t<\/a><\/p>\n<p>Aqui, h\u00e1 uma mudan\u00e7a brusca nas temperaturas, com valores mais altos. O vento passa a moderado de sudoeste, e a precipita\u00e7\u00e3o volta a ter probabilidade m\u00e1xima (100%). J\u00e1 no s\u00e1bado, dia 6, prev\u00eaem-se novamente aguaceiros fracos, com temperaturas a variar entre 14\u00baC e 17\u00baC. O vento ser\u00e1 fraco de sudoeste, e a probabilidade de precipita\u00e7\u00e3o desce ligeiramente para 88%. <\/p>\n<p>No domingo, dia 7, a chuva dever\u00e1 continuar, embora com menor probabilidade: 40% de ocorr\u00eancia de chuva ou aguaceiros fracos. As temperaturas oscilam entre 13\u00baC e 17\u00baC, com vento fraco de sul.<\/p>\n<p> Ao longo dos quatro dias, a cidade dever\u00e1 assim contar com tempo h\u00famido, temperaturas amenas e reduzida exposi\u00e7\u00e3o solar, num cen\u00e1rio t\u00edpico de in\u00edcio de inverno.<\/p>\n","protected":false},"excerpt":{"rendered":"Coimbra vai enfrentar v\u00e1rios dias de instabilidade meteorol\u00f3gica entre esta quinta-feira, 4 de dezembro, e domingo, dia 7,&hellip;\n","protected":false},"author":2,"featured_media":177122,"comment_status":"","ping_status":"","sticky":false,"template":"","format":"standard","meta":{"footnotes":""},"categories":[10],"tags":[27,28,15,16,14,25,26,21,22,12,13,19,20,32,23,24,33,17,18,29,30,31],"class_list":{"0":"post-177121","1":"post","2":"type-post","3":"status-publish","4":"format-standard","5":"has-post-thumbnail","7":"category-portugal","8":"tag-breaking-news","9":"tag-breakingnews","10":"tag-featured-news","11":"tag-featurednews","12":"tag-headlines","13":"tag-latest-news","14":"tag-latestnews","15":"tag-main-news","16":"tag-mainnews","17":"tag-news","18":"tag-noticias","19":"tag-noticias-principais","20":"tag-noticiasprincipais","21":"tag-portugal","22":"tag-principais-noticias","23":"tag-principaisnoticias","24":"tag-pt","25":"tag-top-stories","26":"tag-topstories","27":"tag-ultimas","28":"tag-ultimas-noticias","29":"tag-ultimasnoticias"},"share_on_mastodon":{"url":"https:\/\/pubeurope.com\/@pt\/115669130731886956","error":""},"_links":{"self":[{"href":"https:\/\/www.europesays.com\/pt\/wp-json\/wp\/v2\/posts\/177121","targetHints":{"allow":["GET"]}}],"collection":[{"href":"https:\/\/www.europesays.com\/pt\/wp-json\/wp\/v2\/posts"}],"about":[{"href":"https:\/\/www.europesays.com\/pt\/wp-json\/wp\/v2\/types\/post"}],"author":[{"embeddable":true,"href":"https:\/\/www.europesays.com\/pt\/wp-json\/wp\/v2\/users\/2"}],"replies":[{"embeddable":true,"href":"https:\/\/www.europesays.com\/pt\/wp-json\/wp\/v2\/comments?post=177121"}],"version-history":[{"count":0,"href":"https:\/\/www.europesays.com\/pt\/wp-json\/wp\/v2\/posts\/177121\/revisions"}],"wp:featuredmedia":[{"embeddable":true,"href":"https:\/\/www.europesays.com\/pt\/wp-json\/wp\/v2\/media\/177122"}],"wp:attachment":[{"href":"https:\/\/www.europesays.com\/pt\/wp-json\/wp\/v2\/media?parent=177121"}],"wp:term":[{"taxonomy":"category","embeddable":true,"href":"https:\/\/www.europesays.com\/pt\/wp-json\/wp\/v2\/categories?post=177121"},{"taxonomy":"post_tag","embeddable":true,"href":"https:\/\/www.europesays.com\/pt\/wp-json\/wp\/v2\/tags?post=177121"}],"curies":[{"name":"wp","href":"https:\/\/api.w.org\/{rel}","templated":true}]}}