{"id":177123,"date":"2025-12-05T21:41:43","date_gmt":"2025-12-05T21:41:43","guid":{"rendered":"https:\/\/www.europesays.com\/pt\/177123\/"},"modified":"2025-12-05T21:41:43","modified_gmt":"2025-12-05T21:41:43","slug":"conheca-a-aldeia-do-xisto-na-serra-da-lousa-que-guarda-a-unica-maternidade-de-arvores-em-portugal","status":"publish","type":"post","link":"https:\/\/www.europesays.com\/pt\/177123\/","title":{"rendered":"Conhe\u00e7a a Aldeia do Xisto na serra da Lous\u00e3 que guarda a \u00fanica maternidade de \u00e1rvores em Portugal"},"content":{"rendered":"<p class=\"MsoNormal\">Num enorme campo, logo a seguir \u00e0 placa que indica os limites da aldeia de Aigra Nova, uma estufa assinala o local onde est\u00e1 situada a \u00fanica maternidade de \u00e1rvores do pa\u00eds. Ao lado, ao ar livre, uma vasta extens\u00e3o de caixas alinhadas, mostra as ramas das \u00e1rvores que, quando atingirem o ponto certo, v\u00e3o aumentar a floresta nativa da regi\u00e3o. No total, s\u00e3o mais de 12 mil plantas que aqui crescem, acompanhadas desde a semente at\u00e9 que s\u00e3o transplantadas para \u00e1reas de recupera\u00e7\u00e3o ecol\u00f3gica, muitas delas na Rede Natura 2000.<\/p>\n<p class=\"MsoNormal\">Criada pela associa\u00e7\u00e3o <a href=\"https:\/\/www.facebook.com\/lousitanea\/?locale=pt_PT\" target=\"_blank\" rel=\"noopener noreferrer nofollow\">Lousit\u00e2nea \u2013 Liga de Amigos da Serra da Lous\u00e3<\/a>, a Maternidade de \u00c1rvores de Aigra Nova \u00e9 muito mais do que um local onde crescem \u00e1rvores. Assume-se como guardi\u00e3 da floresta futura, onde carvalhos, sobreiros, castanheiros e muitas outras esp\u00e9cies crescem, estando previstas que muitas outras possam aumentar o leque de \u00e1rvores que ali nascem. As oliveiras ser\u00e3o das pr\u00f3ximas \u00e1rvores a entrar na maternidade.<\/p>\n<p>Maternidade de \u00c1vores de Aigra Nova<\/p>\n<p>Pedro Cerqueira<\/p>\n<p class=\"MsoNormal\">Como projeto de refloresta\u00e7\u00e3o e de recupera\u00e7\u00e3o ecol\u00f3gica, a maternidade de \u00e1rvores da Aigra Nova n\u00e3o \u00e9 somente um espa\u00e7o t\u00e9cnico, \u00e9 tamb\u00e9m um n\u00facleo de educa\u00e7\u00e3o ambiental, onde escolas, fam\u00edlias e visitantes podem conhecer de perto o ciclo de vida das \u00e1rvores. Podem participar em programas de refloresta\u00e7\u00e3o e at\u00e9 apadrinhar uma \u00e1rvore, acompanhando o seu crescimento at\u00e9 \u00e0 planta\u00e7\u00e3o na serra. Mas faz parte de um projeto mais vasto, onde entra tamb\u00e9m o Rebanho Comunit\u00e1rio da Aigra Nova que, al\u00e9m de dar continuidade a uma tradi\u00e7\u00e3o ancestral de pastoreio, tem o prop\u00f3sito renovado de cuidar do territ\u00f3rio. Partilhado pelos habitantes, o rebanho limpa naturalmente os matos \u00e0 volta da aldeia, criando descontinuidades que funcionam como barreiras contra inc\u00eandios.<\/p>\n<p class=\"MsoNormal\">Al\u00e9m da fun\u00e7\u00e3o ecol\u00f3gica, o Rebanho Comunit\u00e1rio da Aigra Nova gera produtos locais como leite para oficinas de queijo e mant\u00e9m vivo um patrim\u00f3nio cultural de entreajuda e liga\u00e7\u00e3o \u00e0 terra, onde a comunidade assume coletivamente a responsabilidade pelo cuidado dos animais. Atualmente, duas volunt\u00e1rias, uma de origem francesa, vivem em perman\u00eancia na aldeia com somente tr\u00eas ruas, onde cuidam dos animais e partilham conhecimentos adquiridos noutras paragens, ensinado a fazer bolachas, globos de neve, ou doces e compotas com o que a natureza coloca \u00e0 disposi\u00e7\u00e3o. <\/p>\n<p><strong>Produtos e tradi\u00e7\u00f5es <\/strong><\/p>\n<p>Aigra Nova &#8211; Aldeias do Xisto<\/p>\n<p>Pedro Cerqueira<\/p>\n<p class=\"MsoNormal\">Nos campos em redor do casario, h\u00e1 hortas, gado e atividades que surpreendem os visitantes. Criam-se produtos hort\u00edcolas para a subsist\u00eancia di\u00e1ria, cabritos que al\u00e9m da limpeza florestal d\u00e3o leite e a pr\u00f3pria carne para alimenta\u00e7\u00e3o, bem como se produz mel e se apanha a castanha, usada em doces, pur\u00e9s ou para vender pilada aos apreciadores.<\/p>\n<p class=\"MsoNormal\">Por encomenda, na loja da Lousit\u00e2nea &#8211; Liga de amigos da Serra da Lous\u00e3, serve-se a Broa de Carne, o prato t\u00edpico da aldeia, cozido em forno de lenha. No Ecomuseu Tradi\u00e7\u00f5es do Xisto encontra as tradi\u00e7\u00f5es e a cultura serrana, a par com a conserva\u00e7\u00e3o da natureza, centrado nas <a href=\"https:\/\/www.facebook.com\/aldeiasdoxisto\" target=\"_blank\" rel=\"noopener noreferrer nofollow\">Aldeias do Xisto<\/a> de G\u00f3is (<a href=\"https:\/\/www.aldeiasdoxisto.pt\/pt\/aldeias\/lousa\/aigra-nova\/\" target=\"_blank\" rel=\"noopener noreferrer nofollow\">Aigra Nova<\/a>, <a href=\"https:\/\/www.aldeiasdoxisto.pt\/pt\/aldeias\/lousa\/aigra-velha\/\" target=\"_blank\" rel=\"noopener noreferrer nofollow\">Aigra Velha<\/a>, <a href=\"https:\/\/www.aldeiasdoxisto.pt\/pt\/aldeias\/lousa\/comareira\/\" target=\"_blank\" rel=\"noopener noreferrer nofollow\">Comareira <\/a>e <a href=\"https:\/\/www.aldeiasdoxisto.pt\/pt\/aldeias\/lousa\/pena\/\" target=\"_blank\" rel=\"noopener noreferrer nofollow\">Pena<\/a>) e na Rede Natura 2000 da Serra da Lous\u00e3. \u00c9 constitu\u00eddo pelo N\u00facleo Sede do Ecomuseu e Loja Aldeias do Xisto, pelo N\u00facleo do Forno e Alambique da Fam\u00edlia Claro, N\u00facleo da Coirela das Agostinhas (hortas tradicionais) e pelo N\u00facleo de Interpreta\u00e7\u00e3o Ambiental &#8211; Maternidade de \u00c1rvores.<\/p>\n<p>Aigra Nova &#8211; Aldeias do Xisto<\/p>\n<p>Pedro Cerqueira<\/p>\n<p class=\"MsoNormal\">Apesar de ter poucos habitantes, somente quatro, \u00e9 uma aldeia rica em tradi\u00e7\u00f5es, onde se destaca o Carnaval, denominado Corrida do Entrudo das Aldeias do Xisto de Gois, com os foli\u00f5es mascarados com m\u00e1scaras de corti\u00e7a, e, conta \u201cC\u00e1tia Lucas, moradora na aldeia, \u201cpercorrerem as aldeias vizinhas onde lan\u00e7amos Quadras Jocosas e Patifarias\u201d. No regresso, faz-se uma grande festa com o jogo do Presunto e do Bacalhau, onde os mais viris sobem a um pau para apanhar estes alimentos. <\/p>\n<p class=\"MsoNormal\">No Natal, decorre o evento Aldeia de Natal, com a inaugura\u00e7\u00e3o das luzes de Natal, com lanche de oferta \u00e0 comunidade no dia 12 de dezembro, \u00e0s 18h00. No dia 14 h\u00e1 um atelier de bordados de Natal, com a artes\u00e3 local Patr\u00edcia Cruz, e nos dias 15 e 16 h\u00e1 Contos de Natal e pinturas faciais, para as crian\u00e7as dos jardins de inf\u00e2ncia do concelho. No dia 20 h\u00e1 um atelier de Bolachas de Natal e do Chocolate quente, e a 21, um atelier de Globos de neve. No dia 24 acende-se o cepo da aldeia, no largo principal, e no dia 4 de janeiro, cantam-se as Janeiras. <\/p>\n<p><strong>Mergulhar na natureza<\/strong><\/p>\n<p>Aigra Nova &#8211; Aldeias do Xisto<\/p>\n<p>Pedro Cerqueira<\/p>\n<p class=\"MsoNormal\">A Aldeia do Xisto de Aigra Nova situa-se numa pequena sali\u00eancia, de contornos muito suaves, da encosta mais soalheira da serra da Lous\u00e3. Reza a hist\u00f3ria que a escolha deste local est\u00e1 ligada \u00e0 exist\u00eancia de uma nascente, que permite pr\u00e1ticas agr\u00edcolas e a utiliza\u00e7\u00e3o dos pastos nas maiores altitudes da serra onde se apascentam os gados. Do patrim\u00f3nio natural destacam-se os penedos de G\u00f3is e o Parque Florestal da Oitava, um habitat de aves em vias de extin\u00e7\u00e3o e de mam\u00edferos como veados e cor\u00e7os, que dificilmente se encontram noutras zonas do pa\u00eds, que podem ser avistados da estrada num comum passeio.<\/p>\n<p class=\"MsoNormal\">Em frente da aldeia corre a ribeira do Mouro, que passa pela localidade de Ponte de S\u00f3t\u00e3o, onde encontra a ribeira da Pena, juntando-se depois com o Ceira e com o rio Mondego. O casario \u00e9 todo em xisto, constru\u00eddo de modo a serem resistentes \u00e0s intemp\u00e9ries e ao passar do tempo. Dispostas em aglomerados, incluem dois pisos, o piso assobrado, ou primeiro andar, e o r\u00e9s-do-ch\u00e3o, geralmente t\u00e9rreo, que deveria albergar o gado. <\/p>\n<p class=\"MsoNormal\">Pode viver temporariamente na aldeia, na <a href=\"https:\/\/www.facebook.com\/casadaaigra.pt\" target=\"_blank\" rel=\"noopener noreferrer nofollow\">Casa da Aigra<\/a> (Tel. 918839206), um alojamento local com dois quartos com uma cama de casal em cada um e ar condicionado no piso superior. Tem ainda a <a href=\"https:\/\/www.facebook.com\/CasaDeCampoDaComareira\" target=\"_blank\" rel=\"noopener noreferrer nofollow\">Casa da Comareira<\/a> (Tel. 969847852) com tr\u00eas quartos e seis camas, e ainda a <a href=\"https:\/\/www.booking.com\/hotel\/pt\/casa-dos-veados.pt-br.html?aid=304142&amp;label=gen173nr-1BCAsouwFCD2Nhc2EtZG9zLXZlYWRvc0gzWARouwGIAQKYAS24ARjIAQ3YAQHoAQGIAgGoAgS4AorYlbEGwAIB0gIkYTMyNWMxNDUtZTk2OS00NzdiLWI2ZDQtMzQ5ZDI4ZDIyMmE22AIF4AIB-Share-3IhlFw8%401713728533&amp;chal_t=1764782634647&amp;force_referer=https%3A%2F%2Fwww.cm-gois.pt%2F\" target=\"_blank\" rel=\"noopener noreferrer nofollow\">Casa dos Veados<\/a> (Tel. 966723027), com um quarto. Para refei\u00e7\u00f5es, conte, mediante reserva antecipada, com a <a href=\"https:\/\/www.facebook.com\/lousitanea\/?locale=pt_PT\" target=\"_blank\" rel=\"noopener noreferrer nofollow\">Lousit\u00e2nea &#8211; Liga de amigos da Serra da Lous\u00e3<\/a> (Tel. 235778644).<\/p>\n<p>Aigra Nova &#8211; Aldeias do Xisto<\/p>\n<p>Pedro Cerqueira<\/p>\n<p class=\"MsoNormal\">Aigra Nova \u00e9 uma das sugest\u00f5es do guia \u201cAldeias com Hist\u00f3ria\u201d, em parceria com a <a href=\"https:\/\/turismodocentro.pt\/artigo\/aldeias-do-centro-de-portugal\/\" target=\"_blank\" rel=\"noopener noreferrer nofollow\">Turismo Centro de Portugal<\/a>, oferecido pelo Expresso na edi\u00e7\u00e3o de sexta-feira, dia 28 de novembro. A publica\u00e7\u00e3o apresenta 24 aldeias, das redes de Aldeias Hist\u00f3ricas de Portugal, Aldeias do Xisto e Aldeias de Montanha.<\/p>\n<p class=\"MsoNormal\">Acompanhe o <strong>Boa Cama Boa Mesa<\/strong> no <a href=\"https:\/\/www.facebook.com\/guiaboacamaboamesa\" target=\"_blank\" rel=\"noopener noreferrer nofollow\">Facebook<\/a> e no <a href=\"https:\/\/www.instagram.com\/boacamaboamesa\/\" target=\"_blank\" rel=\"noopener noreferrer nofollow\">Instagram<\/a><\/p>\n<p><script async src=\"\/\/www.instagram.com\/embed.js\"><\/script><\/p>\n","protected":false},"excerpt":{"rendered":"Num enorme campo, logo a seguir \u00e0 placa que indica os limites da aldeia de Aigra Nova, uma&hellip;\n","protected":false},"author":2,"featured_media":177124,"comment_status":"","ping_status":"","sticky":false,"template":"","format":"standard","meta":{"footnotes":""},"categories":[8],"tags":[27,28,15,16,14,25,26,21,22,12,13,19,20,32,23,24,33,17,18,29,30,31],"class_list":{"0":"post-177123","1":"post","2":"type-post","3":"status-publish","4":"format-standard","5":"has-post-thumbnail","7":"category-principais-noticias","8":"tag-breaking-news","9":"tag-breakingnews","10":"tag-featured-news","11":"tag-featurednews","12":"tag-headlines","13":"tag-latest-news","14":"tag-latestnews","15":"tag-main-news","16":"tag-mainnews","17":"tag-news","18":"tag-noticias","19":"tag-noticias-principais","20":"tag-noticiasprincipais","21":"tag-portugal","22":"tag-principais-noticias","23":"tag-principaisnoticias","24":"tag-pt","25":"tag-top-stories","26":"tag-topstories","27":"tag-ultimas","28":"tag-ultimas-noticias","29":"tag-ultimasnoticias"},"share_on_mastodon":{"url":"https:\/\/pubeurope.com\/@pt\/115669138330118145","error":""},"_links":{"self":[{"href":"https:\/\/www.europesays.com\/pt\/wp-json\/wp\/v2\/posts\/177123","targetHints":{"allow":["GET"]}}],"collection":[{"href":"https:\/\/www.europesays.com\/pt\/wp-json\/wp\/v2\/posts"}],"about":[{"href":"https:\/\/www.europesays.com\/pt\/wp-json\/wp\/v2\/types\/post"}],"author":[{"embeddable":true,"href":"https:\/\/www.europesays.com\/pt\/wp-json\/wp\/v2\/users\/2"}],"replies":[{"embeddable":true,"href":"https:\/\/www.europesays.com\/pt\/wp-json\/wp\/v2\/comments?post=177123"}],"version-history":[{"count":0,"href":"https:\/\/www.europesays.com\/pt\/wp-json\/wp\/v2\/posts\/177123\/revisions"}],"wp:featuredmedia":[{"embeddable":true,"href":"https:\/\/www.europesays.com\/pt\/wp-json\/wp\/v2\/media\/177124"}],"wp:attachment":[{"href":"https:\/\/www.europesays.com\/pt\/wp-json\/wp\/v2\/media?parent=177123"}],"wp:term":[{"taxonomy":"category","embeddable":true,"href":"https:\/\/www.europesays.com\/pt\/wp-json\/wp\/v2\/categories?post=177123"},{"taxonomy":"post_tag","embeddable":true,"href":"https:\/\/www.europesays.com\/pt\/wp-json\/wp\/v2\/tags?post=177123"}],"curies":[{"name":"wp","href":"https:\/\/api.w.org\/{rel}","templated":true}]}}