{"id":177140,"date":"2025-12-05T21:57:23","date_gmt":"2025-12-05T21:57:23","guid":{"rendered":"https:\/\/www.europesays.com\/pt\/177140\/"},"modified":"2025-12-05T21:57:23","modified_gmt":"2025-12-05T21:57:23","slug":"putin-diz-que-a-russia-vai-ficar-com-o-donbas-a-bem-ou-a-mal","status":"publish","type":"post","link":"https:\/\/www.europesays.com\/pt\/177140\/","title":{"rendered":"Putin diz que a R\u00fassia vai ficar com o Donbas a bem ou a mal"},"content":{"rendered":"<p>A R\u00fassia vai ficar com o controlo total do Donbas (composto pelas regi\u00f5es de Donetsk e Luhansk, no leste da Ucr\u00e2nia) de qualquer forma, afirmou Vladimir Putin numa entrevista divulgada esta quinta-feira, antes de uma visita a Nova Deli, capital da \u00cdndia, onde j\u00e1 se encontra.<\/p>\n<p>A ideia \u00e9 avan\u00e7ar avan\u00e7ar em dire\u00e7\u00e3o a Kostiantynivka, Kramatorsk e Sloviansk<\/p>\n<p>Anadolu<\/p>\n<p class=\"category\"><a href=\"https:\/\/expresso.pt\/internacional\/guerra-na-ucrania\" rel=\"nofollow noopener\" target=\"_blank\">Guerra na Ucr\u00e2nia<\/a><\/p>\n<p class=\"follow-link\"><a href=\"https:\/\/expresso.pt\/internacional\/guerra-na-ucrania\/2025-12-04-riga-varsovia-berlim-a-primeira-linha-de-defesa-destas-capitais-esta-no-donbas-e-e-por-isso-que-putin-nao-pode-conseguir-o-que-pede-efc9f0be\" rel=\"canonical nofollow noopener\" target=\"_blank\">Leia tamb\u00e9m<\/a><\/p>\n<p>\u201cOu libertamos estes territ\u00f3rios pela for\u00e7a das armas, ou as tropas ucranianas abandonam estes territ\u00f3rios\u201d, afirmou o Presidente russo numa entrevista ao \u201cIndia Today\u201d, segundo um v\u00eddeo exibido na televis\u00e3o estatal russa e citado pela ag\u00eancia de not\u00edcias \u201c<a href=\"https:\/\/www.reuters.com\/world\/europe\/putin-says-russia-will-take-all-ukraines-donbas-region-militarily-or-otherwise-2025-12-04\/\" target=\"_blank\" rel=\"noopener noreferrer nofollow\">Reuters<\/a>\u201d.<\/p>\n<p>A R\u00fassia reivindicou para si, j\u00e1 em setembro de 2022, Donetsk e Lugansk (Donbas), no leste, e Kherson e Zapor\u00edjia, no sul. Al\u00e9m destes quatro territ\u00f3rios &#8211; dos quais apenas ocupa na totalidade Lugansk -, Moscovo anexou, em 2014, a pen\u00ednsula da Crimeia.<\/p>\n<p>Putin considera que o reconhecimento legal das regi\u00f5es ucranianas ocupadas como territ\u00f3rio russo, sobretudo o Donbas, \u00e9 um dos elementos centrais das negocia\u00e7\u00f5es de paz. Moscovo tem insistido na <a href=\"https:\/\/expresso.pt\/internacional\/guerra-na-ucrania\/2025-11-21-os-28-pontos-do-plano-de-paz-dos-eua-para-a-ucrania-entre-a-capitulacao-e-o-menor-dos-males-o-documento-e-mais-complexo-do-que-parecia-ddebebd0\" target=\"_blank\" rel=\"noopener noreferrer nofollow\">formaliza\u00e7\u00e3o das anexa\u00e7\u00f5es<\/a> como condi\u00e7\u00e3o para avan\u00e7ar com um cessar-fogo na Ucr\u00e2nia.<\/p>\n<p>No entanto, as concess\u00f5es territoriais s\u00e3o uma das linhas vermelhas de Kiev \u2014 e tamb\u00e9m dos aliados europeus \u2014 para aceitar um acordo de paz que seja justo para o pa\u00eds agredido h\u00e1 quase quatro anos. O Presidente ucraniano, Volodymyr Zelensky, diz que a R\u00fassia n\u00e3o deve ser recompensada por uma guerra que iniciou.<\/p>\n<p>De momento, cerca de 12% da regi\u00e3o do Donbas est\u00e1 sob controlo ucraniano e pelo menos 100 mil pessoas vivem nas cidades de Kramatorsk, Slo\u00advyansk e outras. Segundo os dados da Reuters, a R\u00fassia controla atualmente 19,2% da Ucr\u00e2nia, incluindo a Crimeia, toda a regi\u00e3o de Lugansk, mais de 80% de Donetsk, e cerca de 75% de Kherson e Zapor\u00edjia.<\/p>\n<p>As conversa\u00e7\u00f5es com vista \u00e0 paz continuam. O principal negociador da Ucr\u00e2nia, Rustem Umerov, vai encontrar-se com o enviado especial do Presidente dos Estados Unidos para as negocia\u00e7\u00f5es, Steve Witkoff, e o genro do chefe de Estado norte-americano, Jared Kushner. A reuni\u00e3o deve ocorrer ainda esta quinta-feira em Miami.<\/p>\n<p>R\u00fassia acusa Europa de minar esfor\u00e7os de paz<\/p>\n<p>Tamb\u00e9m esta quinta-feira, o vice-ministro dos Neg\u00f3cios Estrangeiros russo, Alexander Grushko, acusou os pa\u00edses europeus de \u201cminar de forma constante e deliberada\u201d os esfor\u00e7os para alcan\u00e7ar uma solu\u00e7\u00e3o para o conflito.<\/p>\n<p>\u201cA perspetiva de um acordo pol\u00edtico-diplom\u00e1tico \u00e9 vista como uma amea\u00e7a para o Ocidente\u201d, disse o representante russo, durante um discurso perante o Conselho Ministerial da Organiza\u00e7\u00e3o para a Seguran\u00e7a e Coopera\u00e7\u00e3o na Europa (OSCE), a decorrer em Viena, \u00c1ustria.<\/p>\n<p>\u201cA linha do Ocidente consiste em tentar preservar uma influ\u00eancia esmagadora n\u00e3o s\u00f3 a n\u00edvel regional, mas tamb\u00e9m global\u201d, prosseguiu. No discurso, o vice-ministro russo apontou as cr\u00edticas ao Ocidente, nomeadamente aos pa\u00edses da Uni\u00e3o Europeia, em particular \u00e0s rep\u00fablicas b\u00e1lticas, mas n\u00e3o mencionou explicitamente os Estados Unidos.<\/p>\n","protected":false},"excerpt":{"rendered":"A R\u00fassia vai ficar com o controlo total do Donbas (composto pelas regi\u00f5es de Donetsk e Luhansk, no&hellip;\n","protected":false},"author":2,"featured_media":177141,"comment_status":"","ping_status":"","sticky":false,"template":"","format":"standard","meta":{"footnotes":""},"categories":[8],"tags":[27,28,15,16,14,25,26,21,22,12,13,19,20,32,23,24,33,17,18,29,30,31],"class_list":{"0":"post-177140","1":"post","2":"type-post","3":"status-publish","4":"format-standard","5":"has-post-thumbnail","7":"category-principais-noticias","8":"tag-breaking-news","9":"tag-breakingnews","10":"tag-featured-news","11":"tag-featurednews","12":"tag-headlines","13":"tag-latest-news","14":"tag-latestnews","15":"tag-main-news","16":"tag-mainnews","17":"tag-news","18":"tag-noticias","19":"tag-noticias-principais","20":"tag-noticiasprincipais","21":"tag-portugal","22":"tag-principais-noticias","23":"tag-principaisnoticias","24":"tag-pt","25":"tag-top-stories","26":"tag-topstories","27":"tag-ultimas","28":"tag-ultimas-noticias","29":"tag-ultimasnoticias"},"share_on_mastodon":{"url":"https:\/\/pubeurope.com\/@pt\/115669201625464998","error":""},"_links":{"self":[{"href":"https:\/\/www.europesays.com\/pt\/wp-json\/wp\/v2\/posts\/177140","targetHints":{"allow":["GET"]}}],"collection":[{"href":"https:\/\/www.europesays.com\/pt\/wp-json\/wp\/v2\/posts"}],"about":[{"href":"https:\/\/www.europesays.com\/pt\/wp-json\/wp\/v2\/types\/post"}],"author":[{"embeddable":true,"href":"https:\/\/www.europesays.com\/pt\/wp-json\/wp\/v2\/users\/2"}],"replies":[{"embeddable":true,"href":"https:\/\/www.europesays.com\/pt\/wp-json\/wp\/v2\/comments?post=177140"}],"version-history":[{"count":0,"href":"https:\/\/www.europesays.com\/pt\/wp-json\/wp\/v2\/posts\/177140\/revisions"}],"wp:featuredmedia":[{"embeddable":true,"href":"https:\/\/www.europesays.com\/pt\/wp-json\/wp\/v2\/media\/177141"}],"wp:attachment":[{"href":"https:\/\/www.europesays.com\/pt\/wp-json\/wp\/v2\/media?parent=177140"}],"wp:term":[{"taxonomy":"category","embeddable":true,"href":"https:\/\/www.europesays.com\/pt\/wp-json\/wp\/v2\/categories?post=177140"},{"taxonomy":"post_tag","embeddable":true,"href":"https:\/\/www.europesays.com\/pt\/wp-json\/wp\/v2\/tags?post=177140"}],"curies":[{"name":"wp","href":"https:\/\/api.w.org\/{rel}","templated":true}]}}