{"id":177142,"date":"2025-12-05T21:58:10","date_gmt":"2025-12-05T21:58:10","guid":{"rendered":"https:\/\/www.europesays.com\/pt\/177142\/"},"modified":"2025-12-05T21:58:10","modified_gmt":"2025-12-05T21:58:10","slug":"virginia-fonseca-revela-habito-que-adotou-do-relacionamento-com-vini-jr","status":"publish","type":"post","link":"https:\/\/www.europesays.com\/pt\/177142\/","title":{"rendered":"Virginia Fonseca revela h\u00e1bito que adotou do relacionamento com Vini Jr."},"content":{"rendered":"<p class=\"texto\">Virginia Fonseca usou suas redes sociais nesta \u00faltima quinta-feira (4), e chamou a aten\u00e7\u00e3o dos seguidores ao revelar que adotou um h\u00e1bito direto da casa do namorado, Vini Jr.<\/p>\n<p class=\"texto\">Atrav\u00e9s dos Stories do Instagram, a influenciadora digital recriou o h\u00e1bito que aprendeu com o jogador de futebol em sua mans\u00e3o em Goi\u00e2nia, no Goi\u00e1s, onde mora com os filhos, Maria Alice, de 4 anos, Maria Flor, de 3, e Jos\u00e9 Leonardo, de 1.<\/p>\n<p class=\"texto\">&#8220;Entradinhas (copiamos isso l\u00e1 da casa do Vini)&#8221;, escreveu Virginia Fonseca, acompanhada de emojis de risada na legenda, ao mostrar as verduras e legumes do almo\u00e7o organizados em pequenos pratos individuais.<\/p>\n<p class=\"texto\">O h\u00e1bito, inclusive, \u00e9 algo que o craque do Real Madrid faz em suas resid\u00eancias em Madri, onde Virginia j\u00e1 se hospedou, e no Rio de Janeiro, onde ela esteve at\u00e9 a \u00faltima quarta (3), passando uma temporada ao lado da fam\u00edlia de Vini Jr.<\/p>\n<p class=\"texto\">O post <a href=\"https:\/\/observatoriodosfamosos.com.br\/noticias\/virginia-fonseca-revela-habito-que-adotou-do-relacionamento-com-vini-jr\" target=\"_blank\" rel=\"nofollow noopener\">Virginia Fonseca revela h\u00e1bito que adotou do relacionamento com Vini Jr.<\/a> foi publicado primeiro em <a href=\"https:\/\/observatoriodosfamosos.com.br\/\" target=\"_blank\" rel=\"nofollow noopener\">Observat\u00f3rio dos Famosos.<\/a><\/p>\n<ul>\n<li><a href=\"https:\/\/wa.me\/?text=Virginia+Fonseca+revela+h%C3%A1bito+que+adotou+do+relacionamento+com+Vini+Jr.%20https:\/\/www.correiobraziliense.com.br\/diversao-e-arte\/2025\/12\/7307539-virginia-fonseca-revela-habito-que-adotou-do-relacionamento-com-vini-jr.html\" target=\"_blank\" title=\"Whatsapp\" aria-label=\"WhatsApp\" rel=\"nofollow noopener\"><\/a><\/li>\n<li><a href=\"https:\/\/www.facebook.com\/sharer.php?u=https:\/\/www.correiobraziliense.com.br%2Fdiversao-e-arte%2F2025%2F12%2F7307539-virginia-fonseca-revela-habito-que-adotou-do-relacionamento-com-vini-jr.html&amp;text=Virginia+Fonseca+revela+h%C3%A1bito+que+adotou+do+relacionamento+com+Vini+Jr.\" target=\"_blank\" title=\"Facebook\" aria-label=\"Facebook\" rel=\"nofollow noopener\"><\/a><\/li>\n<li><a href=\"https:\/\/twitter.com\/intent\/tweet?url=https:\/\/www.correiobraziliense.com.br%2Fdiversao-e-arte%2F2025%2F12%2F7307539-virginia-fonseca-revela-habito-que-adotou-do-relacionamento-com-vini-jr.html&amp;text=Virginia+Fonseca+revela+h%C3%A1bito+que+adotou+do+relacionamento+com+Vini+Jr.\" target=\"_blank\" title=\"Twitter\" aria-label=\"Twitter\" rel=\"nofollow noopener\"><\/a><\/li>\n<li><a href=\"https:\/\/profile.google.com\/cp\/CgovbS8wNzZ0dms1\" title=\"Google Discover\" target=\"_blank\" aria-label=\"Google Discover\" rel=\"nofollow noopener\"><img decoding=\"async\" src=\"https:\/\/www.europesays.com\/pt\/wp-content\/uploads\/2025\/11\/1762975755_52_google-discover-icon.png\" style=\"height: 25px; margin: 0 !important; margin-left: 3px;\" alt=\"Google Discover Icon\"\/><\/a><\/li>\n<\/ul>\n<p>              <a href=\"https:\/\/www.correiobraziliense.com.br\/autor\/observatorio-dos-famosos\/page\/1\/\" style=\"height: 100%;\" rel=\"nofollow noopener\" target=\"_blank\"><img decoding=\"async\" class=\"hidden-print author-circle d-block h6 mt-0 mb-0 mr-6 text-center\" src=\"https:\/\/www.europesays.com\/pt\/wp-content\/uploads\/2025\/07\/logo_observatorio_dos_famosos-29028262.png\" alt=\"\" width=\"40\" height=\"40\" loading=\"lazy\" style=\"object-fit:cover; width: 40px; height: 40px; margin-right:10px;\"\/><\/a><a href=\"https:\/\/www.correiobraziliense.com.br\/autor\/observatorio-dos-famosos\/page\/1\/\" rel=\"nofollow noopener\" target=\"_blank\"><img decoding=\"async\" class=\"hidden-print author-circle d-block h6 mt-0 mb-0 mr-6 text-center\" src=\"https:\/\/www.europesays.com\/pt\/wp-content\/uploads\/2025\/07\/logo_observatorio_dos_famosos-29028262.png\" alt=\"\" width=\"40\" height=\"40\" loading=\"lazy\" style=\"object-fit:cover; width: 40px; height: 40px; margin-right:10px;\"\/><\/a>Observat\u00f3rio dos Famosos  <strong class=\"entryStrongAuthor\"\/><\/p>\n<p>                          <script async src=\"https:\/\/platform.twitter.com\/widgets.js\" charset=\"utf-8\"><\/script><\/p>\n","protected":false},"excerpt":{"rendered":"Virginia Fonseca usou suas redes sociais nesta \u00faltima quinta-feira (4), e chamou a aten\u00e7\u00e3o dos seguidores ao revelar&hellip;\n","protected":false},"author":2,"featured_media":177143,"comment_status":"","ping_status":"","sticky":false,"template":"","format":"standard","meta":{"footnotes":""},"categories":[145],"tags":[211,210,114,115,5228,32,33,3126,1446],"class_list":{"0":"post-177142","1":"post","2":"type-post","3":"status-publish","4":"format-standard","5":"has-post-thumbnail","7":"category-celebridades","8":"tag-celebridades","9":"tag-celebrities","10":"tag-entertainment","11":"tag-entretenimento","12":"tag-influenciadora","13":"tag-portugal","14":"tag-pt","15":"tag-vini-jr","16":"tag-virginia-fonseca"},"share_on_mastodon":{"url":"https:\/\/pubeurope.com\/@pt\/115669205588727025","error":""},"_links":{"self":[{"href":"https:\/\/www.europesays.com\/pt\/wp-json\/wp\/v2\/posts\/177142","targetHints":{"allow":["GET"]}}],"collection":[{"href":"https:\/\/www.europesays.com\/pt\/wp-json\/wp\/v2\/posts"}],"about":[{"href":"https:\/\/www.europesays.com\/pt\/wp-json\/wp\/v2\/types\/post"}],"author":[{"embeddable":true,"href":"https:\/\/www.europesays.com\/pt\/wp-json\/wp\/v2\/users\/2"}],"replies":[{"embeddable":true,"href":"https:\/\/www.europesays.com\/pt\/wp-json\/wp\/v2\/comments?post=177142"}],"version-history":[{"count":0,"href":"https:\/\/www.europesays.com\/pt\/wp-json\/wp\/v2\/posts\/177142\/revisions"}],"wp:featuredmedia":[{"embeddable":true,"href":"https:\/\/www.europesays.com\/pt\/wp-json\/wp\/v2\/media\/177143"}],"wp:attachment":[{"href":"https:\/\/www.europesays.com\/pt\/wp-json\/wp\/v2\/media?parent=177142"}],"wp:term":[{"taxonomy":"category","embeddable":true,"href":"https:\/\/www.europesays.com\/pt\/wp-json\/wp\/v2\/categories?post=177142"},{"taxonomy":"post_tag","embeddable":true,"href":"https:\/\/www.europesays.com\/pt\/wp-json\/wp\/v2\/tags?post=177142"}],"curies":[{"name":"wp","href":"https:\/\/api.w.org\/{rel}","templated":true}]}}