{"id":177144,"date":"2025-12-05T22:01:08","date_gmt":"2025-12-05T22:01:08","guid":{"rendered":"https:\/\/www.europesays.com\/pt\/177144\/"},"modified":"2025-12-05T22:01:08","modified_gmt":"2025-12-05T22:01:08","slug":"quer-entrar-na-casa-dos-segredos-10-saiba-como-fazer-a-inscricao-secret-story","status":"publish","type":"post","link":"https:\/\/www.europesays.com\/pt\/177144\/","title":{"rendered":"Quer Entrar na Casa dos Segredos 10? Saiba como fazer a inscri\u00e7\u00e3o &#8211; Secret Story"},"content":{"rendered":"<p style=\"margin-bottom:11px\">A grande revela\u00e7\u00e3o j\u00e1 est\u00e1 feita: o Secret Story \u2013 Casa dos Segredos regressa \u00e0 TVI para a t\u00e3o aguardada 10.\u00aa edi\u00e7\u00e3o, e as inscri\u00e7\u00f5es j\u00e1 est\u00e3o oficialmente abertas. A Voz lan\u00e7ou o desafio a todos os que sonham viver a experi\u00eancia mais enigm\u00e1tica da televis\u00e3o portuguesa.<\/p>\n<p>\u00abOs meus novos habitantes t\u00eam de ser destemidos, audazes, ambiciosos e capazes de desvendar todos os mist\u00e9rios e segredos que a minha Casa esconde\u00bb, afirmou o ic\u00f3nico anfitri\u00e3o, deixando claro que procura concorrentes \u00fanicos e prontos para tudo.<\/p>\n<p>Como participar no Secret Story 10 <\/p>\n<p>Se guarda um segredo bem protegido e sempre se imaginou num reality show, esta pode ser a oportunidade que tanto esperava.<br \/>Para se inscrever, basta preencher o formul\u00e1rio dispon\u00edvel <a href=\"https:\/\/shortaudition.net\/Secret-Story-10\" rel=\"nofollow noopener\" target=\"_blank\">no LINK<\/a> e dar o primeiro passo rumo \u00e0 Casa mais vigiada do pa\u00eds.<\/p>\n<p>A 10.\u00aa edi\u00e7\u00e3o promete surpresas, revela\u00e7\u00f5es e novos desafios.<\/p>\n<p>N\u00e3o perca esta oportunidade.<\/p>\n<p>\u00c9 tudo\u2026 por agora.<\/p>\n<p>Inscri\u00e7\u00f5es aqui:<a href=\"https:\/\/shortaudition.net\/Secret-Story-10\" rel=\"nofollow noopener\" target=\"_blank\">\u00a0https:\/\/shortaudition.net\/Secret-Story-10\u00a0<\/a><\/p>\n<p style=\"margin-bottom:11px\">\u00a0<\/p>\n","protected":false},"excerpt":{"rendered":"A grande revela\u00e7\u00e3o j\u00e1 est\u00e1 feita: o Secret Story \u2013 Casa dos Segredos regressa \u00e0 TVI para a&hellip;\n","protected":false},"author":2,"featured_media":177145,"comment_status":"","ping_status":"","sticky":false,"template":"","format":"standard","meta":{"footnotes":""},"categories":[142],"tags":[8113,2632,329,333,328,335,336,114,115,334,330,14831,1326,338,19019,13,32,33,1315,8174,151,162,19020,227],"class_list":{"0":"post-177144","1":"post","2":"type-post","3":"status-publish","4":"format-standard","5":"has-post-thumbnail","7":"category-tv","8":"tag-alice-alves","9":"tag-casa-dos-segredos","10":"tag-claudio-ramos","11":"tag-comentadores","12":"tag-concorrentes","13":"tag-confrontos","14":"tag-discussoes","15":"tag-entertainment","16":"tag-entretenimento","17":"tag-exclusivos","18":"tag-gala","19":"tag-inscricoes","20":"tag-mafalda-castro","21":"tag-maria-botelho-moniz","22":"tag-marta-cardoso","23":"tag-noticias","24":"tag-portugal","25":"tag-pt","26":"tag-secret-story","27":"tag-segredos","28":"tag-tv","29":"tag-tvi","30":"tag-video-do-dia","31":"tag-videos"},"share_on_mastodon":{"url":"https:\/\/pubeurope.com\/@pt\/115669216986023108","error":""},"_links":{"self":[{"href":"https:\/\/www.europesays.com\/pt\/wp-json\/wp\/v2\/posts\/177144","targetHints":{"allow":["GET"]}}],"collection":[{"href":"https:\/\/www.europesays.com\/pt\/wp-json\/wp\/v2\/posts"}],"about":[{"href":"https:\/\/www.europesays.com\/pt\/wp-json\/wp\/v2\/types\/post"}],"author":[{"embeddable":true,"href":"https:\/\/www.europesays.com\/pt\/wp-json\/wp\/v2\/users\/2"}],"replies":[{"embeddable":true,"href":"https:\/\/www.europesays.com\/pt\/wp-json\/wp\/v2\/comments?post=177144"}],"version-history":[{"count":0,"href":"https:\/\/www.europesays.com\/pt\/wp-json\/wp\/v2\/posts\/177144\/revisions"}],"wp:featuredmedia":[{"embeddable":true,"href":"https:\/\/www.europesays.com\/pt\/wp-json\/wp\/v2\/media\/177145"}],"wp:attachment":[{"href":"https:\/\/www.europesays.com\/pt\/wp-json\/wp\/v2\/media?parent=177144"}],"wp:term":[{"taxonomy":"category","embeddable":true,"href":"https:\/\/www.europesays.com\/pt\/wp-json\/wp\/v2\/categories?post=177144"},{"taxonomy":"post_tag","embeddable":true,"href":"https:\/\/www.europesays.com\/pt\/wp-json\/wp\/v2\/tags?post=177144"}],"curies":[{"name":"wp","href":"https:\/\/api.w.org\/{rel}","templated":true}]}}