{"id":177156,"date":"2025-12-05T22:10:08","date_gmt":"2025-12-05T22:10:08","guid":{"rendered":"https:\/\/www.europesays.com\/pt\/177156\/"},"modified":"2025-12-05T22:10:08","modified_gmt":"2025-12-05T22:10:08","slug":"souto-moura-estacao-do-tgv-em-santo-ovidio-seria-uma-trapalhada-para-o-centro-de-gaia","status":"publish","type":"post","link":"https:\/\/www.europesays.com\/pt\/177156\/","title":{"rendered":"Souto Moura: &#8220;Esta\u00e7\u00e3o do TGV em Santo Ov\u00eddio seria uma trapalhada para o centro de Gaia&#8221;"},"content":{"rendered":"<p data-remotead-prev-elm=\"true\" data-remotead-elm-id=\"inread\">O arquiteto, que \u00e9 o autor do projeto para a poss\u00edvel esta\u00e7\u00e3o em Vilar do Para\u00edso, assim como da esta\u00e7\u00e3o em Campanh\u00e3, no Porto, tamb\u00e9m no \u00e2mbito do TGV, participou, esta sexta-feira, num debate promovido pela Ordem dos Engenheiros Regi\u00e3o Norte, acerca da alta velocidade, em particular sobre o tro\u00e7o Porto-Oi\u00e3 (Aveiro), que \u00e9 o que est\u00e1 em cima da mesa. Nenhum dos oradores conseguiu quantificar o n\u00famero de casas e de f\u00e1bricas que ter\u00e3o que ir abaixo.<\/p>\n","protected":false},"excerpt":{"rendered":"O arquiteto, que \u00e9 o autor do projeto para a poss\u00edvel esta\u00e7\u00e3o em Vilar do Para\u00edso, assim como&hellip;\n","protected":false},"author":2,"featured_media":177157,"comment_status":"","ping_status":"","sticky":false,"template":"","format":"standard","meta":{"footnotes":""},"categories":[10],"tags":[27,28,20018,19635,15,16,14,25255,25,26,352,21,22,12,13,19,20,32,23,24,33,19836,17,18,29,30,31],"class_list":{"0":"post-177156","1":"post","2":"type-post","3":"status-publish","4":"format-standard","5":"has-post-thumbnail","7":"category-portugal","8":"tag-breaking-news","9":"tag-breakingnews","10":"tag-concelho-porto","11":"tag-concelho-vila-nova-de-gaia","12":"tag-featured-news","13":"tag-featurednews","14":"tag-headlines","15":"tag-infraestruturas-de-portugal","16":"tag-latest-news","17":"tag-latestnews","18":"tag-local","19":"tag-main-news","20":"tag-mainnews","21":"tag-news","22":"tag-noticias","23":"tag-noticias-principais","24":"tag-noticiasprincipais","25":"tag-portugal","26":"tag-principais-noticias","27":"tag-principaisnoticias","28":"tag-pt","29":"tag-tgv","30":"tag-top-stories","31":"tag-topstories","32":"tag-ultimas","33":"tag-ultimas-noticias","34":"tag-ultimasnoticias"},"share_on_mastodon":{"url":"https:\/\/pubeurope.com\/@pt\/115669252547008670","error":""},"_links":{"self":[{"href":"https:\/\/www.europesays.com\/pt\/wp-json\/wp\/v2\/posts\/177156","targetHints":{"allow":["GET"]}}],"collection":[{"href":"https:\/\/www.europesays.com\/pt\/wp-json\/wp\/v2\/posts"}],"about":[{"href":"https:\/\/www.europesays.com\/pt\/wp-json\/wp\/v2\/types\/post"}],"author":[{"embeddable":true,"href":"https:\/\/www.europesays.com\/pt\/wp-json\/wp\/v2\/users\/2"}],"replies":[{"embeddable":true,"href":"https:\/\/www.europesays.com\/pt\/wp-json\/wp\/v2\/comments?post=177156"}],"version-history":[{"count":0,"href":"https:\/\/www.europesays.com\/pt\/wp-json\/wp\/v2\/posts\/177156\/revisions"}],"wp:featuredmedia":[{"embeddable":true,"href":"https:\/\/www.europesays.com\/pt\/wp-json\/wp\/v2\/media\/177157"}],"wp:attachment":[{"href":"https:\/\/www.europesays.com\/pt\/wp-json\/wp\/v2\/media?parent=177156"}],"wp:term":[{"taxonomy":"category","embeddable":true,"href":"https:\/\/www.europesays.com\/pt\/wp-json\/wp\/v2\/categories?post=177156"},{"taxonomy":"post_tag","embeddable":true,"href":"https:\/\/www.europesays.com\/pt\/wp-json\/wp\/v2\/tags?post=177156"}],"curies":[{"name":"wp","href":"https:\/\/api.w.org\/{rel}","templated":true}]}}