{"id":177158,"date":"2025-12-05T22:11:21","date_gmt":"2025-12-05T22:11:21","guid":{"rendered":"https:\/\/www.europesays.com\/pt\/177158\/"},"modified":"2025-12-05T22:11:21","modified_gmt":"2025-12-05T22:11:21","slug":"esclarecido-o-misterio-caso-dos-menores-encontrados-sozinhos-em-alojamento-local-envolve-um-adulto-que-bebeu-demasiado-e-ficou-a-dormir-no-carro","status":"publish","type":"post","link":"https:\/\/www.europesays.com\/pt\/177158\/","title":{"rendered":"Esclarecido o mist\u00e9rio: caso dos menores encontrados sozinhos em alojamento local envolve um adulto que &#8220;bebeu demasiado&#8221; e ficou a dormir no carro"},"content":{"rendered":"<p>\t                Aconteceu no norte do pa\u00eds mas envolve uma fam\u00edlia que vive no sul<\/p>\n<p>Tr\u00eas menores que foram <a href=\"https:\/\/cnnportugal.iol.pt\/porto\/matosinhos\/tres-menores-encontrados-sozinhos-em-alojamento-local-em-matosinhos\/20251205\/6932b062d34e2bd5c6d4c45b\" target=\"_blank\" rel=\"nofollow noopener\">encontrados sozinhos num alojamento local em Matosinhos<\/a>\u00a0s\u00e3o de Lisboa e tinham ido at\u00e9 ao Porto a acompanhar uma mulher, de 33 anos, a\u00a0um jantar de trabalho. A fam\u00edlia vive em Lisboa e a mulher \u00e9 m\u00e3e de dois dos menores &#8211;\u00a0 um de 3 anos, outro de 5; \u00e9 tia da outra menor, uma rapariga de 15 anos.<\/p>\n<p>A menor de 15 anos ficou respons\u00e1vel pelos outros menores, apurou a CNN Portugal junto da PSP do Porto.<\/p>\n<p>A mulher deixou os menores pelas 19:00 de quarta-feira no alojamento local e quando, \u00e0s 9:00 de quinta-feira, a mulher ainda n\u00e3o tinha regressado, a crian\u00e7a mais velha ligou para o 112 a pedir ajudar.<\/p>\n<p>A PSP tentou contactar a mulher, mas n\u00e3o conseguiu. Cerca das 11:00, j\u00e1 depois de ter falado com as autoridades, a mulher chegou ao alojamento e admitiu que tinha &#8220;bebido demasiado&#8221; e &#8220;dormido dentro do carro&#8221;.<\/p>\n<p>As crian\u00e7as foram entregues \u00e0 mulher, mas o caso vai agora ser avaliado pela Comiss\u00e3o de Prote\u00e7\u00e3o de Crian\u00e7as e Jovens, que deve analisar as condi\u00e7\u00f5es de cuidado e supervis\u00e3o dos menores.<\/p>\n","protected":false},"excerpt":{"rendered":"Aconteceu no norte do pa\u00eds mas envolve uma fam\u00edlia que vive no sul Tr\u00eas menores que foram encontrados&hellip;\n","protected":false},"author":2,"featured_media":59700,"comment_status":"","ping_status":"","sticky":false,"template":"","format":"standard","meta":{"footnotes":""},"categories":[8],"tags":[609,611,27,28,607,608,604,610,539,15,16,14,36658,603,25,26,570,8204,21,22,25096,606,12,13,19,20,602,462,32,23,24,33,58,605,13225,17,18,29,30,31],"class_list":{"0":"post-177158","1":"post","2":"type-post","3":"status-publish","4":"format-standard","5":"has-post-thumbnail","7":"category-principais-noticias","8":"tag-alerta","9":"tag-ao-minuto","10":"tag-breaking-news","11":"tag-breakingnews","12":"tag-cnn","13":"tag-cnn-portugal","14":"tag-crime","15":"tag-direto","16":"tag-educacao","17":"tag-featured-news","18":"tag-featurednews","19":"tag-headlines","20":"tag-jantar-de-trabalho","21":"tag-justica","22":"tag-latest-news","23":"tag-latestnews","24":"tag-live","25":"tag-mae","26":"tag-main-news","27":"tag-mainnews","28":"tag-menores","29":"tag-meteorologia","30":"tag-news","31":"tag-noticias","32":"tag-noticias-principais","33":"tag-noticiasprincipais","34":"tag-pais","35":"tag-porto","36":"tag-portugal","37":"tag-principais-noticias","38":"tag-principaisnoticias","39":"tag-pt","40":"tag-sociedade","41":"tag-tempo","42":"tag-tia","43":"tag-top-stories","44":"tag-topstories","45":"tag-ultimas","46":"tag-ultimas-noticias","47":"tag-ultimasnoticias"},"share_on_mastodon":{"url":"","error":"Validation failed: Text character limit of 500 exceeded"},"_links":{"self":[{"href":"https:\/\/www.europesays.com\/pt\/wp-json\/wp\/v2\/posts\/177158","targetHints":{"allow":["GET"]}}],"collection":[{"href":"https:\/\/www.europesays.com\/pt\/wp-json\/wp\/v2\/posts"}],"about":[{"href":"https:\/\/www.europesays.com\/pt\/wp-json\/wp\/v2\/types\/post"}],"author":[{"embeddable":true,"href":"https:\/\/www.europesays.com\/pt\/wp-json\/wp\/v2\/users\/2"}],"replies":[{"embeddable":true,"href":"https:\/\/www.europesays.com\/pt\/wp-json\/wp\/v2\/comments?post=177158"}],"version-history":[{"count":0,"href":"https:\/\/www.europesays.com\/pt\/wp-json\/wp\/v2\/posts\/177158\/revisions"}],"wp:featuredmedia":[{"embeddable":true,"href":"https:\/\/www.europesays.com\/pt\/wp-json\/wp\/v2\/media\/59700"}],"wp:attachment":[{"href":"https:\/\/www.europesays.com\/pt\/wp-json\/wp\/v2\/media?parent=177158"}],"wp:term":[{"taxonomy":"category","embeddable":true,"href":"https:\/\/www.europesays.com\/pt\/wp-json\/wp\/v2\/categories?post=177158"},{"taxonomy":"post_tag","embeddable":true,"href":"https:\/\/www.europesays.com\/pt\/wp-json\/wp\/v2\/tags?post=177158"}],"curies":[{"name":"wp","href":"https:\/\/api.w.org\/{rel}","templated":true}]}}