{"id":177169,"date":"2025-12-05T22:19:07","date_gmt":"2025-12-05T22:19:07","guid":{"rendered":"https:\/\/www.europesays.com\/pt\/177169\/"},"modified":"2025-12-05T22:19:07","modified_gmt":"2025-12-05T22:19:07","slug":"erupcao-vulcanica-desencadeou-efeito-domino-que-provocou-peste-negra-na-europa-historia","status":"publish","type":"post","link":"https:\/\/www.europesays.com\/pt\/177169\/","title":{"rendered":"Erup\u00e7\u00e3o vulc\u00e2nica desencadeou efeito-domin\u00f3 que provocou Peste Negra na Europa | Hist\u00f3ria"},"content":{"rendered":"<p>Uma equipa de cientistas da Universidade de Cambridge (Reino Unido) e do Instituto Leibniz para a Hist\u00f3ria e Cultura da Europa de Leste, em Leipzig (Alemanha), utilizou uma combina\u00e7\u00e3o de dados clim\u00e1ticos e provas documentais para reconstituir a sequ\u00eancia de acontecimentos que levaram \u00e0 pandemia mais devastadora da hist\u00f3ria, que em algumas regi\u00f5es causou a morte de 60% da popula\u00e7\u00e3o.<\/p>\n<p>A investiga\u00e7\u00e3o, <a href=\"https:\/\/www.nature.com\/articles\/s43247-025-02964-0\" target=\"_blank\" rel=\"nofollow noopener\">publicada <\/a>na revista Communications Earth &amp; Environment, sugere que uma erup\u00e7\u00e3o vulc\u00e2nica \u2013 ou uma s\u00e9rie de erup\u00e7\u00f5es \u2013 por volta de 1345 produziu uma nuvem de cinzas e gases vulc\u00e2nicos que provocou uma descida acentuada das temperaturas durante v\u00e1rios anos consecutivos e arruinou as culturas agr\u00edcolas em toda a regi\u00e3o do Mediterr\u00e2neo.<\/p>\n<p>Em resposta a este desastre, e para evitar a agita\u00e7\u00e3o social ou a fome, as cidades-Estado italianas come\u00e7aram a fazer com\u00e9rcio com os produtores de cereais da costa do mar Negro. Esta mudan\u00e7a nas rotas comerciais garantiu o abastecimento de alimentos \u00e0 popula\u00e7\u00e3o, mas tamb\u00e9m serviu de ponto de entrada para a bact\u00e9ria causadora da peste, a Yersinia pestis.<\/p>\n<p>O <a href=\"https:\/\/www.nature.com\/articles\/s43247-025-02964-0\" target=\"_blank\" rel=\"nofollow noopener\">estudo <\/a>utilizou dados naturais e hist\u00f3ricos de alta qualidade para estabelecer uma liga\u00e7\u00e3o directa entre o clima, a agricultura, o com\u00e9rcio e as origens da <a href=\"https:\/\/www.publico.pt\/2010\/10\/08\/ciencia\/noticia\/identificada-bacteria-que-causou-a-peste-negra-na-idade-media-1460136\" rel=\"nofollow noopener\" target=\"_blank\">Peste Negra<\/a>.<\/p>\n<p>                &#13;<br \/>\n                    &#13;<br \/>\n                    &#13;<br \/>\n                        Investigador a recolher amostras dos an\u00e9is de crescimento das \u00e1rvores nos Pirin\u00e9us&#13;<br \/>\nUlf B\u00fcntgen                    &#13;<\/p>\n<p>Os investigadores confirmaram a erup\u00e7\u00e3o vulc\u00e2nica gra\u00e7as a informa\u00e7\u00f5es contidas nos an\u00e9is de crescimento das \u00e1rvores dos Piren\u00e9us espanh\u00f3is, onde \u201can\u00e9is azuis\u201d consecutivos indicam Ver\u00f5es excepcionalmente frios e h\u00famidos em 1345, 1346 e 1347 em grande parte do Sul da Europa. E embora um \u00fanico ano frio n\u00e3o seja invulgar, os Ver\u00f5es frios consecutivos s\u00e3o extremamente raros, observaram os autores do estudo.<\/p>\n<p>Al\u00e9m disso, as provas documentais do mesmo per\u00edodo indicam uma cobertura de nuvens invulgar e eclipses lunares escuros, confirmando a actividade vulc\u00e2nica.<\/p>\n<p>O agravamento das condi\u00e7\u00f5es climat\u00e9ricas, desencadeado pela actividade vulc\u00e2nica, levou a m\u00e1s colheitas, perdas de colheitas e fomes em todo o continente europeu, com excep\u00e7\u00e3o das rep\u00fablicas mar\u00edtimas italianas de Veneza, G\u00e9nova e Pisa, que importaram cereais da Horda Dourada, o Imp\u00e9rio Mongol, em 1347.<\/p>\n<p>                &#13;<br \/>\n                    &#13;<br \/>\n                    &#13;<br \/>\n                        Amostras, vistas ao microsc\u00f3pio, dos an\u00e9is de crescimento das \u00e1rvores dos Piren\u00e9us, que indicam os \u201can\u00e9is azuis\u201d relativos aos anos mais frios&#13;<br \/>\nUlf B\u00fcntgen                    &#13;<\/p>\n<p>\u201cDurante mais de um s\u00e9culo, estas poderosas cidades-Estado italianas estabeleceram rotas comerciais de longa dist\u00e2ncia atrav\u00e9s do Mediterr\u00e2neo e do mar Negro, o que lhes permitiu activar um sistema altamente eficaz para evitar a fome\u201d, mas que, em \u00faltima an\u00e1lise, \u201cinadvertidamente as levou a uma cat\u00e1strofe muito maior\u201d, analisou Martin Bauch, historiador do clima medieval do Instituto Leibniz de Hist\u00f3ria e co-autor do <a href=\"https:\/\/www.nature.com\/articles\/s43247-025-02964-0\" target=\"_blank\" rel=\"nofollow noopener\">estudo<\/a>.<\/p>\n<p>\u00c9 muito prov\u00e1vel que os navios que transportavam cereais do mar Negro tamb\u00e9m transportassem pulgas infectadas com Yersinia pestis, como investiga\u00e7\u00f5es anteriores j\u00e1 tinham indicado.<\/p>\n<p>Quando as pulgas infectadas chegaram aos portos do Mediterr\u00e2neo, no s\u00e9culo XIV, em navios carregados de cereais, tornaram-se vectores de transmiss\u00e3o da doen\u00e7a, permitindo que a bact\u00e9ria saltasse dos hospedeiros mam\u00edferos \u2013 sobretudo roedores, mas tamb\u00e9m animais dom\u00e9sticos \u2013 para os humanos.<\/p>\n<p>A doen\u00e7a espalhou-se rapidamente pela Europa, devastando a popula\u00e7\u00e3o.<\/p>\n<p>Os investigadores conclu\u00edram que a \u201ctempestade perfeita\u201d de factores clim\u00e1ticos, agr\u00edcolas, sociais e econ\u00f3micos, que ocorreu ap\u00f3s 1345 e conduziu \u00e0 Peste Negra, pode ser vista como um exemplo precoce das consequ\u00eancias da globaliza\u00e7\u00e3o.<\/p>\n","protected":false},"excerpt":{"rendered":"Uma equipa de cientistas da Universidade de Cambridge (Reino Unido) e do Instituto Leibniz para a Hist\u00f3ria e&hellip;\n","protected":false},"author":2,"featured_media":177170,"comment_status":"","ping_status":"","sticky":false,"template":"","format":"standard","meta":{"footnotes":""},"categories":[86],"tags":[109,529,116,736,5734,12544,32,33,117,11166],"class_list":{"0":"post-177169","1":"post","2":"type-post","3":"status-publish","4":"format-standard","5":"has-post-thumbnail","7":"category-saude","8":"tag-ciencia","9":"tag-doencas","10":"tag-health","11":"tag-historia","12":"tag-pandemia","13":"tag-peste-negra","14":"tag-portugal","15":"tag-pt","16":"tag-saude","17":"tag-vulcoes"},"share_on_mastodon":{"url":"https:\/\/pubeurope.com\/@pt\/115669287837784876","error":""},"_links":{"self":[{"href":"https:\/\/www.europesays.com\/pt\/wp-json\/wp\/v2\/posts\/177169","targetHints":{"allow":["GET"]}}],"collection":[{"href":"https:\/\/www.europesays.com\/pt\/wp-json\/wp\/v2\/posts"}],"about":[{"href":"https:\/\/www.europesays.com\/pt\/wp-json\/wp\/v2\/types\/post"}],"author":[{"embeddable":true,"href":"https:\/\/www.europesays.com\/pt\/wp-json\/wp\/v2\/users\/2"}],"replies":[{"embeddable":true,"href":"https:\/\/www.europesays.com\/pt\/wp-json\/wp\/v2\/comments?post=177169"}],"version-history":[{"count":0,"href":"https:\/\/www.europesays.com\/pt\/wp-json\/wp\/v2\/posts\/177169\/revisions"}],"wp:featuredmedia":[{"embeddable":true,"href":"https:\/\/www.europesays.com\/pt\/wp-json\/wp\/v2\/media\/177170"}],"wp:attachment":[{"href":"https:\/\/www.europesays.com\/pt\/wp-json\/wp\/v2\/media?parent=177169"}],"wp:term":[{"taxonomy":"category","embeddable":true,"href":"https:\/\/www.europesays.com\/pt\/wp-json\/wp\/v2\/categories?post=177169"},{"taxonomy":"post_tag","embeddable":true,"href":"https:\/\/www.europesays.com\/pt\/wp-json\/wp\/v2\/tags?post=177169"}],"curies":[{"name":"wp","href":"https:\/\/api.w.org\/{rel}","templated":true}]}}