{"id":17717,"date":"2025-08-05T22:59:13","date_gmt":"2025-08-05T22:59:13","guid":{"rendered":"https:\/\/www.europesays.com\/pt\/17717\/"},"modified":"2025-08-05T22:59:13","modified_gmt":"2025-08-05T22:59:13","slug":"ana-borges-a-contas-com-lesao-no-ligamento-cruzado-anterior-zerozero-pt","status":"publish","type":"post","link":"https:\/\/www.europesays.com\/pt\/17717\/","title":{"rendered":"Ana Borges a contas com les\u00e3o no ligamento cruzado anterior &#8211; zerozero.pt"},"content":{"rendered":"<ol>\n<li><a href=\"https:\/\/news.google.com\/rss\/articles\/CBMioAFBVV95cUxQMklnSG9HRGFWMzlWU1VsNU5aZ25EWk5TSVFiNVpZMXAzVjdRR1B0aVBXNFF5Y3E2X3NuR3NwTFNKN0JlNzVUQllyTEdxYS03cUpvOWlTUHIzZlFNbm9OaEYwaFJjMm9kbHBTUlh5SDM0UmlLQWtETlhMMW5yZ0IxNlByZUh2a05jMUpyeUVIQ0NVYldQZnppZGV0TFVnOEQz?oc=5\" target=\"_blank\" rel=\"nofollow noopener\">Ana Borges a contas com les\u00e3o no ligamento cruzado anterior<\/a>&nbsp;&nbsp;zerozero.pt<\/li>\n<li><a href=\"https:\/\/news.google.com\/rss\/articles\/CBMikgFBVV95cUxPcWFpMnFpcldiVnQtS09aZjZaZk8tcmVhYWJ4R0s2TnRNMTJnNklkbVl6OFZFeHgzRWR4VTJnTWx5ZGJ6Z3VKZEpMRDNCdVcyc2xQWFNIanZVQmtLdm9wOWpPeFBOdjNnVWdVWjY1ZkhkZzRLVTdBRE9oZWNTaTRsVUE1RktFT05GeGNpYTQ1d0xLZw?oc=5\" target=\"_blank\" rel=\"nofollow noopener\">Ana Borges reage \u00e0 les\u00e3o: \u00abCusta aceitar&#8230;\u00bb<\/a>&nbsp;&nbsp;A Bola<\/li>\n<li><a href=\"https:\/\/news.google.com\/rss\/articles\/CBMinwFBVV95cUxOVGhJRnZxWVdGX1dNYWFGdmx1OW1uR3VyS1NhZDVQSGlGZ3g1YWw5UXBPU3paRHNHQnhoVEFSVFZHbTJaNUtCbGd2UElQdEJfOXRhUlV5WU1yT3JpcnFCUGFsT0hDdnA2dkdKckpUblI0V3QtZE5veFJocTNWOWlCVzJudG5pRElvN1BEVi1SU21WbTZMYzVkOUFHWW1BY2c?oc=5\" target=\"_blank\" rel=\"nofollow noopener\">Ana Borges lesiona-se e pode falhar toda a temporada<\/a>&nbsp;&nbsp;RTP<\/li>\n<li><a href=\"https:\/\/news.google.com\/rss\/articles\/CBMiwAFBVV95cUxQRzNoUGd2R2tvM1A5dGxHRHlOUFA5RFZObThoNGlhWDNFUzZDQXMzMUFmLWdzam1UUXVyVXNVYTRlNlFKZjJZY3ZRUlYyUDhJc1M0SjNWaTRDX1VrSlRibFVSdkVHUEx2Qko2ZjBOVks1V1ZhTzdybmptdjByam1Wa1hqVGhQVjluOGZXb0ZiWGdmMjc5TTdrOE9vOHRtVmpfS2o2LWdjcS1WaUpSQkpkNVF6dW1LU3VlLTRnbTlzcW8?oc=5\" target=\"_blank\" rel=\"nofollow noopener\">Acaba de chegar ao Benfica e j\u00e1 vai falhar a \u00e9poca 2025\/26<\/a>&nbsp;&nbsp;MSN<\/li>\n<li><a href=\"https:\/\/news.google.com\/rss\/articles\/CBMisAFBVV95cUxOUkZiX0ozY0hHT2Y3X3BBMkppci0tbDNCdk5xSDF3YlhUZG5VelVNcHpiRzNtTHZuQkFPZldYQ1NzSmhpYVRzb3V4RkJ3dnhDQWh2TE5HOVlSMHVGSVRlbGZTdVVucXFDRW5kOGtuLWlvYXRzTGNndGpxaGJjYWZsbFZIRXQ0Ul9DZVpjclRaZklRMjM2QzRoUWwzTDJBZU1jWm1YVHl4OHkwNnJBTWRBTg?oc=5\" target=\"_blank\" rel=\"nofollow noopener\">Futebolista Ana Borges sofre les\u00e3o grave no joelho e enfrenta paragem prolongada<\/a>&nbsp;&nbsp;TSF R\u00e1dio Not\u00edcias<\/li>\n<\/ol>\n","protected":false},"excerpt":{"rendered":"Ana Borges a contas com les\u00e3o no ligamento cruzado anterior&nbsp;&nbsp;zerozero.pt Ana Borges reage \u00e0 les\u00e3o: \u00abCusta aceitar&#8230;\u00bb&nbsp;&nbsp;A Bola&hellip;\n","protected":false},"author":2,"featured_media":17718,"comment_status":"","ping_status":"","sticky":false,"template":"","format":"standard","meta":{"footnotes":""},"categories":[87],"tags":[135,526,524,13,32,33,527,525,134,523],"class_list":{"0":"post-17717","1":"post","2":"type-post","3":"status-publish","4":"format-standard","5":"has-post-thumbnail","7":"category-desporto","8":"tag-desporto","9":"tag-football","10":"tag-futebol","11":"tag-noticias","12":"tag-portugal","13":"tag-pt","14":"tag-resultados","15":"tag-soccer","16":"tag-sports","17":"tag-zerozero"},"share_on_mastodon":{"url":"","error":""},"_links":{"self":[{"href":"https:\/\/www.europesays.com\/pt\/wp-json\/wp\/v2\/posts\/17717","targetHints":{"allow":["GET"]}}],"collection":[{"href":"https:\/\/www.europesays.com\/pt\/wp-json\/wp\/v2\/posts"}],"about":[{"href":"https:\/\/www.europesays.com\/pt\/wp-json\/wp\/v2\/types\/post"}],"author":[{"embeddable":true,"href":"https:\/\/www.europesays.com\/pt\/wp-json\/wp\/v2\/users\/2"}],"replies":[{"embeddable":true,"href":"https:\/\/www.europesays.com\/pt\/wp-json\/wp\/v2\/comments?post=17717"}],"version-history":[{"count":0,"href":"https:\/\/www.europesays.com\/pt\/wp-json\/wp\/v2\/posts\/17717\/revisions"}],"wp:featuredmedia":[{"embeddable":true,"href":"https:\/\/www.europesays.com\/pt\/wp-json\/wp\/v2\/media\/17718"}],"wp:attachment":[{"href":"https:\/\/www.europesays.com\/pt\/wp-json\/wp\/v2\/media?parent=17717"}],"wp:term":[{"taxonomy":"category","embeddable":true,"href":"https:\/\/www.europesays.com\/pt\/wp-json\/wp\/v2\/categories?post=17717"},{"taxonomy":"post_tag","embeddable":true,"href":"https:\/\/www.europesays.com\/pt\/wp-json\/wp\/v2\/tags?post=17717"}],"curies":[{"name":"wp","href":"https:\/\/api.w.org\/{rel}","templated":true}]}}