{"id":177173,"date":"2025-12-05T22:23:12","date_gmt":"2025-12-05T22:23:12","guid":{"rendered":"https:\/\/www.europesays.com\/pt\/177173\/"},"modified":"2025-12-05T22:23:12","modified_gmt":"2025-12-05T22:23:12","slug":"sindicato-dos-pilotos-decide-aderir-a-greve-geral-apos-assembleia-geral","status":"publish","type":"post","link":"https:\/\/www.europesays.com\/pt\/177173\/","title":{"rendered":"Sindicato dos pilotos decide aderir \u00e0 greve geral ap\u00f3s assembleia-geral"},"content":{"rendered":"<p>&#13;<br \/>\nEm comunicado, o SPAC informa que a ades\u00e3o \u00e0 greve geral foi aprovada esta sexta-feira numa assembleia-geral extraordin\u00e1ria.\u00a0&#13;\n<\/p>\n<p><b>A decis\u00e3o foi aprovada com 76,5% de votos a favor e 23% votos contra. Houve ainda 0,5% votos em branco.\u00a0<\/b><\/p>\n<p>&#8220;Esta decis\u00e3o hist\u00f3rica reflete a gravidade do momento&#8221;, ressalva o SPAC.\u00a0&#13;\n<\/p>\n<p>Os pilotos afirmam que se recusam &#8220;a assistir passivamente ao desmantelamento dos direitos laborais em Portugal&#8221; e por isso &#8220;unem-se, de forma inequ\u00edvoca, \u00e0 luta de todos os trabalhadores&#8221; contra o pacote legislativo &#8220;Trabalho XXI&#8221;.\u00a0<\/p>\n<p><b>O sindicato afirma que este pacote &#8220;promove a precariedade e ataca a estabilidade&#8221; sob a capa da &#8220;moderniza\u00e7\u00e3o&#8221;.<\/b> Critica em concreto a &#8220;destrui\u00e7\u00e3o da contrata\u00e7\u00e3o coletiva&#8221; e o &#8220;fim da seguran\u00e7a no emprego&#8221;.\u00a0&#13;\n<\/p>\n<p>&#13;<br \/>\n<br \/>&#13;<br \/>\n&#8220;A maioria dos associados entendeu que este \u00e9 o momento de tra\u00e7ar um limite. A gravidade das medidas propostas pelo Governo exige uma resposta de for\u00e7a. <b>N\u00e3o vamos voar enquanto os nossos direitos estiverem sob ataque. A paralisa\u00e7\u00e3o ser\u00e1 total e a responsabilidade pelos transtornos recai inteiramente sobre quem insiste em legislar contra quem trabalha<\/b>&#8220;, afirmou o presidente do SPAC, H\u00e9lder Santinhos.\u00a0&#13;\n<\/p>\n<p>&#13;<br \/>\nO SPAC afirma ainda que se junta &#8220;\u00e0 vasta frente sindical&#8221; que se op\u00f5e, com esta greve, ao &#8220;retrocesso civilizacional&#8221;.\u00a0&#13;\n<\/p>\n<p>&#8220;A nossa luta \u00e9 a mesma de quem trabalha nos hospitais, nas escolas, nos escrit\u00f3rios, nas f\u00e1bricas e nos transportes&#8221;, l\u00ea-se no comunicado enviado \u00e0s reda\u00e7\u00f5es.\u00a0<\/p>\n","protected":false},"excerpt":{"rendered":"&#13; Em comunicado, o SPAC informa que a ades\u00e3o \u00e0 greve geral foi aprovada esta sexta-feira numa assembleia-geral&hellip;\n","protected":false},"author":2,"featured_media":177174,"comment_status":"","ping_status":"","sticky":false,"template":"","format":"standard","meta":{"footnotes":""},"categories":[50],"tags":[1310,27,28,15,16,31789,14,25,26,21,22,62,12,13,19,20,1364,23,24,8179,17,18,29,30,31,63,64,65],"class_list":{"0":"post-177173","1":"post","2":"type-post","3":"status-publish","4":"format-standard","5":"has-post-thumbnail","7":"category-mundo","8":"tag-aviacao","9":"tag-breaking-news","10":"tag-breakingnews","11":"tag-featured-news","12":"tag-featurednews","13":"tag-greve-geral","14":"tag-headlines","15":"tag-latest-news","16":"tag-latestnews","17":"tag-main-news","18":"tag-mainnews","19":"tag-mundo","20":"tag-news","21":"tag-noticias","22":"tag-noticias-principais","23":"tag-noticiasprincipais","24":"tag-pilotos","25":"tag-principais-noticias","26":"tag-principaisnoticias","27":"tag-sindicato","28":"tag-top-stories","29":"tag-topstories","30":"tag-ultimas","31":"tag-ultimas-noticias","32":"tag-ultimasnoticias","33":"tag-world","34":"tag-world-news","35":"tag-worldnews"},"share_on_mastodon":{"url":"https:\/\/pubeurope.com\/@pt\/115669303445908421","error":""},"_links":{"self":[{"href":"https:\/\/www.europesays.com\/pt\/wp-json\/wp\/v2\/posts\/177173","targetHints":{"allow":["GET"]}}],"collection":[{"href":"https:\/\/www.europesays.com\/pt\/wp-json\/wp\/v2\/posts"}],"about":[{"href":"https:\/\/www.europesays.com\/pt\/wp-json\/wp\/v2\/types\/post"}],"author":[{"embeddable":true,"href":"https:\/\/www.europesays.com\/pt\/wp-json\/wp\/v2\/users\/2"}],"replies":[{"embeddable":true,"href":"https:\/\/www.europesays.com\/pt\/wp-json\/wp\/v2\/comments?post=177173"}],"version-history":[{"count":0,"href":"https:\/\/www.europesays.com\/pt\/wp-json\/wp\/v2\/posts\/177173\/revisions"}],"wp:featuredmedia":[{"embeddable":true,"href":"https:\/\/www.europesays.com\/pt\/wp-json\/wp\/v2\/media\/177174"}],"wp:attachment":[{"href":"https:\/\/www.europesays.com\/pt\/wp-json\/wp\/v2\/media?parent=177173"}],"wp:term":[{"taxonomy":"category","embeddable":true,"href":"https:\/\/www.europesays.com\/pt\/wp-json\/wp\/v2\/categories?post=177173"},{"taxonomy":"post_tag","embeddable":true,"href":"https:\/\/www.europesays.com\/pt\/wp-json\/wp\/v2\/tags?post=177173"}],"curies":[{"name":"wp","href":"https:\/\/api.w.org\/{rel}","templated":true}]}}