{"id":177175,"date":"2025-12-05T22:28:51","date_gmt":"2025-12-05T22:28:51","guid":{"rendered":"https:\/\/www.europesays.com\/pt\/177175\/"},"modified":"2025-12-05T22:28:51","modified_gmt":"2025-12-05T22:28:51","slug":"reforma-mais-gorda-nova-regra-da-uniao-europeia-pretende-garantir-mais-dinheiro-para-os-futuros-pensionistas","status":"publish","type":"post","link":"https:\/\/www.europesays.com\/pt\/177175\/","title":{"rendered":"Reforma mais &#8216;gorda&#8217;: nova regra da Uni\u00e3o Europeia pretende garantir mais dinheiro para os futuros pensionistas"},"content":{"rendered":"<p id=\"h-\"><strong>A Uni\u00e3o Europeia est\u00e1 a preparar uma transforma\u00e7\u00e3o profunda na forma como os cidad\u00e3os constroem a sua reforma futura, com um pacote de recomenda\u00e7\u00f5es que promete alterar h\u00e1bitos de poupan\u00e7a em toda a regi\u00e3o. O plano, apresentado pela Comiss\u00e3o Europeia, prev\u00ea novas ferramentas digitais, mais simplicidade e mecanismos autom\u00e1ticos que, na pr\u00e1tica, poder\u00e3o garantir uma poupan\u00e7a complementar quase inevit\u00e1vel para quem trabalha.<\/strong><\/p>\n<p>De acordo com a pr\u00f3pria Comiss\u00e3o Europeia, estas orienta\u00e7\u00f5es surgem no \u00e2mbito da Uni\u00e3o de Poupan\u00e7a e Investimento (SIU), coordenada pela comiss\u00e1ria Maria Lu\u00eds Albuquerque, que tem liderado v\u00e1rios esfor\u00e7os para aproximar os europeus dos instrumentos de poupan\u00e7a e investimento. A inten\u00e7\u00e3o \u00e9 clara: refor\u00e7ar a sustentabilidade financeira das reformas num continente cada vez mais envelhecido.<\/p>\n<p><strong>Portal \u00fanico para consultar toda a carreira contributiva<\/strong><\/p>\n<p>Uma das propostas que Bruxelas coloca em cima da mesa \u00e9 a cria\u00e7\u00e3o de um sistema digital que permita a qualquer cidad\u00e3o consultar, num \u00fanico portal, todos os direitos de pens\u00e3o acumulados ao longo da vida. Segundo a Comiss\u00e3o Europeia, esta vis\u00e3o consolidada inclui carreiras feitas em diferentes pa\u00edses ou regimes, algo que, explica a institui\u00e7\u00e3o, continua hoje disperso e dif\u00edcil de consultar.<\/p>\n<p>A ideia \u00e9 garantir transpar\u00eancia e facilitar o planeamento financeiro, retirando um dos maiores obst\u00e1culos \u00e0 literacia sobre pens\u00f5es: a falta de informa\u00e7\u00e3o integrada.<\/p>\n<p><strong>Dashboards para monitorizar a sa\u00fade dos sistemas<\/strong><\/p>\n<p>Outra pe\u00e7a central do pacote \u00e9 a cria\u00e7\u00e3o de dashboards que permitam aos governos acompanhar, em tempo real, indicadores como cobertura, sustentabilidade e adequa\u00e7\u00e3o das pens\u00f5es. Segundo a mesma fonte, estes mecanismos tornariam poss\u00edvel identificar problemas antes de se tornarem estruturais.<\/p>\n<p>Especialistas citados pela Comiss\u00e3o Europeia t\u00eam alertado que esta avalia\u00e7\u00e3o cont\u00ednua foi \u201cnegligenciada durante d\u00e9cadas\u201d, dificultando reformas baseadas em dados robustos.<\/p>\n<p><strong>Inscri\u00e7\u00e3o autom\u00e1tica em planos complementares<\/strong><\/p>\n<p>A medida mais disruptiva, de acordo com a publica\u00e7\u00e3o oficial, \u00e9 a introdu\u00e7\u00e3o da inscri\u00e7\u00e3o autom\u00e1tica em planos de pens\u00f5es complementares. Tal como sucede no Reino Unido e na Nova Zel\u00e2ndia, e como acontecer\u00e1 em breve na Irlanda, a ades\u00e3o passa a ser a regra, n\u00e3o a exce\u00e7\u00e3o. O trabalhador poder\u00e1 sair, mas s\u00f3 se o fizer dentro de prazos definidos.<\/p>\n<p>Segundo a Comiss\u00e3o Europeia, este sistema aumenta de forma significativa a participa\u00e7\u00e3o, sobretudo entre quem tende a adiar decis\u00f5es de poupan\u00e7a. Para atenuar resist\u00eancias, Bruxelas recomenda que as contribui\u00e7\u00f5es comecem em valores baixos, aumentando de forma gradual.<\/p>\n<p><strong>Mais simplicidade, menos escolhas<\/strong><\/p>\n<p>Bruxelas acredita que o excesso de op\u00e7\u00f5es de investimento nos planos complementares tem tido o efeito inverso ao pretendido. Por isso, defende solu\u00e7\u00f5es padr\u00e3o com poucas alternativas adicionais. A ideia, explica a publica\u00e7\u00e3o, \u00e9 reduzir a complexidade e evitar que a indecis\u00e3o impe\u00e7a os trabalhadores de avan\u00e7ar.<\/p>\n<p><strong>Incentivos fiscais e poupan\u00e7as sem fronteiras<\/strong><\/p>\n<p>O pacote inclui tamb\u00e9m recomenda\u00e7\u00f5es para criar incentivos fiscais, tanto para trabalhadores como para empresas. Entre as propostas est\u00e3o dedu\u00e7\u00f5es no rendimento colet\u00e1vel e benef\u00edcios para empregadores que contribuam para planos complementares.<\/p>\n<p>Outro ponto sublinhado pela Comiss\u00e3o Europeia \u00e9 a necessidade de garantir que estes benef\u00edcios n\u00e3o se perdem quando o trabalhador muda de emprego ou de pa\u00eds: uma quest\u00e3o relevante para pa\u00edses como Portugal, onde a mobilidade laboral \u00e9 elevada.<\/p>\n<p><strong>Inclus\u00e3o de independentes e v\u00ednculos at\u00edpicos<\/strong><\/p>\n<p>Bruxelas defende igualmente que os crit\u00e9rios de elegibilidade devem abranger trabalhadores independentes e pessoas com v\u00ednculos at\u00edpicos. De acordo com a Comiss\u00e3o Europeia, este dever\u00e1 ser um mecanismo universal e flex\u00edvel, adaptado \u00e0s novas realidades do mercado laboral.<\/p>\n<p><strong>Parcerias sociais mant\u00eam-se centrais<\/strong><\/p>\n<p>A <a href=\"https:\/\/commission.europa.eu\/index_pt\" target=\"_blank\" rel=\"noreferrer noopener nofollow\">Comiss\u00e3o Europeia<\/a> sublinha que estas recomenda\u00e7\u00f5es n\u00e3o pretendem substituir sistemas j\u00e1 existentes, como os fundos de pens\u00f5es ocupacionais acordados entre parceiros sociais. O objetivo, segundo a publica\u00e7\u00e3o europeia, \u00e9 complementar, e n\u00e3o desvirtuar, os modelos nacionais.<\/p>\n<p><strong>Um caminho longo, mas decisivo<\/strong><\/p>\n<p>Com rastreamento integrado, dashboards e inscri\u00e7\u00e3o autom\u00e1tica, Bruxelas acredita estar a lan\u00e7ar as bases para uma reforma estrutural no modo como a Europa encara a poupan\u00e7a para a velhice. Por\u00e9m, lembra que estas recomenda\u00e7\u00f5es s\u00e3o apenas o in\u00edcio. Caber\u00e1 agora aos Estados-membros adaptar e negociar o modelo, num processo que ser\u00e1 \u201clongo e exigente\u201d, dadas as diferen\u00e7as econ\u00f3micas e demogr\u00e1ficas entre pa\u00edses.<\/p>\n<p id=\"h-\">No horizonte est\u00e1 uma Uni\u00e3o Europeia onde a poupan\u00e7a para a reforma deixa de ser uma decis\u00e3o opcional e passa a ser um percurso quase inevit\u00e1vel, e potencialmente mais robusto.<\/p>\n<p><strong>Leia tamb\u00e9m:\u00a0<a href=\"https:\/\/postal.pt\/nacional\/restaurantes-podem-deixar-de-servir-peixe-conhecido-em-portugal\/\" rel=\"nofollow noopener\" target=\"_blank\">Despe\u00e7a-se deste peixe: restaurantes em Portugal podem deixar de o servir at\u00e9 meados de 2026<\/a><\/strong><\/p>\n","protected":false},"excerpt":{"rendered":"A Uni\u00e3o Europeia est\u00e1 a preparar uma transforma\u00e7\u00e3o profunda na forma como os cidad\u00e3os constroem a sua reforma&hellip;\n","protected":false},"author":2,"featured_media":177176,"comment_status":"","ping_status":"","sticky":false,"template":"","format":"standard","meta":{"footnotes":""},"categories":[10],"tags":[27,28,15,16,14,25,26,21,22,12,13,19,20,32,23,24,33,17,18,29,30,31],"class_list":{"0":"post-177175","1":"post","2":"type-post","3":"status-publish","4":"format-standard","5":"has-post-thumbnail","7":"category-portugal","8":"tag-breaking-news","9":"tag-breakingnews","10":"tag-featured-news","11":"tag-featurednews","12":"tag-headlines","13":"tag-latest-news","14":"tag-latestnews","15":"tag-main-news","16":"tag-mainnews","17":"tag-news","18":"tag-noticias","19":"tag-noticias-principais","20":"tag-noticiasprincipais","21":"tag-portugal","22":"tag-principais-noticias","23":"tag-principaisnoticias","24":"tag-pt","25":"tag-top-stories","26":"tag-topstories","27":"tag-ultimas","28":"tag-ultimas-noticias","29":"tag-ultimasnoticias"},"share_on_mastodon":{"url":"https:\/\/pubeurope.com\/@pt\/115669327160312648","error":""},"_links":{"self":[{"href":"https:\/\/www.europesays.com\/pt\/wp-json\/wp\/v2\/posts\/177175","targetHints":{"allow":["GET"]}}],"collection":[{"href":"https:\/\/www.europesays.com\/pt\/wp-json\/wp\/v2\/posts"}],"about":[{"href":"https:\/\/www.europesays.com\/pt\/wp-json\/wp\/v2\/types\/post"}],"author":[{"embeddable":true,"href":"https:\/\/www.europesays.com\/pt\/wp-json\/wp\/v2\/users\/2"}],"replies":[{"embeddable":true,"href":"https:\/\/www.europesays.com\/pt\/wp-json\/wp\/v2\/comments?post=177175"}],"version-history":[{"count":0,"href":"https:\/\/www.europesays.com\/pt\/wp-json\/wp\/v2\/posts\/177175\/revisions"}],"wp:featuredmedia":[{"embeddable":true,"href":"https:\/\/www.europesays.com\/pt\/wp-json\/wp\/v2\/media\/177176"}],"wp:attachment":[{"href":"https:\/\/www.europesays.com\/pt\/wp-json\/wp\/v2\/media?parent=177175"}],"wp:term":[{"taxonomy":"category","embeddable":true,"href":"https:\/\/www.europesays.com\/pt\/wp-json\/wp\/v2\/categories?post=177175"},{"taxonomy":"post_tag","embeddable":true,"href":"https:\/\/www.europesays.com\/pt\/wp-json\/wp\/v2\/tags?post=177175"}],"curies":[{"name":"wp","href":"https:\/\/api.w.org\/{rel}","templated":true}]}}