{"id":177177,"date":"2025-12-05T22:30:16","date_gmt":"2025-12-05T22:30:16","guid":{"rendered":"https:\/\/www.europesays.com\/pt\/177177\/"},"modified":"2025-12-05T22:30:16","modified_gmt":"2025-12-05T22:30:16","slug":"de-benfica-a-sporting-passando-por-chevrolets-o-grupo-de-portugal-no-mundial","status":"publish","type":"post","link":"https:\/\/www.europesays.com\/pt\/177177\/","title":{"rendered":"De Benfica a Sporting, passando por Chevrolets: o grupo de Portugal no Mundial"},"content":{"rendered":"<p>Portugal j\u00e1 pode come\u00e7ar a planear alguns jogos do <a target=\"_blank\" class=\"editor-link autolink-enabled\" href=\"https:\/\/www.abola.pt\/futebol\/competicao\/mundial-30\" data-resource-id=\"30\" data-resource-type=\"competition\" data-sport=\"football\" rel=\"nofollow noopener\">Mundial<\/a> 2026, onde pode enfrentar dois estreantes na competi\u00e7\u00e3o, sendo muito prov\u00e1vel que ter\u00e1 pela frente um jogador do <a target=\"_blank\" class=\"editor-link autolink-enabled\" href=\"https:\/\/www.abola.pt\/futebol\/benfica-450\" data-resource-id=\"450\" data-resource-type=\"team\" data-sport=\"football\" rel=\"nofollow noopener\">Benfica<\/a> e outro do <a target=\"_blank\" class=\"editor-link autolink-enabled\" href=\"https:\/\/www.abola.pt\/futebol\/sporting-448\" data-resource-id=\"448\" data-resource-type=\"team\" data-sport=\"football\" rel=\"nofollow noopener\">Sporting<\/a>. A seguir, fique a conhecer os advers\u00e1rios (certos e poss\u00edveis) de Portugal no maior Campeonato do Mundo de sempre, sendo certo que ser\u00e3o os primeiros duelos em toda a hist\u00f3ria da Sele\u00e7\u00e3o Nacional com qualquer uma destas sele\u00e7\u00f5es.<\/p>\n<p>A Col\u00f4mbia est\u00e1 de regresso ao Mundial depois de ter falhado a qualifica\u00e7\u00e3o para o Qatar. Ser\u00e1 a s\u00e9tima ida do pa\u00eds ao torneio e, provavelmente, a despedida de uma das suas maiores figuras dos grandes palcos: James Rodr\u00edguez, que far\u00e1 35 anos no decorrer da prova, mas parece transcender-se quando representa a sele\u00e7\u00e3o.<\/p>\n<p><a target=\"_blank\" class=\"editor-link autolink-enabled\" href=\"https:\/\/www.abola.pt\/futebol\/jogador\/richard-rios-224774\" data-resource-id=\"224774\" data-resource-type=\"player\" data-sport=\"football\" rel=\"nofollow noopener\">Richard R\u00edos<\/a> foi indispens\u00e1vel para o selecionador N\u00e9stor Lorenzo nos \u00faltimos jogos da fase de qualifica\u00e7\u00e3o sul-americana. O jogador do <a target=\"_blank\" class=\"editor-link autolink-enabled\" href=\"https:\/\/www.abola.pt\/futebol\/benfica-450\" data-resource-id=\"450\" data-resource-type=\"team\" data-sport=\"football\" rel=\"nofollow noopener\">Benfica<\/a> foi titular na vit\u00f3ria (2-1) com a Argentina e no empate (1-1) com o Brasil, ajudando a Col\u00f4mbia a ficar no 3.\u00ba lugar, \u00e0 frente da canarinha e do Uruguai.<\/p>\n<p><a class=\"autolink-enabled\" data-resource-id=\"136456\" data-resource-type=\"player\" data-sport=\"football\" href=\"https:\/\/www.abola.pt\/futebol\/jogador\/luis-suarez-136456\" rel=\"nofollow noopener\" target=\"_blank\">Luis Su\u00e1rez<\/a>, avan\u00e7ado do <a class=\"autolink-enabled\" data-resource-id=\"448\" data-resource-type=\"team\" data-sport=\"football\" href=\"https:\/\/www.abola.pt\/futebol\/sporting-448\" rel=\"nofollow noopener\" target=\"_blank\">Sporting<\/a>, soma apenas oito internacionaliza\u00e7\u00f5es, em 2025 voltou a jogar pela sele\u00e7\u00e3o ap\u00f3s uma aus\u00eancia de tr\u00eas anos e assinou um p\u00f3quer frente \u00e0 Venezuela. Se continuar com a forma que tem apresentado pelos le\u00f5es, pode, tal como R\u00edos, ir ao primeiro Mundial da carreira.<\/p>\n<p><a class=\"autolink-enabled\" data-resource-id=\"182402\" data-resource-type=\"player\" data-sport=\"football\" href=\"https:\/\/www.abola.pt\/futebol\/jogador\/luis-diaz-182402\" rel=\"nofollow noopener\" target=\"_blank\">Luis D\u00edaz<\/a>, ex-<a class=\"autolink-enabled\" data-resource-id=\"451\" data-resource-type=\"team\" data-sport=\"football\" href=\"https:\/\/www.abola.pt\/futebol\/fc-porto-451\" rel=\"nofollow noopener\" target=\"_blank\">FC Porto<\/a>, ser\u00e1 a maior estrela desta sele\u00e7\u00e3o, a par de James. A fazer uma \u00e9poca bomb\u00e1stica pelo <a class=\"autolink-enabled\" data-resource-id=\"233\" data-resource-type=\"team\" data-sport=\"football\" href=\"https:\/\/www.abola.pt\/futebol\/bayern-233\" rel=\"nofollow noopener\" target=\"_blank\">Bayern<\/a> (13 golos e 6 assist\u00eancias em 20 jogos), ser\u00e1 uma das maiores armas apontadas \u00e0 baliza de Portugal. <\/p>\n<p>O <a class=\"autolink-enabled\" data-resource-id=\"1919\" data-resource-type=\"team\" data-sport=\"football\" href=\"https:\/\/www.abola.pt\/futebol\/uzbequistao-1919\" rel=\"nofollow noopener\" target=\"_blank\">Uzbequist\u00e3o<\/a> vai participar pela primeira vez no Mundial. <a class=\"autolink-enabled\" data-resource-id=\"258366\" data-resource-type=\"player\" data-sport=\"football\" href=\"https:\/\/www.abola.pt\/futebol\/jogador\/abdukodir-khusanov-258366\" rel=\"nofollow noopener\" target=\"_blank\">Abdukodir Khusanov<\/a> \u00e9 o jogador com maior visibilidade, j\u00e1 que aos 21 anos atua no <a class=\"autolink-enabled\" data-resource-id=\"104\" data-resource-type=\"team\" data-sport=\"football\" href=\"https:\/\/www.abola.pt\/futebol\/manchester-city-104\" rel=\"nofollow noopener\" target=\"_blank\">Manchester City<\/a>, mas costuma ser um dos defesas-centrais suplentes \u2013 tem somente sete jogos esta \u00e9poca. <a class=\"autolink-enabled\" data-resource-id=\"103701\" data-resource-type=\"player\" data-sport=\"football\" href=\"https:\/\/www.abola.pt\/futebol\/jogador\/eldor-shomurodov-103701\" rel=\"nofollow noopener\" target=\"_blank\">Eldor Shomurodov<\/a> \u00e9 outra das principais figuras. Avan\u00e7ado com passado no futebol italiano, nomeadamente na <a class=\"autolink-enabled\" data-resource-id=\"249\" data-resource-type=\"team\" data-sport=\"football\" href=\"https:\/\/www.abola.pt\/futebol\/roma-249\" rel=\"nofollow noopener\" target=\"_blank\">Roma<\/a>, joga agora no Basaksehir.<\/p>\n<p>A sele\u00e7\u00e3o tem-se destacado mais a n\u00edvel de forma\u00e7\u00e3o, tendo chegado, nos \u00faltimos 15 anos, a fases a eliminar do Mundial de sub-17 e de sub-20, para al\u00e9m de tamb\u00e9m ter estado nos Jogos Ol\u00edmpicos de Paris no ano passado.<\/p>\n<p>Dentro de campo, o 2.\u00ba lugar num grupo com Ir\u00e3o, Turquemenist\u00e3o e Hong Kong, no qual n\u00e3o perdeu nenhum jogo, carimbou o in\u00e9dito bilhete. E a festa foi de arromba, com o presidente do pa\u00eds, Shavkat Mirziyoyev, a oferecer um carro a cada jogador da Sele\u00e7\u00e3o. Isto num pa\u00eds onde carros Chevrolet s\u00e3o abundantes, j\u00e1 que est\u00e1 l\u00e1 sediada uma grande f\u00e1brica da marca.<\/p>\n<p>Rep\u00fablica Democr\u00e1tica do Congo, Jamaica ou Nova Caled\u00f3nia, daqui sair\u00e1 a \u00faltima sele\u00e7\u00e3o para o grupo de Portugal. Para se decidir quem vai ao Mundial, os pa\u00edses insulares v\u00e3o enfrentar-se e o vencedor desse jogo discute o lugar na prova com os africanos.<\/p>\n<p>A Rep\u00fablica Democr\u00e1tica do Congo ficou no 2.\u00ba lugar do grupo de qualifica\u00e7\u00e3o, atr\u00e1s do Senegal, e depois eliminou <a class=\"autolink-enabled\" data-resource-id=\"2262\" data-resource-type=\"team\" data-sport=\"football\" href=\"https:\/\/www.abola.pt\/futebol\/camaroes-2262\" rel=\"nofollow noopener\" target=\"_blank\">Camar\u00f5es<\/a> e <a class=\"autolink-enabled\" data-resource-id=\"1580\" data-resource-type=\"team\" data-sport=\"football\" href=\"https:\/\/www.abola.pt\/futebol\/nigeria-1580\" rel=\"nofollow noopener\" target=\"_blank\">Nig\u00e9ria<\/a> num play-off para estar a um passo do Mundial, com o ex-<a class=\"autolink-enabled\" data-resource-id=\"451\" data-resource-type=\"team\" data-sport=\"football\" href=\"https:\/\/www.abola.pt\/futebol\/fc-porto-451\" rel=\"nofollow noopener\" target=\"_blank\">FC Porto<\/a> <a class=\"autolink-enabled\" data-resource-id=\"1873\" data-resource-type=\"player\" data-sport=\"football\" href=\"https:\/\/www.abola.pt\/futebol\/jogador\/chancel-mbemba-1873\" rel=\"nofollow noopener\" target=\"_blank\">Chancel Mbemba<\/a> a ser her\u00f3i. Com a nomenclatura atual \u00a0o pa\u00eds nunca foi a um Mundial, mas como Zaire esteve na edi\u00e7\u00e3o da prova em 1974.<\/p>\n<p>A Jamaica falhou o apuramento direto devido ao conto de fadas de Cura\u00e7ao, ficando atr\u00e1s do pa\u00eds mais pequeno de sempre, em termos populacionais, a ir a um Mundial, na fase de qualifica\u00e7\u00e3o. Com Demarai Gray, Michail Antonio e Leon Bailey como principais figuras, a Jamaica s\u00f3 tem um Mundial no curr\u00edculo, em 1998.<\/p>\n<p>Com o lugar 149 no ranking FIFA, a Nova Caled\u00f3nia ganhou um grupo de qualifica\u00e7\u00e3o na zona da Oce\u00e2nia, \u00e0 frente de Fiji, Ilhas Salom\u00e3o e Papua-Nova Guin\u00e9. O territ\u00f3rio, que pertence a Fran\u00e7a, nunca esteve t\u00e3o pr\u00f3ximo de ir a um Campeonato do Mundo.<\/p>\n","protected":false},"excerpt":{"rendered":"Portugal j\u00e1 pode come\u00e7ar a planear alguns jogos do Mundial 2026, onde pode enfrentar dois estreantes na competi\u00e7\u00e3o,&hellip;\n","protected":false},"author":2,"featured_media":177178,"comment_status":"","ping_status":"","sticky":false,"template":"","format":"standard","meta":{"footnotes":""},"categories":[8],"tags":[27,28,15,16,14,25,26,21,22,12,13,19,20,32,23,24,33,17,18,29,30,31],"class_list":{"0":"post-177177","1":"post","2":"type-post","3":"status-publish","4":"format-standard","5":"has-post-thumbnail","7":"category-principais-noticias","8":"tag-breaking-news","9":"tag-breakingnews","10":"tag-featured-news","11":"tag-featurednews","12":"tag-headlines","13":"tag-latest-news","14":"tag-latestnews","15":"tag-main-news","16":"tag-mainnews","17":"tag-news","18":"tag-noticias","19":"tag-noticias-principais","20":"tag-noticiasprincipais","21":"tag-portugal","22":"tag-principais-noticias","23":"tag-principaisnoticias","24":"tag-pt","25":"tag-top-stories","26":"tag-topstories","27":"tag-ultimas","28":"tag-ultimas-noticias","29":"tag-ultimasnoticias"},"share_on_mastodon":{"url":"https:\/\/pubeurope.com\/@pt\/115669331284550267","error":""},"_links":{"self":[{"href":"https:\/\/www.europesays.com\/pt\/wp-json\/wp\/v2\/posts\/177177","targetHints":{"allow":["GET"]}}],"collection":[{"href":"https:\/\/www.europesays.com\/pt\/wp-json\/wp\/v2\/posts"}],"about":[{"href":"https:\/\/www.europesays.com\/pt\/wp-json\/wp\/v2\/types\/post"}],"author":[{"embeddable":true,"href":"https:\/\/www.europesays.com\/pt\/wp-json\/wp\/v2\/users\/2"}],"replies":[{"embeddable":true,"href":"https:\/\/www.europesays.com\/pt\/wp-json\/wp\/v2\/comments?post=177177"}],"version-history":[{"count":0,"href":"https:\/\/www.europesays.com\/pt\/wp-json\/wp\/v2\/posts\/177177\/revisions"}],"wp:featuredmedia":[{"embeddable":true,"href":"https:\/\/www.europesays.com\/pt\/wp-json\/wp\/v2\/media\/177178"}],"wp:attachment":[{"href":"https:\/\/www.europesays.com\/pt\/wp-json\/wp\/v2\/media?parent=177177"}],"wp:term":[{"taxonomy":"category","embeddable":true,"href":"https:\/\/www.europesays.com\/pt\/wp-json\/wp\/v2\/categories?post=177177"},{"taxonomy":"post_tag","embeddable":true,"href":"https:\/\/www.europesays.com\/pt\/wp-json\/wp\/v2\/tags?post=177177"}],"curies":[{"name":"wp","href":"https:\/\/api.w.org\/{rel}","templated":true}]}}