{"id":177189,"date":"2025-12-05T22:40:07","date_gmt":"2025-12-05T22:40:07","guid":{"rendered":"https:\/\/www.europesays.com\/pt\/177189\/"},"modified":"2025-12-05T22:40:07","modified_gmt":"2025-12-05T22:40:07","slug":"ordem-dos-farmaceuticos-pede-garantia-no-acesso-a-vacinas-observador","status":"publish","type":"post","link":"https:\/\/www.europesays.com\/pt\/177189\/","title":{"rendered":"Ordem dos Farmac\u00eauticos pede garantia no acesso a vacinas \u2013 Observador"},"content":{"rendered":"<p>A Ordem dos Farmac\u00eauticos pediu esta sexta-feira \u00e0 Dire\u00e7\u00e3o-Geral da Sa\u00fade e Infarmed que tomem medidas para garantir o acesso adequado \u00e0s vacinas da gripe a quem tem recomenda\u00e7\u00e3o para tal, mesmo sem pertencer aos grupos de risco.<\/p>\n<p>O apelo da Ordem dos Farmac\u00eauticos (OF) surge depois de a Associa\u00e7\u00e3o Nacional de Farm\u00e1cias ter admitido dificuldades na vacina\u00e7\u00e3o contra a gripe de pessoas que n\u00e3o integram os grupos eleg\u00edveis, tendo em conta a falta de vacinas no chamado contingente privado.<\/p>\n<p>Em comunicado, a OF refere que remeteu esta sexta-feira uma comunica\u00e7\u00e3o formal \u00e0 DGS e ao Infarmed a manifestar preocupa\u00e7\u00e3o com estas dificuldades com as vacinas do contingente privado, que podem afetar cidad\u00e3os com recomenda\u00e7\u00e3o de vacina\u00e7\u00e3o que n\u00e3o se enquadram nos crit\u00e9rios de gratuitidade previstos, mas queiram comprar a vacina na farm\u00e1cia, atrav\u00e9s de prescri\u00e7\u00e3o m\u00e9dica.<\/p>\n<p>\u201c<strong>Independentemente do contingente, deve ser assegurada a vacina\u00e7\u00e3o das pessoas para as quais existe recomenda\u00e7\u00e3o ou prescri\u00e7\u00e3o m\u00e9dica<\/strong>\u201c, sublinha a Ordem dos Farmac\u00eauticos, que manifesta \u201ctotal disponibilidade\u201d para colaborar com as autoridades.<\/p>\n<p>Justifica ainda a press\u00e3o no stock de vacinas do contingente privado dispon\u00edveis nas farm\u00e1cias comunit\u00e1rias com o aumento da procura associado \u00e0 descida das temperaturas e \u00e0s informa\u00e7\u00f5es divulgadas sobre uma nova variante do v\u00edrus da gripe.<\/p>\n<p>Segundo os \u00faltimos dados da Dire\u00e7\u00e3o-Geral da Sa\u00fade, que definiu o objetivo de vacinar 2,5 milh\u00f5es de pessoas contra a gripe, cerca de 2,3 milh\u00f5es de vacinas j\u00e1 foram administradas desde setembro, quando se iniciou a atual campanha sazonal de outono-inverno.<\/p>\n<p>A cobertura vacinal da popula\u00e7\u00e3o com mais de 60 anos est\u00e1 nos 60,7%, sendo mais elevada nos idosos com 85 ou mais anos (83,1%).<\/p>\n<p>Esta semana, a diretora-geral da Sa\u00fade, Rita S\u00e1 Machado, manifestou-se satisfeita com a resposta dos portugueses ao apelo das autoridades para a vacina\u00e7\u00e3o contra a gripe e com o aumento da ades\u00e3o nos profissionais de sa\u00fade.<\/p>\n<p>A campanha de vacina\u00e7\u00e3o Sazonal outono-inverno 2025-2026 decorre at\u00e9 30 de abril de 2026 em unidades de sa\u00fade do SNS e em 2.500 farm\u00e1cias comunit\u00e1rias.<\/p>\n","protected":false},"excerpt":{"rendered":"A Ordem dos Farmac\u00eauticos pediu esta sexta-feira \u00e0 Dire\u00e7\u00e3o-Geral da Sa\u00fade e Infarmed que tomem medidas para garantir&hellip;\n","protected":false},"author":2,"featured_media":177190,"comment_status":"","ping_status":"","sticky":false,"template":"","format":"standard","meta":{"footnotes":""},"categories":[86],"tags":[3708,116,7315,36662,57,32,33,2946,117,58,2782],"class_list":{"0":"post-177189","1":"post","2":"type-post","3":"status-publish","4":"format-standard","5":"has-post-thumbnail","7":"category-saude","8":"tag-dgs","9":"tag-health","10":"tag-infarmed","11":"tag-ordem-dos-farmacu00eauticos","12":"tag-pau00eds","13":"tag-portugal","14":"tag-pt","15":"tag-sau00fade","16":"tag-saude","17":"tag-sociedade","18":"tag-vacinas"},"share_on_mastodon":{"url":"https:\/\/pubeurope.com\/@pt\/115669370351176673","error":""},"_links":{"self":[{"href":"https:\/\/www.europesays.com\/pt\/wp-json\/wp\/v2\/posts\/177189","targetHints":{"allow":["GET"]}}],"collection":[{"href":"https:\/\/www.europesays.com\/pt\/wp-json\/wp\/v2\/posts"}],"about":[{"href":"https:\/\/www.europesays.com\/pt\/wp-json\/wp\/v2\/types\/post"}],"author":[{"embeddable":true,"href":"https:\/\/www.europesays.com\/pt\/wp-json\/wp\/v2\/users\/2"}],"replies":[{"embeddable":true,"href":"https:\/\/www.europesays.com\/pt\/wp-json\/wp\/v2\/comments?post=177189"}],"version-history":[{"count":0,"href":"https:\/\/www.europesays.com\/pt\/wp-json\/wp\/v2\/posts\/177189\/revisions"}],"wp:featuredmedia":[{"embeddable":true,"href":"https:\/\/www.europesays.com\/pt\/wp-json\/wp\/v2\/media\/177190"}],"wp:attachment":[{"href":"https:\/\/www.europesays.com\/pt\/wp-json\/wp\/v2\/media?parent=177189"}],"wp:term":[{"taxonomy":"category","embeddable":true,"href":"https:\/\/www.europesays.com\/pt\/wp-json\/wp\/v2\/categories?post=177189"},{"taxonomy":"post_tag","embeddable":true,"href":"https:\/\/www.europesays.com\/pt\/wp-json\/wp\/v2\/tags?post=177189"}],"curies":[{"name":"wp","href":"https:\/\/api.w.org\/{rel}","templated":true}]}}